{"id":298111,"date":"2025-08-05T13:05:10","date_gmt":"2025-08-05T13:05:10","guid":{"rendered":"https:\/\/www.europesays.com\/fr\/298111\/"},"modified":"2025-08-05T13:05:10","modified_gmt":"2025-08-05T13:05:10","slug":"au-musee-subaquatique-de-marseille-lart-en-profondeurs-liberation","status":"publish","type":"post","link":"https:\/\/www.europesays.com\/fr\/298111\/","title":{"rendered":"Au mus\u00e9e subaquatique de Marseille, l\u2019art en profondeurs \u2013 Lib\u00e9ration"},"content":{"rendered":"<p class=\"sc-ksZaOG ehjQrN text-element\">Acte I. Une mise en sc\u00e8ne presque th\u00e9\u00e2trale prend vie \u00e0 la <a href=\"https:\/\/www.liberation.fr\/france\/2016\/08\/16\/se-baigner-en-robe-c-est-pas-pratique-ce-burkini-est-une-liberation_1472853\/\" target=\"_blank\" rel=\"noopener\" title=\"https:\/\/www.liberation.fr\/france\/2016\/08\/16\/se-baigner-en-robe-c-est-pas-pratique-ce-burkini-est-une-liberation_1472853\/\">plage des Catalans<\/a> du VIIe arrondissement de Marseille. Les rabatteurs de boissons fra\u00eeches serpentent sur le sable chaud, les volleyeurs du dimanche s\u2019essaient au service smash\u00e9 et la horde de vacanciers sommeille dos tourn\u00e9 dans des effluves de mono\u00ef sous des parasols, des ombrelles ou des tentes.<\/p>\n<p class=\"sc-ksZaOG ehjQrN text-element\">A une centaine de m\u00e8tres de l\u00e0, au large de la plage, tangue une bou\u00e9e blanche, virevoltante au gr\u00e9 du mistral. En dessous : le mus\u00e9e subaquatique de Marseille (1), le premier d\u2019Europe en son genre. 11 sculptures, r\u00e9alis\u00e9es par 11 artistes diff\u00e9rents y sont immerg\u00e9es \u00e0 5 m\u00e8tres de profondeur.<\/p>\n<p class=\"sc-ksZaOG ehjQrN text-element\">Cr\u00e9\u00e9 en 2020 par l\u2019association des Amis du mus\u00e9e subaquatique de Marseille, <a href=\"https:\/\/www.liberation.fr\/france\/2019\/06\/06\/le-musee-subaquatique-a-vau-l-eau_1731609\/\" target=\"_blank\" rel=\"noopener\" title=\"https:\/\/www.liberation.fr\/france\/2019\/06\/06\/le-musee-subaquatique-a-vau-l-eau_1731609\/\">le projet a mis plus de temps que pr\u00e9vu \u00e0 voir la mer<\/a>. L\u2019inauguration avait \u00e9t\u00e9 retard\u00e9e par un avis d\u00e9favorable du tribunal administratif de Marseille prononc\u00e9 en avril 2019, compte tenu du risque de croisement avec des bateaux et de noyade. Apr\u00e8s quelques ajustem<\/p>\n","protected":false},"excerpt":{"rendered":"Acte I. Une mise en sc\u00e8ne presque th\u00e9\u00e2trale prend vie \u00e0 la plage des Catalans du VIIe arrondissement&hellip;\n","protected":false},"author":2,"featured_media":298112,"comment_status":"","ping_status":"","sticky":false,"template":"","format":"standard","meta":{"footnotes":""},"categories":[2814],"tags":[1111,11,5253,25289,1777,674,1011,27,884,12,882,25],"class_list":{"0":"post-298111","1":"post","2":"type-post","3":"status-publish","4":"format-standard","5":"has-post-thumbnail","7":"category-marseille","8":"tag-actu","9":"tag-actualites","10":"tag-biodiversite-cest-la-sante","11":"tag-eau-une-ressource-essentielle-et-menacee","12":"tag-eu","13":"tag-europe","14":"tag-fr","15":"tag-france","16":"tag-marseille","17":"tag-news","18":"tag-provence-alpes-cote-dazur","19":"tag-republique-francaise"},"share_on_mastodon":{"url":"https:\/\/pubeurope.com\/@fr\/114976307498713392","error":""},"_links":{"self":[{"href":"https:\/\/www.europesays.com\/fr\/wp-json\/wp\/v2\/posts\/298111","targetHints":{"allow":["GET"]}}],"collection":[{"href":"https:\/\/www.europesays.com\/fr\/wp-json\/wp\/v2\/posts"}],"about":[{"href":"https:\/\/www.europesays.com\/fr\/wp-json\/wp\/v2\/types\/post"}],"author":[{"embeddable":true,"href":"https:\/\/www.europesays.com\/fr\/wp-json\/wp\/v2\/users\/2"}],"replies":[{"embeddable":true,"href":"https:\/\/www.europesays.com\/fr\/wp-json\/wp\/v2\/comments?post=298111"}],"version-history":[{"count":0,"href":"https:\/\/www.europesays.com\/fr\/wp-json\/wp\/v2\/posts\/298111\/revisions"}],"wp:featuredmedia":[{"embeddable":true,"href":"https:\/\/www.europesays.com\/fr\/wp-json\/wp\/v2\/media\/298112"}],"wp:attachment":[{"href":"https:\/\/www.europesays.com\/fr\/wp-json\/wp\/v2\/media?parent=298111"}],"wp:term":[{"taxonomy":"category","embeddable":true,"href":"https:\/\/www.europesays.com\/fr\/wp-json\/wp\/v2\/categories?post=298111"},{"taxonomy":"post_tag","embeddable":true,"href":"https:\/\/www.europesays.com\/fr\/wp-json\/wp\/v2\/tags?post=298111"}],"curies":[{"name":"wp","href":"https:\/\/api.w.org\/{rel}","templated":true}]}}