{"id":298120,"date":"2025-08-05T13:10:10","date_gmt":"2025-08-05T13:10:10","guid":{"rendered":"https:\/\/www.europesays.com\/fr\/298120\/"},"modified":"2025-08-05T13:10:10","modified_gmt":"2025-08-05T13:10:10","slug":"incendie-mortel-dans-un-logement-durgence-une-enquete-ouverte","status":"publish","type":"post","link":"https:\/\/www.europesays.com\/fr\/298120\/","title":{"rendered":"incendie mortel dans un logement d&rsquo;urgence, une enqu\u00eate ouverte"},"content":{"rendered":"<p>            Par<br \/>\n        <strong><br \/>\n            <a href=\"https:\/\/actu.fr\/auteur\/sarah-coulet\" title=\"Consulter tous les articles de Sarah Coulet\" target=\"_blank\" rel=\"noopener\">Sarah Coulet<\/a><br \/>\n        <\/strong><\/p>\n<p>        Publi\u00e9 le<\/p>\n<p>            5 ao\u00fbt 2025 \u00e0 14h20        <\/p>\n<p>Un \u00ab\u2009petit feu\u2009\u00bb qui a pourtant fait une victime. Lundi 4\u00a0ao\u00fbt 2025, les <strong>sapeurs-pompiers de Paris<\/strong> sont intervenus dans le 17e arrondissement de la capitale en raison d\u2019un <a href=\"https:\/\/actu.fr\/tag\/incendie\" target=\"_blank\" rel=\"noopener\">incendie<\/a> au quatri\u00e8me et dernier \u00e9tage d\u2019un immeuble de la rue de L\u00e9vis, a appris <a href=\"https:\/\/actu.fr\/paris\/dernieres-actus\" target=\"_blank\" rel=\"noopener\">actu Paris<\/a> aupr\u00e8s de la <a href=\"https:\/\/actu.fr\/tag\/brigade-de-sapeurs-pompiers-de-paris\" target=\"_blank\" rel=\"noopener\">BSPP<\/a>, confirmant une information du <a href=\"https:\/\/www.leparisien.fr\/paris-75\/paris-une-personne-meurt-dans-un-incendie-dappartement-dans-le-xviie-arrondissement-05-08-2025-GWHUXYIPLJEVFKRPJSICUPJFEI.php\" target=\"_blank\" rel=\"noopener\">Parisien<\/a>.<\/p>\n<p>Un logement pour personnes pr\u00e9caires<\/p>\n<p class=\" wall-content\">Appel\u00e9s aux alentours de 14h20, ils sont rapidement intervenus sur place et ont pu proc\u00e9der \u00e0 l\u2019extinction de l\u2019incendie dont les flammes n\u2019ont pas d\u00e9truit d\u2019autres habitations. Le <strong>corps d\u2019un homme<\/strong> a \u00e9t\u00e9 d\u00e9couvert dans les d\u00e9combres.<\/p>\n<p class=\" wall-content\">L\u2019appartement qu\u2019il occupait \u00e9tait un \u00ab\u2009logement d\u2019urgence pour une association <strong>d\u2019aide aux personnes en situation de pr\u00e9carit\u00e9<\/strong>\u2009\u00bb, a fait savoir le <a href=\"https:\/\/actu.fr\/tag\/tribunal-de-paris\" target=\"_blank\" rel=\"noopener\">parquet de Paris<\/a> qui pr\u00e9cise qu\u2019une enqu\u00eate en recherches des causes de la mort a \u00e9t\u00e9 ouverte et confi\u00e9e au commissariat d\u2019arrondissement.<\/p>\n<p class=\" wall-content\">L\u2019incendie n\u2019\u00e9tant pas tr\u00e8s imposant, seuls trois engins et <strong>quatorze sapeurs-pompiers<\/strong> ont \u00e9t\u00e9 mobilis\u00e9s.<\/p>\n<p class=\" wall-content\">Suivez toute l\u2019actualit\u00e9 de vos villes et m\u00e9dias favoris en vous inscrivant \u00e0 <a href=\"https:\/\/moncompte.actu.fr\" title=\"D\u00e9couvez Mon Actu\" rel=\"nofollow noopener\" data-trk=\"{&quot;cta&quot;:{&quot;action&quot;:&quot;https:\\\/\\\/moncompte.actu.fr&quot;,&quot;category&quot;:&quot;mon compte&quot;,&quot;from&quot;:&quot;article footer&quot;,&quot;name&quot;:&quot;Mon actu&quot;,&quot;type&quot;:&quot;cta&quot;}}\" target=\"_blank\">Mon Actu<\/a>.<\/p>\n<ul class=\"ac-article-tag wall-content\">\n<li><a href=\"https:\/\/actu.fr\/tag\/brigade-de-sapeurs-pompiers-de-paris\" data-trk=\"{&quot;cta&quot;:{&quot;action&quot;:&quot;Brigade de sapeurs-pompiers de Paris&quot;,&quot;category&quot;:&quot;tag&quot;,&quot;from&quot;:&quot;article footer&quot;,&quot;name&quot;:&quot;Brigade de sapeurs-pompiers de Paris&quot;,&quot;type&quot;:&quot;cta&quot;}}\" target=\"_blank\" rel=\"noopener\">#Brigade de sapeurs-pompiers de Paris<\/a><\/li>\n<li><a href=\"https:\/\/actu.fr\/tag\/incendie\" data-trk=\"{&quot;cta&quot;:{&quot;action&quot;:&quot;Incendie&quot;,&quot;category&quot;:&quot;tag&quot;,&quot;from&quot;:&quot;article footer&quot;,&quot;name&quot;:&quot;Incendie&quot;,&quot;type&quot;:&quot;cta&quot;}}\" target=\"_blank\" rel=\"noopener\">#Incendie<\/a><\/li>\n<\/ul>\n","protected":false},"excerpt":{"rendered":"Par Sarah Coulet Publi\u00e9 le 5 ao\u00fbt 2025 \u00e0 14h20 Un \u00ab\u2009petit feu\u2009\u00bb qui a pourtant fait une&hellip;\n","protected":false},"author":2,"featured_media":298121,"comment_status":"","ping_status":"","sticky":false,"template":"","format":"standard","meta":{"footnotes":""},"categories":[1888],"tags":[1111,1928,11,1927,3056,1777,674,118,1011,27,1310,12,1926,626,1925,25],"class_list":{"0":"post-298120","1":"post","2":"type-post","3":"status-publish","4":"format-standard","5":"has-post-thumbnail","7":"category-paris","8":"tag-actu","9":"tag-actu-paris","10":"tag-actualites","11":"tag-actualites-paris","12":"tag-brigade-de-sapeurs-pompiers-de-paris","13":"tag-eu","14":"tag-europe","15":"tag-faits-divers","16":"tag-fr","17":"tag-france","18":"tag-incendie","19":"tag-news","20":"tag-news-paris","21":"tag-paris","22":"tag-paris-news","23":"tag-republique-francaise"},"share_on_mastodon":{"url":"https:\/\/pubeurope.com\/@fr\/114976327163262342","error":""},"_links":{"self":[{"href":"https:\/\/www.europesays.com\/fr\/wp-json\/wp\/v2\/posts\/298120","targetHints":{"allow":["GET"]}}],"collection":[{"href":"https:\/\/www.europesays.com\/fr\/wp-json\/wp\/v2\/posts"}],"about":[{"href":"https:\/\/www.europesays.com\/fr\/wp-json\/wp\/v2\/types\/post"}],"author":[{"embeddable":true,"href":"https:\/\/www.europesays.com\/fr\/wp-json\/wp\/v2\/users\/2"}],"replies":[{"embeddable":true,"href":"https:\/\/www.europesays.com\/fr\/wp-json\/wp\/v2\/comments?post=298120"}],"version-history":[{"count":0,"href":"https:\/\/www.europesays.com\/fr\/wp-json\/wp\/v2\/posts\/298120\/revisions"}],"wp:featuredmedia":[{"embeddable":true,"href":"https:\/\/www.europesays.com\/fr\/wp-json\/wp\/v2\/media\/298121"}],"wp:attachment":[{"href":"https:\/\/www.europesays.com\/fr\/wp-json\/wp\/v2\/media?parent=298120"}],"wp:term":[{"taxonomy":"category","embeddable":true,"href":"https:\/\/www.europesays.com\/fr\/wp-json\/wp\/v2\/categories?post=298120"},{"taxonomy":"post_tag","embeddable":true,"href":"https:\/\/www.europesays.com\/fr\/wp-json\/wp\/v2\/tags?post=298120"}],"curies":[{"name":"wp","href":"https:\/\/api.w.org\/{rel}","templated":true}]}}