{"id":298126,"date":"2025-08-05T13:13:11","date_gmt":"2025-08-05T13:13:11","guid":{"rendered":"https:\/\/www.europesays.com\/fr\/298126\/"},"modified":"2025-08-05T13:13:11","modified_gmt":"2025-08-05T13:13:11","slug":"mercato-psg-paris-ouvre-la-porte-au-depart-de-presnel-kimpembe","status":"publish","type":"post","link":"https:\/\/www.europesays.com\/fr\/298126\/","title":{"rendered":"Mercato PSG\u00a0: Paris ouvre la porte au d\u00e9part de Presnel Kimpembe"},"content":{"rendered":"<p class=\"paragraph text_align_left lp-f-body-02\">L\u2019avenir <a href=\"https:\/\/www.leparisien.fr\/sports\/football\/psg\/il-peut-meme-revenir-encore-plus-fort-quavant-reverra-t-on-le-vrai-presnel-kimpembe-03-12-2024-S3GRUGJHCRHHRLAJIROYRCB4UI.php\" target=\"_blank\" rel=\"nofollow noopener\">de Presnel Kimpembe<\/a> va-t-il se dessiner loin de Paris cette saison ? Apr\u00e8s avoir \u00e9t\u00e9 \u00e9cart\u00e9 des terrains pendant pratiquement deux ans en raison d\u2019une blessure au tendon d\u2019Achille, le d\u00e9fenseur international fran\u00e7ais (28 s\u00e9lections) a repris une place plus r\u00e9guli\u00e8re dans les groupes de Luis Enrique depuis son retour en f\u00e9vrier, sans pour autant r\u00e9colter le temps de jeu qui va avec. <\/p>\n<p class=\"paragraph text_align_left lp-f-body-02\">Arriv\u00e9 aux \u00c9tats-Unis avec l\u2019ambition de jouer au moins quelques minutes<a href=\"https:\/\/www.leparisien.fr\/sports\/football\/coupe-du-monde-des-clubs\/coupe-du-monde-des-clubs-avec-92-millions-deuros-de-gain-le-psg-na-pas-tout-perdu-14-07-2025-POLJYUCISNDPTGFOZEC5KAZ2JM.php\" target=\"_blank\" rel=\"nofollow noopener\"> \u00e0 la Coupe du monde des clubs<\/a>, le d\u00e9fenseur qui va f\u00eater son 30e anniversaire le 13 ao\u00fbt prochain, est finalement rest\u00e9 sur la touche pendant l\u2019int\u00e9gralit\u00e9 de la comp\u00e9tition.<\/p>\n<p class=\"paragraph text_align_left lp-f-body-02\">Priv\u00e9 de s\u00e9ances pendant quelques jours \u00e0 cause d\u2019un coup, il a surtout fait les frais d\u2019une concurrence extr\u00eamement solide<a href=\"https:\/\/www.leparisien.fr\/sports\/football\/ligue-1\/il-est-capable-de-se-relever-de-tout-sur-les-traces-de-willian-pacho-le-guerrier-au-grand-coeur-du-psg-24-04-2025-IB56HJAJCJEG5P4ZSUPWQW6V54.php\" target=\"_blank\" rel=\"nofollow noopener\"> depuis l\u2019arriv\u00e9e de Willian Pacho<\/a> et qui devrait encore s\u2019accro\u00eetre avec la possible signature de l\u2019Ukrainien Illya Zabarnyi pour lequel les discussions se poursuivent avec son club de Bournemouth.<\/p>\n<p>Paris lui cherche un projet<\/p>\n<p class=\"paragraph text_align_left lp-f-body-02\">La situation n\u2019est d\u00e9cid\u00e9ment pas simple pour le natif de Beaumont-sur-Oise (Val-d\u2019Oise) qui a donn\u00e9 son maximum pour retrouver la comp\u00e9tition mais qui se retrouve rattrap\u00e9 par un contexte qui n\u2019est sans doute plus en ad\u00e9quation avec ses capacit\u00e9s du moment. <\/p>\n<p class=\"paragraph text_align_left lp-f-body-02\">Alors que la prochaine saison d\u00e9marre bient\u00f4t, le num\u00e9ro 3 parisien ne rentre pas dans les plans de Luis Enrique. Il fait m\u00eame partie des joueurs pour lesquels le club a tr\u00e8s clairement ouvert la porte \u00e0 un d\u00e9part.<\/p>\n<p class=\"paragraph text_align_left lp-f-body-02\">Avec seulement 76 minutes sur le terrain la saison pass\u00e9e, pour un total de 5 matchs toutes comp\u00e9titions confondues, \u00ab Presko \u00bb pourrait l\u00e9gitimement ressentir l\u2019envie de jouer davantage. Ce que Paris ne peut lui garantir. Son amour pour le club n\u2019est plus \u00e0 prouver, il fait m\u00eame la fiert\u00e9 des fans qui ont accompagn\u00e9 ses malheurs avec beaucoup de compassion, mais il reste un joueur de foot qui n\u2019a pas pu exercer normalement son m\u00e9tier depuis sa grave blessure en f\u00e9vrier 2023.<\/p>\n<p class=\"paragraph text_align_left lp-f-body-02\">Les dirigeants parisiens souhaitent donc avancer avec l\u2019accord du joueur pour trouver une formule qui contenterait tout le monde. L\u2019objectif est assez clair : d\u00e9nicher un projet sportif dans lequel Kimpembe, sous contrat jusqu\u2019en 2026, serait en capacit\u00e9 de retrouver du rythme, de l\u2019intensit\u00e9 et des sensations dans un environnement \u00e9panouissant.<\/p>\n<p class=\"paragraph text_align_left lp-f-body-02\">Le d\u00e9fenseur, qui n\u2019aurait pas \u00e9mis l\u2019envie de partir, reste tr\u00e8s estim\u00e9 au PSG o\u00f9 on le consid\u00e8re comme le grand fr\u00e8re du vestiaire, \u00e0 la fois proche des jeunes et des salari\u00e9s qu\u2019il conna\u00eet pour beaucoup depuis de longues ann\u00e9es.<\/p>\n<p>Retour \u00e0 l\u2019entra\u00eenement ce mercredi<\/p>\n<p class=\"paragraph text_align_left lp-f-body-02\">\u00c0 un an de la fin de son bail dans son club formateur, o\u00f9 il \u00e9volue depuis 2005, la question de son futur se pose pourtant plus que jamais. Alors que Paris semble encore se projeter avec Lucas Beraldo et Lucas Hernandez comme doublures la saison prochaine, le statut d\u00e9j\u00e0 fragile de Presnel Kimpembe risque encore de s\u2019effriter.<\/p>\n<p class=\"paragraph text_align_left lp-f-body-02\">En interne, on aimerait faciliter le transfert d\u2019un joueur embl\u00e9matique qui a toujours tout donn\u00e9 pour ce maillot et qui vient de vivre son moment le plus mythique en gagnant la prestigieuse Ligue des champions. Un r\u00eave de gosse avant le grand d\u00e9part ? <\/p>\n<p class=\"paragraph text_align_left lp-f-body-02\">Si oui, reste \u00e0 savoir o\u00f9 et \u00e0 quel prix puisque le gaucher dispose d\u2019un important salaire. Ce n\u2019est encore qu\u2019une supposition, mais dans un pass\u00e9 r\u00e9cent le PSG n\u2019avait pas h\u00e9sit\u00e9 \u00e0 activer ses r\u00e9seaux au Qatar pour trouver une porte de sortie \u00e0 des \u00e9l\u00e9ments comme Draxler ou <a href=\"https:\/\/www.leparisien.fr\/sports\/football\/mercato-marco-verratti-reste-au-qatar-mais-quitte-al-arabi-pour-al-duhail-07-07-2025-PUK2TQCTK5F2VEVOX245VFPKPQ.php\" target=\"_blank\" rel=\"nofollow noopener\">Verratti<\/a>.<\/p>\n<p class=\"paragraph text_align_left lp-f-body-02\">En attendant, l\u2019enfant du club, que l\u2019on avait vu \u00e9mu aux larmes apr\u00e8s le sacre \u00e0 Munich, a rendez-vous ce mercredi comme le reste de l\u2019\u00e9quipe pour la reprise de l\u2019entra\u00eenement au Campus de Poissy. Il s\u2019est montr\u00e9 aff\u00fbt\u00e9 sur ses derni\u00e8res photos relay\u00e9es sur les r\u00e9seaux sociaux. <\/p>\n<p class=\"paragraph text_align_left lp-f-body-02\">Des r\u00e9unions devraient suivre rapidement pour clarifier son avenir. Qu\u2019il reste ou qu\u2019il quitte le PSG dans quelques jours, Kimpembe a d\u00e9j\u00e0 marqu\u00e9 l\u2019histoire du club en remportant 20 troph\u00e9es, dont 8 titres de champion de France et un titre de champion d\u2019Europe.<\/p>\n","protected":false},"excerpt":{"rendered":"L\u2019avenir de Presnel Kimpembe va-t-il se dessiner loin de Paris cette saison ? Apr\u00e8s avoir \u00e9t\u00e9 \u00e9cart\u00e9 des&hellip;\n","protected":false},"author":2,"featured_media":298127,"comment_status":"","ping_status":"","sticky":false,"template":"","format":"standard","meta":{"footnotes":""},"categories":[1888],"tags":[11,1777,674,63,1011,27,12,626,93,25,60],"class_list":{"0":"post-298126","1":"post","2":"type-post","3":"status-publish","4":"format-standard","5":"has-post-thumbnail","7":"category-paris","8":"tag-actualites","9":"tag-eu","10":"tag-europe","11":"tag-football","12":"tag-fr","13":"tag-france","14":"tag-news","15":"tag-paris","16":"tag-psg","17":"tag-republique-francaise","18":"tag-sports"},"share_on_mastodon":{"url":"https:\/\/pubeurope.com\/@fr\/114976339007346671","error":""},"_links":{"self":[{"href":"https:\/\/www.europesays.com\/fr\/wp-json\/wp\/v2\/posts\/298126","targetHints":{"allow":["GET"]}}],"collection":[{"href":"https:\/\/www.europesays.com\/fr\/wp-json\/wp\/v2\/posts"}],"about":[{"href":"https:\/\/www.europesays.com\/fr\/wp-json\/wp\/v2\/types\/post"}],"author":[{"embeddable":true,"href":"https:\/\/www.europesays.com\/fr\/wp-json\/wp\/v2\/users\/2"}],"replies":[{"embeddable":true,"href":"https:\/\/www.europesays.com\/fr\/wp-json\/wp\/v2\/comments?post=298126"}],"version-history":[{"count":0,"href":"https:\/\/www.europesays.com\/fr\/wp-json\/wp\/v2\/posts\/298126\/revisions"}],"wp:featuredmedia":[{"embeddable":true,"href":"https:\/\/www.europesays.com\/fr\/wp-json\/wp\/v2\/media\/298127"}],"wp:attachment":[{"href":"https:\/\/www.europesays.com\/fr\/wp-json\/wp\/v2\/media?parent=298126"}],"wp:term":[{"taxonomy":"category","embeddable":true,"href":"https:\/\/www.europesays.com\/fr\/wp-json\/wp\/v2\/categories?post=298126"},{"taxonomy":"post_tag","embeddable":true,"href":"https:\/\/www.europesays.com\/fr\/wp-json\/wp\/v2\/tags?post=298126"}],"curies":[{"name":"wp","href":"https:\/\/api.w.org\/{rel}","templated":true}]}}