{"id":298130,"date":"2025-08-05T13:15:13","date_gmt":"2025-08-05T13:15:13","guid":{"rendered":"https:\/\/www.europesays.com\/fr\/298130\/"},"modified":"2025-08-05T13:15:13","modified_gmt":"2025-08-05T13:15:13","slug":"les-cas-de-vih-en-forte-hausse-dans-larmee-russe-depuis-le-debut-de-la-guerre-en-ukraine","status":"publish","type":"post","link":"https:\/\/www.europesays.com\/fr\/298130\/","title":{"rendered":"Les cas de VIH en forte hausse dans l&rsquo;arm\u00e9e russe depuis le d\u00e9but de la guerre en Ukraine"},"content":{"rendered":"<ul class=\"jsx-862013697 ArticleChapo__List\">\n<li class=\"jsx-862013697 ArticleChapo__List_Item flex\">Selon un nouveau rapport de Carnegie Politika, le nombre de cas du VIH serait en hausse depuis le d\u00e9but de la guerre au sein de l&rsquo;arm\u00e9e russe.<\/li>\n<li class=\"jsx-862013697 ArticleChapo__List_Item flex\">En cause, des rapports sexuels non prot\u00e9g\u00e9s mais aussi la consommation de drogue.<\/li>\n<\/ul>\n<p><a href=\"https:\/\/www.tf1info.fr\/actualite\/invasion-de-l-ukraine-par-la-russie-une-guerre-qui-dure-12951\/\" rel=\"noopener\" class=\"jsx-484472199 Link jsx-1428418400 jsx-554215408\" target=\"_blank\"><\/p>\n<p style=\"font-weight:400\" class=\"jsx-1837267516\">Suivez la couverture compl\u00e8te<\/p>\n<p style=\"font-weight:800\" class=\"jsx-1837267516\">Ukraine : 4\u1d49 ann\u00e9e de guerre<\/p>\n<p><\/a><\/p>\n<p data-module=\"article-paragraph\" class=\"jsx-3046738180 Paragraph\">Un effet collat\u00e9ral de<a href=\"https:\/\/www.tf1info.fr\/actualite\/invasion-de-l-ukraine-par-la-russie-une-guerre-qui-dure-12951\/\" target=\"_blank\" rel=\"noopener\"> l&rsquo;invasion russe en Ukraine (nouvelle fen\u00eatre)<\/a>. Selon <a href=\"https:\/\/carnegieendowment.org\/russia-eurasia\/politika\/2025\/07\/russia-war-hiv-epidemic?lang=en\" target=\"_blank\" rel=\"nofollow noopener\">Carnegie Politika (nouvelle fen\u00eatre)<\/a>, un institut de recherches sur la Russie bas\u00e9 \u00e0 Berlin, le nombre de cas de VIH au sein de l&rsquo;arm\u00e9e de Moscou est en pleine recrudescence.\u00a0<\/p>\n<p data-module=\"article-paragraph\" class=\"jsx-3046738180 Paragraph Paragraph__End\">Les chiffres de cet institut &#8211; r\u00e9put\u00e9 pour son approche non partisane &#8211; sont \u00e9loquents : ils auraient \u00e9t\u00e9 multipli\u00e9s par 13 \u00e0 la fin de l\u2019ann\u00e9e 2022, puis par 20 \u00e0 la fin de 2023. Le Military Medical Journal, lui, souligne aupr\u00e8s du quotidien <a href=\"https:\/\/www.thetimes.com\/world\/russia-ukraine-war\/article\/russia-hiv-rates-rise-soldiers-ukraine-war-infections-r3p79s35l\" target=\"_blank\" rel=\"nofollow noopener\">The Times  (nouvelle fen\u00eatre)<\/a>une multiplication par cinq des cas entre le d\u00e9but de la guerre en f\u00e9vrier 2022 et l\u2019automne de la m\u00eame ann\u00e9e.<\/p>\n<p>La Russie, mauvais \u00e9l\u00e8ve de la lutte contre le VIH<\/p>\n<p data-module=\"article-paragraph\" class=\"jsx-3046738180 Paragraph\">Premi\u00e8re raison avanc\u00e9e par Carnegie Politika : des rapports sexuels non prot\u00e9g\u00e9s que peuvent avoir certains soldats. L&rsquo;usage de seringues est \u00e9galement mis en \u00e9vidence, qu&rsquo;il s&rsquo;agisse pour la consommation de drogue, mais aussi pour des transfusions sanguines, notamment la r\u00e9utilisation de ces ustensiles dans les h\u00f4pitaux de campagne aupr\u00e8s des soldats bless\u00e9s.<\/p>\n<p data-module=\"article-paragraph\" class=\"jsx-3046738180 Paragraph Paragraph__End\">Le probl\u00e8me de la Russie avec le VIH n&rsquo;a pas d\u00e9but\u00e9 avec la guerre en Ukraine. Comme le rappelle le Carnegie Politika, le pays figure parmi les cinq premiers pays au monde en termes de nouveaux cas de VIH depuis 2022. Il se trouve juste derri\u00e8re l\u2019Afrique du Sud, le Mozambique, le Nigeria et l\u2019Inde.\u00a0<\/p>\n<p><a href=\"https:\/\/www.tf1info.fr\/international\/sida-vers-un-retour-20-ans-en-arriere-a-cause-de-l-interruption-de-l-aide-internationale-americaine-2382138.html\" rel=\"noopener\" class=\"jsx-3308031228 Link flex\" target=\"_blank\"><img decoding=\"async\" src=\"https:\/\/www.europesays.com\/fr\/wp-content\/uploads\/2025\/08\/aide-americaine-pour-la-lutte-contre-le-sida-a-haiti-7cbc01-0@1x.jpeg\" alt=\"Clarens SIFFROY \/ AFP\" loading=\"lazy\" importance=\"low\" fetchpriority=\"low\" class=\"\" aria-hidden=\"true\"\/><\/p>\n<p class=\"jsx-3657663356 ReadMoreArticle__Title\">Lire aussi<\/p>\n<p class=\"jsx-3657663356\">Sida : vers un retour 20 ans en arri\u00e8re \u00e0 cause de l&rsquo;interruption de l&rsquo;aide internationale am\u00e9ricaine ?<\/p>\n<p><\/a><\/p>\n<p data-module=\"article-paragraph\" class=\"jsx-3046738180 Paragraph\">Le contexte politique, lui, n&rsquo;aide pas \u00e0 inverser la tendance. <a href=\"https:\/\/www.tf1info.fr\/actualite\/vladimir-poutine-10297\/\" target=\"_blank\" rel=\"noopener\">Le pr\u00e9sident Poutine <\/a>voit en effet son pays comme le porte-drapeau des valeurs \u00ab\u00a0traditionnelles\u00a0\u00bb, face \u00e0 ce qu&rsquo;il juge \u00eatre la \u00ab\u00a0d\u00e9cadence\u00a0\u00bb morale de l&rsquo;Occident du fait de sa tol\u00e9rance \u00e0 l&rsquo;\u00e9gard des LGBT+. Signe de la r\u00e9pression des minorit\u00e9s sexuelles en Russie, la Cour supr\u00eame du pays avait banni fin 2023 le \u00ab\u00a0mouvement international LGBT\u00a0\u00bb pour \u00ab\u00a0extr\u00e9misme\u00a0\u00bb, une formulation floue ouvrant la porte \u00e0 de lourdes peines de prison.\u00a0<\/p>\n<p data-module=\"article-paragraph\" class=\"jsx-3046738180 Paragraph Paragraph__End\">L&rsquo;organisation Elton John AIDS Foundation, qui lutte contre le sida dans le monde depuis plus de 30 ans, a ainsi \u00e9t\u00e9 classifi\u00e9e comme \u00ab\u00a0ind\u00e9sirable\u00a0\u00bb en Russie en avril dernier. La Russie a \u00e9galement adopt\u00e9 en 2023 une loi bannissant les transitions de genre et interdisant aux personnes transgenres d&rsquo;adopter des enfants.<\/p>\n<p>T.G.<\/p>\n","protected":false},"excerpt":{"rendered":"Selon un nouveau rapport de Carnegie Politika, le nombre de cas du VIH serait en hausse depuis le&hellip;\n","protected":false},"author":2,"featured_media":298131,"comment_status":"","ping_status":"","sticky":false,"template":"","format":"standard","meta":{"footnotes":""},"categories":[1590],"tags":[1111,11,1921,1777,674,1922,12,132,20167,220,1917,133,1920],"class_list":{"0":"post-298130","1":"post","2":"type-post","3":"status-publish","4":"format-standard","5":"has-post-thumbnail","7":"category-ukraine","8":"tag-actu","9":"tag-actualites","10":"tag-article-video","11":"tag-eu","12":"tag-europe","13":"tag-info","14":"tag-news","15":"tag-russie","16":"tag-sida","17":"tag-ukraine","18":"tag-ukraine-4-annee-de-guerre","19":"tag-video","20":"tag-video-international"},"share_on_mastodon":{"url":"https:\/\/pubeurope.com\/@fr\/114976346908241994","error":""},"_links":{"self":[{"href":"https:\/\/www.europesays.com\/fr\/wp-json\/wp\/v2\/posts\/298130","targetHints":{"allow":["GET"]}}],"collection":[{"href":"https:\/\/www.europesays.com\/fr\/wp-json\/wp\/v2\/posts"}],"about":[{"href":"https:\/\/www.europesays.com\/fr\/wp-json\/wp\/v2\/types\/post"}],"author":[{"embeddable":true,"href":"https:\/\/www.europesays.com\/fr\/wp-json\/wp\/v2\/users\/2"}],"replies":[{"embeddable":true,"href":"https:\/\/www.europesays.com\/fr\/wp-json\/wp\/v2\/comments?post=298130"}],"version-history":[{"count":0,"href":"https:\/\/www.europesays.com\/fr\/wp-json\/wp\/v2\/posts\/298130\/revisions"}],"wp:featuredmedia":[{"embeddable":true,"href":"https:\/\/www.europesays.com\/fr\/wp-json\/wp\/v2\/media\/298131"}],"wp:attachment":[{"href":"https:\/\/www.europesays.com\/fr\/wp-json\/wp\/v2\/media?parent=298130"}],"wp:term":[{"taxonomy":"category","embeddable":true,"href":"https:\/\/www.europesays.com\/fr\/wp-json\/wp\/v2\/categories?post=298130"},{"taxonomy":"post_tag","embeddable":true,"href":"https:\/\/www.europesays.com\/fr\/wp-json\/wp\/v2\/tags?post=298130"}],"curies":[{"name":"wp","href":"https:\/\/api.w.org\/{rel}","templated":true}]}}