{"id":298132,"date":"2025-08-05T13:16:12","date_gmt":"2025-08-05T13:16:12","guid":{"rendered":"https:\/\/www.europesays.com\/fr\/298132\/"},"modified":"2025-08-05T13:16:12","modified_gmt":"2025-08-05T13:16:12","slug":"lue-suspend-ses-mesures-de-riposte-apres-laccord-commercial-avec-les-etats-unis","status":"publish","type":"post","link":"https:\/\/www.europesays.com\/fr\/298132\/","title":{"rendered":"l\u2019UE suspend ses mesures de riposte apr\u00e8s l\u2019accord commercial avec les Etats-Unis"},"content":{"rendered":"<p>                          <img loading=\"lazy\" decoding=\"async\" src=\"https:\/\/www.europesays.com\/fr\/wp-content\/uploads\/2025\/08\/bdc5ca3_ftp-import-images-1-2towlvodtur2-2025-07-27t172342z-206999910-rc24vfa2ph99-rtrmadp-3-usa-tru.jpeg\" alt=\"La pr\u00e9sidente de la Commission europ\u00e9enne, Ursula von der Leyen, et le pr\u00e9sident des Etats-Unis, Donald Trump, \u00e0 Turnberry (Ecosse), le 27\u00a0juillet 2025.\"   width=\"664\" height=\"443\"\/>    La pr\u00e9sidente de la Commission europ\u00e9enne, Ursula von der Leyen, et le pr\u00e9sident des Etats-Unis, Donald Trump, \u00e0 Turnberry (Ecosse), le 27\u00a0juillet 2025.  EVELYN HOCKSTEIN\/REUTERS                   <\/p>\n<p class=\"article__paragraph  \">Bruxelles a annonc\u00e9, mardi 5\u00a0ao\u00fbt, suspendre ses repr\u00e9sailles aux droits de douane de Donald Trump, en raison de <a href=\"https:\/\/www.lemonde.fr\/international\/article\/2025\/07\/27\/a-l-occasion-de-sa-visite-en-ecosse-donald-trump-affirme-que-l-ue-ne-beneficiera-pas-de-droits-de-douane-inferieurs-a-15_6624656_3211.html\" rel=\"nofollow noopener\" target=\"_blank\">l\u2019accord commercial nou\u00e9 entre les Etats-Unis et l\u2019Union europ\u00e9enne (UE)<\/a>. Au cours des derniers mois, la Commission avait pr\u00e9par\u00e9 une liste de produits am\u00e9ricains qui seraient tax\u00e9s si les Etats-Unis et l\u2019UE ne parvenaient pas \u00e0 un accord. Cette liste comprenait 93\u00a0milliards d\u2019euros de marchandises\u00a0: soja, avions, voitures,\u00a0etc.<\/p>\n<p>                                     Lire aussi |  Article r\u00e9serv\u00e9 \u00e0 nos abonn\u00e9s  <a href=\"https:\/\/www.lemonde.fr\/economie\/article\/2025\/07\/28\/droits-de-douane-l-union-europeenne-offre-une-victoire-politique-a-trump-pour-eviter-le-chaos-commercial_6624701_3234.html\" class=\"js-article-read-also catcher--favoris__link\" data-premium=\"1\" id=\"article-title-3432954\" rel=\"nofollow noopener\" target=\"_blank\">Droits de douane\u00a0: l\u2019UE offre une victoire politique \u00e0 Donald Trump pour \u00e9viter le chaos commercial<\/a>    <\/p>\n<p>   Lire plus tard  <\/p>\n<p class=\"article__paragraph  \">\u00ab\u00a0La Commission a adopt\u00e9 [mardi] la proc\u00e9dure juridique n\u00e9cessaire pour suspendre la mise en \u0153uvre de nos contremesures europ\u00e9ennes\u00a0\u00bb, a d\u00e9clar\u00e9 un porte-parole de l\u2019ex\u00e9cutif europ\u00e9en, Olof Gill. L\u2019UE n\u2019a toutefois pas exclu de r\u00e9activer ces mesures de riposte si le bras de fer commercial avec l\u2019administration Trump venait \u00e0 conna\u00eetre de nouveaux rebondissements. \u00ab\u00a0Nous remettons [ces mesures] au cong\u00e9lateur mais nous pouvons toujours les ressortir\u00a0\u00bb, a expliqu\u00e9 un responsable europ\u00e9en sous le couvert de l\u2019anonymat.<\/p>\n<p class=\"article__paragraph  \">Apr\u00e8s des mois de n\u00e9gociations tr\u00e8s \u00e2pres, Bruxelles et Washington ont scell\u00e9, le 27\u00a0juillet, \u00e0 Turnberry, en Ecosse, un accord commercial bas\u00e9 sur des droits de douane de 15\u00a0% sur les produits europ\u00e9ens qui arrivent aux Etats-Unis. Le pr\u00e9sident r\u00e9publicain, lanc\u00e9 dans une vaste offensive protectionniste, s\u2019\u00e9tait donn\u00e9 jusqu\u2019au 1\u1d49\u02b3\u00a0ao\u00fbt avant d\u2019assommer les produits europ\u00e9ens entrant aux Etats-Unis de droits de douane.<\/p>\n<p class=\"article__paragraph  \">Les deux puissances \u00e9conomiques ont d\u00e9cid\u00e9 de lever r\u00e9ciproquement leurs droits de douane \u00ab\u00a0sur un certain nombre de produits strat\u00e9giques\u00a0\u00bb, dont les \u00e9quipements a\u00e9ronautiques, \u00ab\u00a0certains produits chimiques, des \u00e9quipements pour semi-conducteurs, certains produits agricoles et des mati\u00e8res premi\u00e8res critiques\u00a0\u00bb, avait pr\u00e9cis\u00e9 la pr\u00e9sidente de la Commission, Ursula von der Leyen, devant la presse en Ecosse.<\/p>\n<p class=\"article__paragraph  \">Les d\u00e9tails de l\u2019accord doivent encore \u00eatre r\u00e9gl\u00e9s \u00ab\u00a0dans les prochaines semaines\u00a0\u00bb, selon la dirigeante europ\u00e9enne. \u00ab\u00a015\u00a0%, ce n\u2019est pas n\u00e9gligeable, mais c\u2019est le mieux qu\u2019on pouvait obtenir\u00a0\u00bb, avait plaid\u00e9 Ursula von der Leyen.<\/p>\n<p>                                Lire aussi |  Article r\u00e9serv\u00e9 \u00e0 nos abonn\u00e9s  <a href=\"https:\/\/www.lemonde.fr\/economie\/article\/2025\/07\/29\/droit-de-douane-les-zones-d-ombre-laissees-par-l-accord-entre-ursula-von-der-leyen-et-donald-trump_6624979_3234.html\" class=\"js-article-read-also catcher--favoris__link\" data-premium=\"1\" id=\"article-title-3433058\" rel=\"nofollow noopener\" target=\"_blank\">Droits de douane\u00a0: apr\u00e8s l\u2019accord commercial entre l\u2019UE et les Etats-Unis, ce qu\u2019il reste \u00e0 n\u00e9gocier et arbitrer<\/a>    <\/p>\n<p>   Lire plus tard  <\/p>\n<p class=\"author__detail\">  Le Monde avec AFP  <\/p>\n<p>                  <a href=\"https:\/\/www.lemonde.fr\/syndication\/\" class=\"reuse__content\" title=\"R\u00e9utiliser ce contenu\" target=\"_blank\" rel=\"nofollow noopener\">R\u00e9utiliser ce contenu<\/a>      <\/p>\n","protected":false},"excerpt":{"rendered":"La pr\u00e9sidente de la Commission europ\u00e9enne, Ursula von der Leyen, et le pr\u00e9sident des Etats-Unis, Donald Trump, \u00e0&hellip;\n","protected":false},"author":2,"featured_media":298133,"comment_status":"","ping_status":"","sticky":false,"template":"","format":"standard","meta":{"footnotes":""},"categories":[1589],"tags":[11,73,1866,12,1864,1865,1863,308],"class_list":{"0":"post-298132","1":"post","2":"type-post","3":"status-publish","4":"format-standard","5":"has-post-thumbnail","7":"category-etats-unis","8":"tag-actualites","9":"tag-etats-unis","10":"tag-etats-unis-damerique","11":"tag-news","12":"tag-united-states","13":"tag-united-states-of-america","14":"tag-us","15":"tag-usa"},"share_on_mastodon":{"url":"https:\/\/pubeurope.com\/@fr\/114976350976092083","error":""},"_links":{"self":[{"href":"https:\/\/www.europesays.com\/fr\/wp-json\/wp\/v2\/posts\/298132","targetHints":{"allow":["GET"]}}],"collection":[{"href":"https:\/\/www.europesays.com\/fr\/wp-json\/wp\/v2\/posts"}],"about":[{"href":"https:\/\/www.europesays.com\/fr\/wp-json\/wp\/v2\/types\/post"}],"author":[{"embeddable":true,"href":"https:\/\/www.europesays.com\/fr\/wp-json\/wp\/v2\/users\/2"}],"replies":[{"embeddable":true,"href":"https:\/\/www.europesays.com\/fr\/wp-json\/wp\/v2\/comments?post=298132"}],"version-history":[{"count":0,"href":"https:\/\/www.europesays.com\/fr\/wp-json\/wp\/v2\/posts\/298132\/revisions"}],"wp:featuredmedia":[{"embeddable":true,"href":"https:\/\/www.europesays.com\/fr\/wp-json\/wp\/v2\/media\/298133"}],"wp:attachment":[{"href":"https:\/\/www.europesays.com\/fr\/wp-json\/wp\/v2\/media?parent=298132"}],"wp:term":[{"taxonomy":"category","embeddable":true,"href":"https:\/\/www.europesays.com\/fr\/wp-json\/wp\/v2\/categories?post=298132"},{"taxonomy":"post_tag","embeddable":true,"href":"https:\/\/www.europesays.com\/fr\/wp-json\/wp\/v2\/tags?post=298132"}],"curies":[{"name":"wp","href":"https:\/\/api.w.org\/{rel}","templated":true}]}}