{"id":298134,"date":"2025-08-05T13:17:11","date_gmt":"2025-08-05T13:17:11","guid":{"rendered":"https:\/\/www.europesays.com\/fr\/298134\/"},"modified":"2025-08-05T13:17:11","modified_gmt":"2025-08-05T13:17:11","slug":"laccord-pilote-entre-le-royaume-uni-et-la-france-prendra-effet-mercredi-annonce-le-ministere-de-linterieur-francais","status":"publish","type":"post","link":"https:\/\/www.europesays.com\/fr\/298134\/","title":{"rendered":"l\u2019accord pilote entre le Royaume-Uni et la France prendra effet mercredi, annonce le minist\u00e8re de l\u2019int\u00e9rieur fran\u00e7ais"},"content":{"rendered":"<p>                          <img loading=\"lazy\" decoding=\"async\" src=\"https:\/\/www.europesays.com\/fr\/wp-content\/uploads\/2025\/08\/0dd01c3_ftp-import-images-1-bhn8x9edmnwt-2025-08-05t081908z-87434142-rc2e99a7iqzq-rtrmadp-3-migratio.jpeg\" alt=\"Un \u00ab\u00a0small boat\u00a0\u00bb transportant des migrants vers le Royaume-Uni \u00e0 travers la Manche, an ao\u00fbt 2024.\"   width=\"664\" height=\"443\"\/>    Un \u00ab\u00a0small boat\u00a0\u00bb transportant des migrants vers le Royaume-Uni \u00e0 travers la Manche, an ao\u00fbt 2024.  CHRIS J RATCLIFFE\/REUTERS                   <\/p>\n<p class=\"article__paragraph  \">Le cabinet du ministre de l\u2019int\u00e9rieur, Bruno Retailleau, a fait savoir, mardi 5\u00a0ao\u00fbt, que <a href=\"https:\/\/www.lemonde.fr\/international\/article\/2025\/07\/10\/le-premier-ministre-britannique-keir-starmer-annonce-un-accord-avec-paris-pour-renvoyer-en-france-des-migrants-qui-traversent-la-manche_6620526_3210.html\" rel=\"nofollow noopener\" target=\"_blank\">l\u2019accord conclu avec Londres<\/a> pr\u00e9voyant le retour en France de migrants arriv\u00e9s au Royaume-Uni \u00e0 bord de petites embarcations, en \u00e9change de l\u2019envoi outre-Manche de migrants se trouvant en France, avait bien \u00e9t\u00e9 \u00ab\u00a0sign\u00e9\u00a0\u00bb mais \u00ab\u00a0entrer[a] en vigueur demain\u00a0\u00bb, mercredi.<\/p>\n<p class=\"article__paragraph  \">Le cabinet de M. Retailleau a ainsi corrig\u00e9 une d\u00e9claration du premier ministre britannique, Keir Starmer, qui avait d\u00e9clar\u00e9\u00a0: \u00ab\u00a0Aujourd\u2019hui nous envoyons un message clair\u00a0: si vous venez ici ill\u00e9galement sur un petit bateau, vous risquez d\u2019\u00eatre renvoy\u00e9 en France.\u00a0\u00bb Le chef du gouvernement britannique s\u2019\u00e9tait entendu sur ce projet pilote avec Emmanuel Macron, lors de sa visite d\u2019Etat au Royaume-Uni, au d\u00e9but du mois de juillet.<\/p>\n<p class=\"article__paragraph  \">L\u2019accord, valable jusqu\u2019en juin\u00a02026 et dont les d\u00e9tails de mise en \u0153uvre n\u2019ont pas \u00e9t\u00e9 pr\u00e9cis\u00e9s \u2013 notamment le nombre de migrants concern\u00e9s \u2013, vise \u00e0 dissuader les personnes souhaitant traverser la Manche sur des embarcations pr\u00e9caires, passages organis\u00e9s par des r\u00e9seaux de passeurs. Depuis le d\u00e9but de l\u2019ann\u00e9e, 18 personnes sont <a href=\"https:\/\/www.lemonde.fr\/international\/article\/2025\/07\/31\/dans-la-manche-94-migrants-secourus-en-moins-de-vingt-quatre-heures_6625725_3210.html\" rel=\"nofollow noopener\" target=\"_blank\">mortes en tentant de rallier l\u2019Angleterre clandestinement<\/a> sur ces small boats, selon des donn\u00e9es du minist\u00e8re de l\u2019int\u00e9rieur fran\u00e7ais.<\/p>\n<p>                                Lire aussi |  Article r\u00e9serv\u00e9 \u00e0 nos abonn\u00e9s  <a href=\"https:\/\/www.lemonde.fr\/international\/article\/2025\/07\/11\/migration-la-france-accepte-un-accord-de-retour-avec-le-royaume-uni_6620583_3210.html\" class=\"js-article-read-also catcher--favoris__link\" data-premium=\"1\" id=\"article-title-3431068\" rel=\"nofollow noopener\" target=\"_blank\">Migration\u00a0: la France accepte un accord de retour avec le Royaume-Uni<\/a>    <\/p>\n<p>   Lire plus tard  <\/p>\n<p>                   \u00ab\u00a0Nous voulons pouvoir l\u2019\u00e9tendre\u00a0\u00bb             <\/p>\n<p class=\"article__paragraph  \">Les deux gouvernements ont sign\u00e9 le \u00ab\u00a0texte final la semaine derni\u00e8re\u00a0\u00bb et la Commission europ\u00e9enne a \u00ab\u00a0donn\u00e9 son feu vert \u00e0 cette approche innovante pour d\u00e9courager l\u2019immigration ill\u00e9gale\u00a0\u00bb, a pr\u00e9cis\u00e9 lundi soir le Home Office dans un communiqu\u00e9. La mise en \u0153uvre effective de l\u2019accord pourrait prendre quelques jours, avec des premi\u00e8res d\u00e9tentions de migrants ayant vocation \u00e0 \u00eatre renvoy\u00e9s d\u2019ici \u00e0 la fin de la semaine, selon le Home Office.<\/p>\n<p class=\"article__paragraph  \">\u00ab\u00a0Bien s\u00fbr, il commencera avec un nombre r\u00e9duit [de migrants] et augmentera ensuite, mais nous voulons pouvoir l\u2019\u00e9tendre\u00a0\u00bb, a d\u00e9clar\u00e9 mardi la ministre de l\u2019int\u00e9rieur britannique, Yvette Cooper, sur la radio de la BBC. Elle n\u2019a pas confirm\u00e9 le chiffre de 50\u00a0personnes par semaine \u00e9voqu\u00e9 dans la presse.<\/p>\n<p>                                Lire aussi |  Article r\u00e9serv\u00e9 \u00e0 nos abonn\u00e9s  <a href=\"https:\/\/www.lemonde.fr\/societe\/article\/2025\/07\/09\/naufrage-de-migrants-en-2021-l-enquete-met-au-jour-une-organisation-tayloriste-du-reseau-de-passeurs_6620129_3224.html\" class=\"js-article-read-also catcher--favoris__link\" data-premium=\"1\" id=\"article-title-3430589\" rel=\"nofollow noopener\" target=\"_blank\">Naufrage de migrants dans la Manche en 2021\u00a0: l\u2019enqu\u00eate r\u00e9v\u00e8le une organisation tayloriste du r\u00e9seau de passeurs<\/a>    <\/p>\n<p>   Lire plus tard  <\/p>\n<p class=\"article__paragraph  \">Concr\u00e8tement, les migrants repris par la France seront uniquement ceux arriv\u00e9s au Royaume-Uni par small boat et dont la demande d\u2019asile est jug\u00e9e inadmissible. Dans l\u2019autre sens, Londres acceptera des personnes se trouvant en France et ayant fait une demande sur une plate-forme en ligne, en donnant la priorit\u00e9 \u00e0 celles ayant des liens avec le Royaume-Uni. Les deux gouvernements ont insist\u00e9 sur le fait que les nouveaux arrivants seront soumis de part et d\u2019autre de la Manche \u00e0 un examen s\u00e9curitaire complet.<\/p>\n<p>             \u00ab\u00a0Casser les fili\u00e8res\u00a0\u00bb             <\/p>\n<p class=\"article__paragraph  \">Yvette Cooper a pr\u00e9cis\u00e9 que l\u2019accord ferait l\u2019objet d\u2019une \u00e9valuation mensuelle et que des \u00ab\u00a0ajustements\u00a0\u00bb sont \u00e0 pr\u00e9voir. Bruno Retailleau a pour sa part lou\u00e9 sur X un \u00ab\u00a0dispositif exp\u00e9rimental, dont l\u2019objectif est clair\u00a0: casser les fili\u00e8res\u00a0\u00bb. De son c\u00f4t\u00e9, le commissaire europ\u00e9en charg\u00e9 des questions migratoires, Magnus Brunner, a salu\u00e9 sur X l\u2019accord, d\u00e9clarant que \u00ab\u00a0le nombre croissant de migrants qui ont travers\u00e9 la Manche clandestinement est pr\u00e9occupant\u00a0\u00bb.<\/p>\n<p> Le Monde M\u00e9morable  <\/p>\n<p> <a href=\"https:\/\/www.lemonde.fr\/memorable\/?rfextension=inread\" class=\"inread__link js-services-inread-link\" target=\"_blank\" rel=\"nofollow noopener\">  <\/p>\n<p>Testez votre culture g\u00e9n\u00e9rale avec la r\u00e9daction du \u00ab Monde \u00bb<\/p>\n<p>Testez votre culture g\u00e9n\u00e9rale avec la r\u00e9daction du \u00ab Monde \u00bb<\/p>\n<p>D\u00e9couvrir<\/p>\n<p> <\/a>         <\/p>\n<p class=\"article__paragraph  \">Cinq pays du sud de l\u2019Europe, dont la Gr\u00e8ce, l\u2019Italie et l\u2019Espagne, avaient exprim\u00e9 en juin leur \u00ab\u00a0pr\u00e9occupation\u00a0\u00bb, disant craindre que la France ne renvoie ensuite les migrants vers le premier pays de l\u2019UE dans lequel ils sont arriv\u00e9s. Avec un nombre record de plus de 25\u00a0400 personnes arriv\u00e9es au Royaume-Uni sur des petits bateaux depuis le d\u00e9but de l\u2019ann\u00e9e, soit une hausse de 49\u00a0% sur un an, le gouvernement travailliste de Keir Starmer est sous pression pour tenter d\u2019endiguer ce ph\u00e9nom\u00e8ne.<\/p>\n<p>                                Relire le tchat |  <a href=\"https:\/\/www.lemonde.fr\/international\/live\/2025\/07\/08\/en-direct-l-immigration-sujet-epineux-au-menu-du-sommet-franco-britannique-posez-vos-questions-a-notre-journaliste_6619876_3210.html\" class=\"js-article-read-also catcher--favoris__link\" data-premium=\"\" id=\"article-title-3430507\" rel=\"nofollow noopener\" target=\"_blank\">L\u2019immigration au menu du sommet franco-britannique entre Emmanuel Macron et Keir Starmer\u00a0: \u00ab\u00a0Un \u00e9ventuel nouvel accord entre la France et l\u2019Angleterre pourrait faire partie des annonces\u00a0\u00bb<\/a>    <\/p>\n<p>   Lire plus tard  <\/p>\n<p class=\"article__paragraph  \">Ce projet a suscit\u00e9 de vives critiques dans le nord de la France, o\u00f9 certains \u00e9lus estiment que le dispositif est trop favorable aux Britanniques, tandis que des associations d\u2019aide aux migrants jugent qu\u2019il va \u00e0 l\u2019encontre des textes internationaux sur la protection des r\u00e9fugi\u00e9s. Il s\u2019inscrit dans les efforts des autorit\u00e9s britanniques pour acc\u00e9l\u00e9rer les expulsions de d\u00e9bout\u00e9s du droit d\u2019asile, au moment o\u00f9 le parti d\u2019extr\u00eame droite Reform UK, de Nigel Farage, monte en puissance dans les sondages, et o\u00f9 des manifestations contre l\u2019accueil de demandeurs d\u2019asile ont r\u00e9guli\u00e8rement lieu dans le pays.<\/p>\n<p class=\"author__detail\">  Le Monde avec AFP  <\/p>\n<p>                  <a href=\"https:\/\/www.lemonde.fr\/syndication\/\" class=\"reuse__content\" title=\"R\u00e9utiliser ce contenu\" target=\"_blank\" rel=\"nofollow noopener\">R\u00e9utiliser ce contenu<\/a>      <\/p>\n","protected":false},"excerpt":{"rendered":"Un \u00ab\u00a0small boat\u00a0\u00bb transportant des migrants vers le Royaume-Uni \u00e0 travers la Manche, an ao\u00fbt 2024. CHRIS J&hellip;\n","protected":false},"author":2,"featured_media":298135,"comment_status":"","ping_status":"","sticky":false,"template":"","format":"standard","meta":{"footnotes":""},"categories":[1588],"tags":[11,1777,674,12,473,1853,1851,1850,1852],"class_list":{"0":"post-298134","1":"post","2":"type-post","3":"status-publish","4":"format-standard","5":"has-post-thumbnail","7":"category-royaume-uni","8":"tag-actualites","9":"tag-eu","10":"tag-europe","11":"tag-news","12":"tag-royaume-uni","13":"tag-royaume-uni-de-grande-bretagne-et-dirlande-du-nord","14":"tag-uk","15":"tag-united-kingdom","16":"tag-united-kingdom-of-great-britain-and-northern-ireland"},"share_on_mastodon":{"url":"https:\/\/pubeurope.com\/@fr\/114976354814662565","error":""},"_links":{"self":[{"href":"https:\/\/www.europesays.com\/fr\/wp-json\/wp\/v2\/posts\/298134","targetHints":{"allow":["GET"]}}],"collection":[{"href":"https:\/\/www.europesays.com\/fr\/wp-json\/wp\/v2\/posts"}],"about":[{"href":"https:\/\/www.europesays.com\/fr\/wp-json\/wp\/v2\/types\/post"}],"author":[{"embeddable":true,"href":"https:\/\/www.europesays.com\/fr\/wp-json\/wp\/v2\/users\/2"}],"replies":[{"embeddable":true,"href":"https:\/\/www.europesays.com\/fr\/wp-json\/wp\/v2\/comments?post=298134"}],"version-history":[{"count":0,"href":"https:\/\/www.europesays.com\/fr\/wp-json\/wp\/v2\/posts\/298134\/revisions"}],"wp:featuredmedia":[{"embeddable":true,"href":"https:\/\/www.europesays.com\/fr\/wp-json\/wp\/v2\/media\/298135"}],"wp:attachment":[{"href":"https:\/\/www.europesays.com\/fr\/wp-json\/wp\/v2\/media?parent=298134"}],"wp:term":[{"taxonomy":"category","embeddable":true,"href":"https:\/\/www.europesays.com\/fr\/wp-json\/wp\/v2\/categories?post=298134"},{"taxonomy":"post_tag","embeddable":true,"href":"https:\/\/www.europesays.com\/fr\/wp-json\/wp\/v2\/tags?post=298134"}],"curies":[{"name":"wp","href":"https:\/\/api.w.org\/{rel}","templated":true}]}}