{"id":298138,"date":"2025-08-05T13:19:11","date_gmt":"2025-08-05T13:19:11","guid":{"rendered":"https:\/\/www.europesays.com\/fr\/298138\/"},"modified":"2025-08-05T13:19:11","modified_gmt":"2025-08-05T13:19:11","slug":"ursula-von-der-leyen-est-paradoxalement-devenue-le-symbole-de-la-soumission-europeenne","status":"publish","type":"post","link":"https:\/\/www.europesays.com\/fr\/298138\/","title":{"rendered":"\u00abUrsula von\u00a0der\u00a0Leyen est paradoxalement devenue le symbole de la soumission europ\u00e9enne\u00bb"},"content":{"rendered":"<p><strong>ENTRETIEN &#8211;<\/strong> La s\u00e9quence politique, humiliante pour l\u2019Europe, \u00e0 laquelle nous avons assist\u00e9 le 27\u00a0juillet montre qu\u2019Ursula von\u00a0der\u00a0Leyen semble ignorer que nous sommes entr\u00e9s dans une nouvelle \u00e8re, celles des pr\u00e9dateurs, analyse l\u2019\u00e9crivain*. Et tous les dirigeants qui ne comprennent pas ce bouleversement sont vou\u00e9s \u00e0 la marginalisation.<\/p>\n<p class=\"fig-paragraph\">*\u00c9crivain et politologue, Giuliano da\u00a0Empoli enseigne\u00a0<a href=\"http:\/\/www.lefigaro.fr\/actualite-france\/vive-polemique-autour-de-l-inscription-d-une-etudiante-gazaouie-antisemite-a-sciences-po-lille-20250731\" target=\"_blank\" data-fig-type=\"Article\" rel=\"noopener nofollow\" data-gtm-custom-categorie=\"navigation\" data-gtm-custom-action=\"crossclick\" data-gtm-custom-label=\"Contextuel\" data-gtm-event=\"customEventSPE\" data-fig-domain=\"LEFIGARO\">\u00e0 Sciences Po<\/a> \u00a0Paris. Ancien adjoint au maire de Florence, il a \u00e9t\u00e9 le conseiller politique du pr\u00e9sident du Conseil italien Matteo Renzi. Son premier roman, \u00ab\u00a0<a href=\"https:\/\/www.lefigaro.fr\/livres\/le-mage-du-kremlin-de-giuliano-da-empoli-l-homme-qui-parlait-a-l-oreille-de-poutine-20220601\" target=\"_blank\" data-fig-type=\"Article\" rel=\"noopener nofollow\" data-gtm-custom-categorie=\"navigation\" data-gtm-custom-action=\"crossclick\" data-gtm-custom-label=\"Contextuel\" data-gtm-event=\"customEventSPE\" data-fig-domain=\"LEFIGARO\">Le Mage du Kremlin<\/a> \u00a0\u00bb (Gallimard), a \u00e9t\u00e9 un ph\u00e9nom\u00e8ne d\u2019\u00e9dition et a remport\u00e9 le grand prix du roman de l\u2019Acad\u00e9mie fran\u00e7aise. Son dernier livre, \u00ab\u00a0L\u2019Heure des pr\u00e9dateurs\u00a0\u00bb (Gallimard) est un r\u00e9cit cr\u00e9pusculaire sur les fracas politiques et g\u00e9ostrat\u00e9giques en cours.<\/p>\n<p class=\"fig-paragraph\"><strong>LE FIGARO &#8211; Nombre de commentateurs ont tent\u00e9 d\u2019att\u00e9nuer les cons\u00e9quences de l\u2019accord conclu entre Ursula von\u00a0der\u00a0Leyen et Donald Trump, en expliquant qu\u2019il n\u2019aurait in\u00a0fine que peu de cons\u00e9quences sur notre \u00e9conomie. En se concentrant sur la dimension \u00e9conomique, ne passe-t-on pas \u00e0 c\u00f4t\u00e9 du caract\u00e8re politique de ce texte et de la d\u00e9faite profonde que l\u2019annonce des droits de douane nous inflige\u00a0?<\/strong><\/p>\n<p class=\"fig-paragraph\"><strong>GIULIANO DA\u00a0EMPOLI &#8211; <\/strong>R\u00e9duire cet accord \u00e0 sa dimension \u00e9conomique serait une erreur. La partie avec Trump s\u2019est jou\u00e9e\u2026<\/p>\n<p class=\"fig-premium-paywall__infos\">\n        Cet article est r\u00e9serv\u00e9 aux abonn\u00e9s.        Il vous reste 91% \u00e0 d\u00e9couvrir.\n    <\/p>\n<p>                <img  data- alt=\"Le Figaro\" class=\"fig-img--complete fig-img\"\/><\/p>\n<p class=\"fig-premium-paywall__title\">Vous avez envie de lire la suite ?<\/p>\n<p class=\"fig-premium-paywall__subtitle\">D\u00e9bloquez tous les articles imm\u00e9diatement.<\/p>\n<p class=\"fig-premium-paywall__connect\">\n                D\u00e9j\u00e0 abonn\u00e9\u00a0?                <a class=\"fig-premium-paywall__connect-link\" href=\"https:\/\/connect.lefigaro.fr\/login?client=horizon_web&amp;type=main&amp;redirect_uri=https%3A%2F%2Fwww.lefigaro.fr%2Fvox%2Fmonde%2Fgiuliano-da-empoli-ursula-von-der-leyen-est-paradoxalement-devenue-le-symbole-de-la-soumission-europeenne-20250805\" data-js-gtm=\"{&quot;customCategorie&quot;: &quot;conversion&quot;, &quot;customAction&quot;: &quot;before_Landing_Connexion_paywall_auto&quot;, &quot;customLabel&quot;: &quot;bGVmaWdhcm8uZnJfXzFmMDZlZTQxLWY1NmItNmMxYS1iYTg2LTQzYTFhZDg4ZGE2Ml9fQXJ0aWNsZQ==_Giuliano da\u00a0Empoli\u00a0: \u00abUrsula von\u00a0der\u00a0Leyen est paradoxalement devenue le symbole de la soumission europ\u00e9enne\u00bb_112&quot;, &quot;customIDSPE&quot;: &quot;bGVmaWdhcm8uZnJfXzFmMDZlZTQxLWY1NmItNmMxYS1iYTg2LTQzYTFhZDg4ZGE2Ml9fQXJ0aWNsZQ==&quot;, &quot;event&quot;: &quot;customEventSPE&quot;}\" rel=\"nofollow noopener\" target=\"_blank\"><br \/>\n                    Connectez-vous<br \/>\n                <\/a>\n            <\/p>\n","protected":false},"excerpt":{"rendered":"ENTRETIEN &#8211; La s\u00e9quence politique, humiliante pour l\u2019Europe, \u00e0 laquelle nous avons assist\u00e9 le 27\u00a0juillet montre qu\u2019Ursula von\u00a0der\u00a0Leyen&hellip;\n","protected":false},"author":2,"featured_media":298139,"comment_status":"","ping_status":"","sticky":false,"template":"","format":"standard","meta":{"footnotes":""},"categories":[1586],"tags":[11,75,1777,674,1011,27,12,25,364,2544],"class_list":{"0":"post-298138","1":"post","2":"type-post","3":"status-publish","4":"format-standard","5":"has-post-thumbnail","7":"category-europe","8":"tag-actualites","9":"tag-donald-trump","10":"tag-eu","11":"tag-europe","12":"tag-fr","13":"tag-france","14":"tag-news","15":"tag-republique-francaise","16":"tag-union-europeenne","17":"tag-ursula-von-der-leyen"},"share_on_mastodon":{"url":"https:\/\/pubeurope.com\/@fr\/114976362738256341","error":""},"_links":{"self":[{"href":"https:\/\/www.europesays.com\/fr\/wp-json\/wp\/v2\/posts\/298138","targetHints":{"allow":["GET"]}}],"collection":[{"href":"https:\/\/www.europesays.com\/fr\/wp-json\/wp\/v2\/posts"}],"about":[{"href":"https:\/\/www.europesays.com\/fr\/wp-json\/wp\/v2\/types\/post"}],"author":[{"embeddable":true,"href":"https:\/\/www.europesays.com\/fr\/wp-json\/wp\/v2\/users\/2"}],"replies":[{"embeddable":true,"href":"https:\/\/www.europesays.com\/fr\/wp-json\/wp\/v2\/comments?post=298138"}],"version-history":[{"count":0,"href":"https:\/\/www.europesays.com\/fr\/wp-json\/wp\/v2\/posts\/298138\/revisions"}],"wp:featuredmedia":[{"embeddable":true,"href":"https:\/\/www.europesays.com\/fr\/wp-json\/wp\/v2\/media\/298139"}],"wp:attachment":[{"href":"https:\/\/www.europesays.com\/fr\/wp-json\/wp\/v2\/media?parent=298138"}],"wp:term":[{"taxonomy":"category","embeddable":true,"href":"https:\/\/www.europesays.com\/fr\/wp-json\/wp\/v2\/categories?post=298138"},{"taxonomy":"post_tag","embeddable":true,"href":"https:\/\/www.europesays.com\/fr\/wp-json\/wp\/v2\/tags?post=298138"}],"curies":[{"name":"wp","href":"https:\/\/api.w.org\/{rel}","templated":true}]}}