{"id":29814,"date":"2025-04-16T19:21:28","date_gmt":"2025-04-16T19:21:28","guid":{"rendered":"https:\/\/www.europesays.com\/fr\/29814\/"},"modified":"2025-04-16T19:21:28","modified_gmt":"2025-04-16T19:21:28","slug":"lhotel-particulier-de-lenny-kravitz-a-paris-un-petit-palais-rock","status":"publish","type":"post","link":"https:\/\/www.europesays.com\/fr\/29814\/","title":{"rendered":"L&rsquo;h\u00f4tel particulier de Lenny Kravitz \u00e0 Paris, un petit palais rock"},"content":{"rendered":"<p>Dans le salon de la suite principale, un canape\u0301 de Giorgio Montani et une table basse de Gabriella Crespi. Le luminaire monumental Poliedri en verre de Murano a e\u0301te\u0301 re\u0301alise\u0301 par Carlo Scarpa (Venini) et provient d\u2019un the\u0301a\u0302tre de St. Paul, dans le Minnesota.\u00a9 R\u00e9alisation Sarah de Beaumont assist\u00e9e de Noelann Bourgade, photo Matthieu Salvaing<\/p>\n<p>Une affiche qui se trouvait dans l\u2019appartement de ses parents lorsqu\u2019il \u00e9tait enfant est accroch\u00e9e au mur. \u00ab\u2009Tout est \u00e9tudi\u00e9 pour \u00eatre ni trop minimaliste, ni trop maximaliste. J\u2019aime cet \u00e9quilibre entre l\u2019Afrique, l\u2019Europe, l\u2019afrofuturisme et les pi\u00e8ces midcentury, des \u00e9l\u00e9ments \u00e0 la fois glamour et brutalistes.\u2009\u00bb Des \u00e9l\u00e9ments comme le portrait embl\u00e9matique de <a href=\"https:\/\/www.admagazine.fr\/article\/marilyn-monroe-derniere-demeure-los-angeles\" target=\"_blank\" rel=\"noopener\">Marilyn Monroe<\/a> par Richard Avedon, pos\u00e9 sur une console Ambiguit\u00e0 de Lella et Massimo Vignelli, adjacente au palier de l\u2019\u00e9tage. Ou encore le canap\u00e9 Terrazza des ann\u00e9es 1970 en cuir beurr\u00e9, con\u00e7u par Ubald Klug, dans le Lounge \u2013 la salle de projection souterraine \u2013, face \u00e0 une table basse exub\u00e9rante en laiton et acier poli, dont le centre est rotatif.<\/p>\n<p>Dans le salon, Lenny Kravitz est allonge\u0301 sur un canape\u0301 Terrazza d\u2019Ubald Klug (de Sede). Devant, une table basse avec centre rotatif de Massimo Papiri et une chaise 1705 de Warren Platner ( Knoll). Au mur, un portrait de Mick Jagger par Andy Warhol. Devant, une lampe Gold Gun de Philippe Starck.\u00a9 R\u00e9alisation Sarah de Beaumont assist\u00e9e de Noelann Bourgade, photo Matthieu Salvaing \/ Grooming par Angloma avec des produits YSL Beauty ; \u00a9 2025 The Andy Warhol Foundation for the Visual Arts, INC., Licensed by Artists Rights Society (ARS), New York<\/p>\n<p>Un bar clandestin cach\u00e9 au sous-sol\u2026<\/p>\n<p>Les souvenirs de la famille et des amis restent toujours pr\u00e9sents, tels des memento mori\u2009: le portrait de sa marraine Diahann Carroll dans la biblioth\u00e8que, les photos publicitaires en noir et blanc encadr\u00e9es de sa m\u00e8re dans une pi\u00e8ce attenante au grand salon, ou encore la veste en cuir encadr\u00e9e de Miles Davis dans la galerie du sous-sol. Dans la salle \u00e0 manger, le magnifique portrait d\u2019Albert Roker, son grand-p\u00e8re, pris par Ruven Afanador, tr\u00f4ne au-dessus du buffet Sculpted Front con\u00e7u par le designer Paul Evans. La pi\u00e8ce signature est la Chaufferie de deux \u00e9tages, situ\u00e9e dans les profondeurs les plus sombres de la maison, o\u00f9 l\u2019artiste a cr\u00e9\u00e9 une sorte de bar clandestin, avec de vieilles tables de bistrot fran\u00e7aises provenant des <a href=\"https:\/\/www.admagazine.fr\/adadresses\/article\/paul-bert-serpette-puces-saint-ouen-guide-expert-chiner\" target=\"_blank\" rel=\"noopener\">puces de Saint-Ouen<\/a>, une boule \u00e0 facettes allemande des ann\u00e9es 1940 d\u00e9nich\u00e9e \u00e0 Los Angeles, une grille de voiture chrom\u00e9e ornementale encastr\u00e9e dans le mur de briques, et \u00ab\u2009un excellent syst\u00e8me de sonorisation. Ma fille organise beaucoup de soir\u00e9es ici.\u2009\u00bb, pr\u00e9cise-t-il. D\u00e9sormais surnomm\u00e9e l\u2019H\u00f4tel de Roxie, du nom de sa m\u00e8re, cette maison incarne clairement la philosophie du musicien en mati\u00e8re de design. \u00ab\u2009Maintenant, vous avez saisi la vibe\u2009\u00bb, lance Lenny Kravitz en souriant.<\/p>\n<p><strong>Adaptation Sandra Proutry-Skrzypek<\/strong><\/p>\n","protected":false},"excerpt":{"rendered":"Dans le salon de la suite principale, un canape\u0301 de Giorgio Montani et une table basse de Gabriella&hellip;\n","protected":false},"author":2,"featured_media":29815,"comment_status":"","ping_status":"","sticky":false,"template":"","format":"standard","meta":{"footnotes":""},"categories":[1888],"tags":[11,1777,674,1011,27,10341,9715,12,626,25],"class_list":{"0":"post-29814","1":"post","2":"type-post","3":"status-publish","4":"format-standard","5":"has-post-thumbnail","7":"category-paris","8":"tag-actualites","9":"tag-eu","10":"tag-europe","11":"tag-fr","12":"tag-france","13":"tag-hotel-particulier","14":"tag-lenny-kravitz","15":"tag-news","16":"tag-paris","17":"tag-republique-francaise"},"share_on_mastodon":{"url":"https:\/\/pubeurope.com\/@fr\/114349269496929528","error":""},"_links":{"self":[{"href":"https:\/\/www.europesays.com\/fr\/wp-json\/wp\/v2\/posts\/29814","targetHints":{"allow":["GET"]}}],"collection":[{"href":"https:\/\/www.europesays.com\/fr\/wp-json\/wp\/v2\/posts"}],"about":[{"href":"https:\/\/www.europesays.com\/fr\/wp-json\/wp\/v2\/types\/post"}],"author":[{"embeddable":true,"href":"https:\/\/www.europesays.com\/fr\/wp-json\/wp\/v2\/users\/2"}],"replies":[{"embeddable":true,"href":"https:\/\/www.europesays.com\/fr\/wp-json\/wp\/v2\/comments?post=29814"}],"version-history":[{"count":0,"href":"https:\/\/www.europesays.com\/fr\/wp-json\/wp\/v2\/posts\/29814\/revisions"}],"wp:featuredmedia":[{"embeddable":true,"href":"https:\/\/www.europesays.com\/fr\/wp-json\/wp\/v2\/media\/29815"}],"wp:attachment":[{"href":"https:\/\/www.europesays.com\/fr\/wp-json\/wp\/v2\/media?parent=29814"}],"wp:term":[{"taxonomy":"category","embeddable":true,"href":"https:\/\/www.europesays.com\/fr\/wp-json\/wp\/v2\/categories?post=29814"},{"taxonomy":"post_tag","embeddable":true,"href":"https:\/\/www.europesays.com\/fr\/wp-json\/wp\/v2\/tags?post=29814"}],"curies":[{"name":"wp","href":"https:\/\/api.w.org\/{rel}","templated":true}]}}