{"id":298140,"date":"2025-08-05T13:20:33","date_gmt":"2025-08-05T13:20:33","guid":{"rendered":"https:\/\/www.europesays.com\/fr\/298140\/"},"modified":"2025-08-05T13:20:33","modified_gmt":"2025-08-05T13:20:33","slug":"lespace-schengen-en-8-questions-reponses","status":"publish","type":"post","link":"https:\/\/www.europesays.com\/fr\/298140\/","title":{"rendered":"L&rsquo;espace Schengen en 8 questions-r\u00e9ponses"},"content":{"rendered":"<p>Les \u00c9tats signataires peuvent r\u00e9tablir temporairement les contr\u00f4les \u00e0 leurs fronti\u00e8res, en cas de menaces pour l\u2019ordre public, la sant\u00e9 publique ou la s\u00e9curit\u00e9, selon le CFS modifi\u00e9 (article 25 et suivants).\u00a0<\/p>\n<p>La <strong>r\u00e9introduction du contr\u00f4le aux fronti\u00e8res int\u00e9rieures doit \u00eatre appliqu\u00e9e en dernier recours, dans des situations exceptionnelles<\/strong>.<strong>\u00a0<\/strong> La r\u00e9introduction des contr\u00f4les doit respecter<strong> le principe de proportionnalit\u00e9<\/strong>. La <a href=\"https:\/\/eur-lex.europa.eu\/legal-content\/FR\/TXT\/?uri=uriserv%3AOJ.L_.2016.077.01.0001.01.FRA&amp;toc=OJ%3AL%3A2016%3A077%3AFULL\" target=\"_blank\" title=\"Proc\u00e9dure - R\u00e8glement (UE) 2016\/399 du Parlement europ\u00e9en et du Conseil du 9 mars 2016 concernant un code de l\u2019Union relatif au r\u00e9gime de franchissement des fronti\u00e8res par les personnes (code fronti\u00e8res Schengen) (texte codifi\u00e9) - Eur-Lex - Nouvelle fen\u00eatre\" rel=\"nofollow noopener\">proc\u00e9dure<\/a> est pr\u00e9cis\u00e9e \u00e0 l\u2019article 26 du code fronti\u00e8res Schengen. Elle permet \u00e0 un \u00c9tat de r\u00e9tablir les contr\u00f4les \u00e0 ses fronti\u00e8res <strong>au-del\u00e0 des p\u00e9riodes renouvelables de 30 jours pr\u00e9vues<\/strong>.<\/p>\n<p>La <strong>r\u00e9introduction du contr\u00f4le \u00e0 leurs fronti\u00e8res nationales <\/strong>est une <strong>pr\u00e9rogative des \u00c9tats membres<\/strong>. La Commission peut \u00e9mettre un avis sur la n\u00e9cessit\u00e9 de la mesure et sur sa proportionnalit\u00e9, mais ne peut pas opposer son veto \u00e0 la d\u00e9cision d\u2019un \u00c9tat membre de r\u00e9introduire le contr\u00f4le aux fronti\u00e8res.\u00a0<\/p>\n<p>Les textes distinguent trois cas sp\u00e9cifiques :<\/p>\n<ul>\n<li><strong>cas pr\u00e9visibles<\/strong> (articles 25 et 26 du CFS modifi\u00e9)<\/li>\n<\/ul>\n<p>Pour les \u00e9v\u00e9nements pr\u00e9visibles (par exemple, les \u00e9v\u00e9nements sportifs), la dur\u00e9e du contr\u00f4le aux fronti\u00e8res est limit\u00e9e \u00e0 30 jours. En cas de menace pr\u00e9visible (menace terroriste par exemple), elle peut d\u00e9passer 30 jours.<\/p>\n<p>Si n\u00e9cessaire, la r\u00e9introduction du contr\u00f4le aux fronti\u00e8res peut \u00eatre prolong\u00e9e pour des p\u00e9riodes renouvelables pouvant aller jusqu\u2019\u00e0 30 jours. La p\u00e9riode totale ne doit pas d\u00e9passer six mois.<\/p>\n<ul>\n<li><strong>cas n\u00e9cessitant une action imm\u00e9diate<\/strong> (article 28 du CFS modifi\u00e9)<\/li>\n<\/ul>\n<p>Lorsque des <strong>mesures imm\u00e9diates doivent \u00eatre prises pour r\u00e9pondre \u00e0 une menace<\/strong>, un \u00c9tat membre peut r\u00e9introduire le contr\u00f4le aux fronti\u00e8res pendant dix jours sans notification pr\u00e9alable.<\/p>\n<p>Bien que la r\u00e9introduction des contr\u00f4les puisse \u00eatre prolong\u00e9e pour des p\u00e9riodes allant jusqu\u2019\u00e0 20 jours, la dur\u00e9e totale du contr\u00f4le aux fronti\u00e8res ne doit pas aller au-del\u00e0 de deux mois.<\/p>\n<p>Dans les deux cas (\u00e9v\u00e9nements pr\u00e9visibles ou cas n\u00e9cessitant une action imm\u00e9diate), l\u2019\u00c9tat membre qui envisage d&rsquo;introduire ou de prolonger le contr\u00f4le \u00e0 ses fronti\u00e8res informe les autres \u00c9tats membres et la Commission des raisons du r\u00e9tablissement ou, le cas \u00e9ch\u00e9ant de la prolongation du contr\u00f4le. Le Parlement europ\u00e9en doit \u00eatre inform\u00e9 des mesures prises.<\/p>\n<ul>\n<li><strong>cas dans lesquels des circonstances exceptionnelles mettent en p\u00e9ril le fonctionnement global de l\u2019espace Schengen<\/strong> (article 29 du CFS modifi\u00e9)<\/li>\n<\/ul>\n<p>Face \u00e0 des circonstances exceptionnelles, lorsque le fonctionnement global de l&rsquo;espace Schengen est menac\u00e9 en raison de probl\u00e8mes graves et persistants qui concernent le contr\u00f4le aux fronti\u00e8res ext\u00e9rieures de l&rsquo;espace Schengen, et dans la mesure o\u00f9 ces circonstances constituent une menace grave pour l&rsquo;ordre public ou la s\u00e9curit\u00e9 int\u00e9rieure, le Conseil peut, sur proposition de la Commission, recommander \u00e0 un ou plusieurs \u00c9tats membres de d\u00e9cider de r\u00e9introduire le contr\u00f4le aux fronti\u00e8res sur tout ou partie de leurs fronti\u00e8res nationales.<\/p>\n<p>Une telle recommandation n\u2019est formul\u00e9e qu\u2019en dernier ressort pour prot\u00e9ger les int\u00e9r\u00eats communs au sein de l\u2019espace Schengen et lorsque toutes les autres mesures, en particulier celles vis\u00e9es \u00e0 l\u2019article 21 du CFS modifi\u00e9, demeurent inefficaces.<\/p>\n<p class=\"fr-callout__title\">L&rsquo;Allemagne \u00e9tend des contr\u00f4les temporaires \u00e0 toutes ses fronti\u00e8res terrestres<\/p>\n<p>Le 9 septembre 2024, l&rsquo;Allemagne a annonc\u00e9 qu\u2019elle instaurera, d\u00e8s le 16 septembre 2024 et pendant six mois, des <a href=\"https:\/\/home-affairs.ec.europa.eu\/policies\/schengen-borders-and-visa\/schengen-area\/temporary-reintroduction-border-control_en?amp%3Betrans=fr&amp;prefLang=fr&amp;etrans=fr\" target=\"_blank\" title=\"Contr\u00f4les \u00e0 toutes ses fronti\u00e8res terrestres - R\u00e9introduction temporaire du contr\u00f4le aux fronti\u00e8res - Commission europ\u00e9enne - Nouvelle fen\u00eatre\" rel=\"nofollow noopener\"><strong>contr\u00f4les \u00e0 toutes ses fronti\u00e8res terrestres<\/strong><\/a>, c&rsquo;est-\u00e0-dire avec le Danemark, les Pays-Bas, la Belgique, le Luxembourg et la France au nom de la protection de sa s\u00e9curit\u00e9 int\u00e9rieure et du contr\u00f4le de l&rsquo;immigration ill\u00e9gale. Ces contr\u00f4les s\u2019ajouteront \u00e0 ceux en place, depuis mai-juin 2024, aux fronti\u00e8res avec la Pologne, la R\u00e9publique tch\u00e8que, l\u2019Autriche et la Suisse.\u00a0Comme pr\u00e9vu par le droit europ\u00e9en, le gouvernement f\u00e9d\u00e9ral dit avoir inform\u00e9 les autorit\u00e9s de l\u2019Union europ\u00e9enne, s\u2019agissant de mesures exceptionnelles.<\/p>\n","protected":false},"excerpt":{"rendered":"Les \u00c9tats signataires peuvent r\u00e9tablir temporairement les contr\u00f4les \u00e0 leurs fronti\u00e8res, en cas de menaces pour l\u2019ordre public,&hellip;\n","protected":false},"author":2,"featured_media":298141,"comment_status":"","ping_status":"","sticky":false,"template":"","format":"standard","meta":{"footnotes":""},"categories":[1586],"tags":[11,1777,674,1779,1011,27,12,25,1778,364],"class_list":{"0":"post-298140","1":"post","2":"type-post","3":"status-publish","4":"format-standard","5":"has-post-thumbnail","7":"category-europe","8":"tag-actualites","9":"tag-eu","10":"tag-europe","11":"tag-european-union","12":"tag-fr","13":"tag-france","14":"tag-news","15":"tag-republique-francaise","16":"tag-ue","17":"tag-union-europeenne"},"share_on_mastodon":{"url":"https:\/\/pubeurope.com\/@fr\/114976366559684059","error":""},"_links":{"self":[{"href":"https:\/\/www.europesays.com\/fr\/wp-json\/wp\/v2\/posts\/298140","targetHints":{"allow":["GET"]}}],"collection":[{"href":"https:\/\/www.europesays.com\/fr\/wp-json\/wp\/v2\/posts"}],"about":[{"href":"https:\/\/www.europesays.com\/fr\/wp-json\/wp\/v2\/types\/post"}],"author":[{"embeddable":true,"href":"https:\/\/www.europesays.com\/fr\/wp-json\/wp\/v2\/users\/2"}],"replies":[{"embeddable":true,"href":"https:\/\/www.europesays.com\/fr\/wp-json\/wp\/v2\/comments?post=298140"}],"version-history":[{"count":0,"href":"https:\/\/www.europesays.com\/fr\/wp-json\/wp\/v2\/posts\/298140\/revisions"}],"wp:featuredmedia":[{"embeddable":true,"href":"https:\/\/www.europesays.com\/fr\/wp-json\/wp\/v2\/media\/298141"}],"wp:attachment":[{"href":"https:\/\/www.europesays.com\/fr\/wp-json\/wp\/v2\/media?parent=298140"}],"wp:term":[{"taxonomy":"category","embeddable":true,"href":"https:\/\/www.europesays.com\/fr\/wp-json\/wp\/v2\/categories?post=298140"},{"taxonomy":"post_tag","embeddable":true,"href":"https:\/\/www.europesays.com\/fr\/wp-json\/wp\/v2\/tags?post=298140"}],"curies":[{"name":"wp","href":"https:\/\/api.w.org\/{rel}","templated":true}]}}