{"id":298150,"date":"2025-08-05T13:26:15","date_gmt":"2025-08-05T13:26:15","guid":{"rendered":"https:\/\/www.europesays.com\/fr\/298150\/"},"modified":"2025-08-05T13:26:15","modified_gmt":"2025-08-05T13:26:15","slug":"super-league-quelle-equipe-pour-les-dragons-catalans-en-2026-rugby-a-xiii","status":"publish","type":"post","link":"https:\/\/www.europesays.com\/fr\/298150\/","title":{"rendered":"Super League &#8211; Quelle \u00e9quipe pour les Dragons Catalans en 2026 ? &#8211; Rugby \u00e0 XIII"},"content":{"rendered":"<p style=\"text-align: justify;\"><strong>C\u2019est l\u2019heure du grand m\u00e9nage chez les Dragons Catalans. La politique des vieilles stars de NRL ne fonctionnent plus, place \u00e0 la jeunesse ?<\/strong><\/p>\n<p style=\"text-align: justify;\">Avec <a href=\"https:\/\/treizemondial.fr\/tableau-des-transferts-super-league-2026\/\" target=\"_blank\" rel=\"noopener\">les nombreuses annonces de d\u00e9parts et de non-prolongations<\/a>, le visage des Dragons Catalans va changer. Petite revue d\u2019effectif avec, bien s\u00fbr, en toile de fond le fameux \u00ab\u00a0au moment o\u00f9 on \u00e9crit cet article\u00a0\u00bb.<\/p>\n<p style=\"text-align: justify;\">Un (fr) pour les joueurs fran\u00e7ais et un (C) pour les joueurs en fin de contrat.<\/p>\n<p>\u00c0 l\u2019arri\u00e8re<\/p>\n<p><strong>Guillermo Aispuro-Bichet (fr)<\/strong><\/p>\n<p style=\"text-align: justify;\">Fin de l\u2019\u00e8re Sam Tomkins, Arthur Mourgue \u00e0 Hull KR, 2025 a vu l\u2019\u00e9closion de Guillermo Aispuro-Bichet. Alors oui, il y a encore du d\u00e9chet et du travail mais le talent et le potentiel sont l\u00e0. Si les Dragons veulent qu\u2019il progresse, il faut qu\u2019il joue et qu\u2019il soit titulaire. Pas qu\u2019il soit la doublure d\u2019une pseudo star de NRL en qu\u00eate de bon temps dans le sud de la France. De plus il bute et plut\u00f4t bien. Apr\u00e8s Morgan Escar\u00e9, Tony Gigot, Arthur Mourgue, place \u00e0 GAB.<\/p>\n<p style=\"text-align: justify;\">Pour la doublure, on ira piocher de la jeunesse en r\u00e9serve ou de la polyvalence dans l\u2019effectif avec des joueurs qui peuvent d\u00e9panner \u00e0 ce poste.<\/p>\n<p>Les centres et ailiers<\/p>\n<p><strong>L\u00e9o Darr\u00e9latour (fr) \u2013 Cl\u00e9ment Martin (fr) \u2013 Matthieu Laguerre (fr-C) \u2013 Nick Cotric \u2013 Solomona Faataape \u2013 Tommy Makinson \u2013 Reimis Smith (C)<\/strong><\/p>\n<p style=\"text-align: justify;\">2025, l\u2019ann\u00e9e de la jeunesse fran\u00e7aise. L\u00e9o Darr\u00e9latour et Cl\u00e9ment Martin ont pu fouler la pelouse et comme GAB, il y a eu du bon et du moins bon. S\u2019il est peut-\u00eatre encore trop t\u00f4t pour aligner les deux en m\u00eame temps, ils devraient se tirer la bourre pour un poste de titulaire en 2026. En attendant, les Dragons ont recrut\u00e9 Solomona Faataape qui va prendre de la place au centre dans tous les sens du terme. Laguerre, Makinson et Cotric sont toujours l\u00e0, Reimis Smith est en fin de contrat et vu sa polyvalence, il serait peut-\u00eatre bien de le conserver. Pour r\u00e9sumer, on est bon pour les trois-quarts.<\/p>\n<p>\u00c0 la charni\u00e8re<\/p>\n<p><strong>C\u00e9sar Roug\u00e9 (fr) \u2013 Toby Sexton<\/strong><\/p>\n<p style=\"text-align: justify;\">La grosse recrue des Dragons pour le moment, c\u2019est Toby Sexton. D\u00e9positaire du jeu de Bulldogs dans le top 4 de la NRL, il a montr\u00e9 qu\u2019il pouvait driver une \u00e9quipe. A priori son profil correspond mieux aux besoins des Catalans que celui de Luke Keary. Toutefois, si les Bulldogs se s\u00e9parent de Sexton, c\u2019est parce qu\u2019ils trouvent que leur \u00e9quipe n\u2019est pas assez tranchante en attaque. Sexton est un gestionnaire mais il donnera de bons ballons, au reste de l\u2019\u00e9quipe de faire parler sa vista. Notamment C\u00e9sar Roug\u00e9 qui devrait \u00eatre celui qui accompagne Sexton \u00e0 la charni\u00e8re. Lib\u00e9r\u00e9 de l\u2019organisation, il pourra penser \u00e0 courir et \u00e0 faire jouer les ext\u00e9rieurs. Ses quelques matchs \u00e0 l\u2019arri\u00e8re devraient lui \u00eatre b\u00e9n\u00e9fique pour ce r\u00f4le. Il est temps de lui faire confiance.<\/p>\n<p><a href=\"https:\/\/treizemondial.fr\/deja-un-nom-pour-remplacer-luke-keary\/\" class=\"vlp-link\" title=\"Le rempla\u00e7ant de Luke Keary est jeune et 2\u00e8me en NRL\" target=\"_blank\" rel=\"noopener\"><img loading=\"lazy\" decoding=\"async\" style=\"max-width: 1024px;\" width=\"1024\" height=\"576\" src=\"https:\/\/www.europesays.com\/fr\/wp-content\/uploads\/2025\/08\/Toby-Sexton-Bulldogs-1024x576.jpg\" class=\"attachment-large size-large\" alt=\"\"  \/><\/p>\n<p>Le rempla\u00e7ant de Luke Keary est jeune et 2\u00e8me en NRL<\/p>\n<p>Alors que le divorce avec Luke Keary semble acter pour la fin de la saison, les Dragons Catalans ont peut-\u00eatre d\u00e9j\u00e0 trouv\u00e9 son rempla\u00e7ant.<\/p>\n<p>Lire l&rsquo;article<\/p>\n<p>treizemondial.fr<\/p>\n<p>Le talonneur<\/p>\n<p><strong>Alrix Da Costa (fr-C) \u2013\u00a0<\/strong><strong>Denive Balmforth (C) \u2013 <\/strong><strong>Ugo Tison (fr)<\/strong><\/p>\n<p style=\"text-align: justify;\">Avec le d\u00e9part de McNamara, le projet Garcia au talon a disparu. Alrix Da Costa est donc le talonneur titulaire depuis. A-t-il le niveau pour \u00eatre le titulaire d\u2019une \u00e9quipe de haut de tableau de Super League ? Les avis divergent. En tout cas depuis quelques matchs, l\u2019association avec Balmforth en sortie de banc est int\u00e9ressante. \u00c0 voir\u2026<\/p>\n<p>Et pour le backup, Ugo Tison est de retour et pourra suppl\u00e9er au talon ou \u00e0 la charni\u00e8re en cas de besoin.<\/p>\n<p>Le paquet d\u2019avants<\/p>\n<p><strong>Benjamin Garcia (fr) \u2013 Julian Bousquet (fr) \u2013 Jordan Dezaria (fr) \u2013 Romain Navarrete (fr) \u2013 Franck Maria (fr) \u2013 Oliver Partingon \u2013 Chris Satae \u2013 Harvey Wilson<\/strong><\/p>\n<p style=\"text-align: justify;\">Entre nos Fran\u00e7ais exp\u00e9riment\u00e9s, les encore jeunes Dezaria et Maria, la machine \u00e0 plaquer Partington, l\u2019impact player et le nouveau venu Harvey Wilson, le pack semble d\u00e9j\u00e0 pas si mal arm\u00e9. Cela dit, je vois dans cette liste des joueurs au profil de pilier ou troisi\u00e8me ligne. Il manque pour moi de v\u00e9ritables deuxi\u00e8mes lignes. Whitehead, Sims et Sironen auraient pu remplir ce r\u00f4le mais ils ne sont plus l\u00e0. \u00c0 part sur la deuxi\u00e8me ligne, pour moi, les Dragons sont \u00e9quip\u00e9s.<\/p>\n<p>Les besoins<\/p>\n<ul>\n<li style=\"text-align: justify;\">Comme \u00e9voqu\u00e9 ci-dessus, il ne serait pas de refus de trouver deux v\u00e9ritables deuxi\u00e8mes lignes. J\u2019entends par l\u00e0 des sp\u00e9cialistes du poste. Costauds, mobiles, adroits, avec de belles courses dans les intervalles. Des joueurs qui faciliteront la vie des demis et des trois-quarts. S\u2019il faut mettre de l\u2019argent quelque part, je le ferai sur ce poste.<\/li>\n<li style=\"text-align: justify;\">Un talonneur, pourquoi pas mais un tr\u00e8s bon alors. La paire Da Costa \u2013 Balmforth n\u2019est pas si mal et si le gap avec le ou les nouveaux n\u2019est pas assez grand, pas besoin de recruter. Il y a, je pense, d\u2019autres priorit\u00e9s.<\/li>\n<li style=\"text-align: justify;\">Une star mais une vraie si y\u2019a de l\u2019argent dans les caisses. Alors oui, bien s\u00fbr toutes ces consid\u00e9rations peuvent voler en \u00e9clat si une star se pr\u00e9sente. Mais il ne faut pas se tromper sur le terme \u00ab\u00a0star\u00a0\u00bb. Par exemple, la rumeur Tyrell Sloan, je dis non. Pas assez fort pour qu\u2019on paye cher un joueur sur des postes d\u00e9j\u00e0 fournis.<\/li>\n<\/ul>\n<p style=\"text-align: justify;\">Pour conclure, j\u2019attends comme prochaines recrues, id\u00e9alement des deuxi\u00e8mes lignes et une star au poste de talonneur. Pour le reste, les Dragons ont quelques anciens qui tiennent la route et des jeunes fran\u00e7ais \u00e0 d\u00e9velopper. Il faudra s\u00fbrement \u00eatre patient mais la nouvelle orientation me plait.<\/p>\n<p><a href=\"https:\/\/treizemondial.fr\/dragons-catalans-plusieurs-joueurs-francais-pousses-vers-la-sortie\/\" class=\"vlp-link\" title=\"Dragons Catalans : Plusieurs joueurs fran\u00e7ais pouss\u00e9s vers la sortie\" target=\"_blank\" rel=\"noopener\"><img loading=\"lazy\" decoding=\"async\" style=\"max-width: 1024px;\" width=\"1024\" height=\"576\" src=\"https:\/\/www.europesays.com\/fr\/wp-content\/uploads\/2025\/08\/Paul-Seguier-Dragons-Catalans-2025-1024x576.jpg\" class=\"attachment-large size-large\" alt=\"\"  \/><\/p>\n<p>Dragons Catalans : Plusieurs joueurs fran\u00e7ais pouss\u00e9s vers la sortie<\/p>\n<p>Les Dragons Catalans veulent faire peau neuve pour la saison \u00e0 venir. L&rsquo;\u00e8re McNamara a laiss\u00e9 des traces et il est temps de se restructurer.<\/p>\n<p>Lire l&rsquo;article<\/p>\n<p>treizemondial.fr<\/p>\n","protected":false},"excerpt":{"rendered":"C\u2019est l\u2019heure du grand m\u00e9nage chez les Dragons Catalans. La politique des vieilles stars de NRL ne fonctionnent&hellip;\n","protected":false},"author":2,"featured_media":298151,"comment_status":"","ping_status":"","sticky":false,"template":"","format":"standard","meta":{"footnotes":""},"categories":[1416],"tags":[3248,1011,27,479,2228,1468,2229,60,4474],"class_list":{"0":"post-298150","1":"post","2":"type-post","3":"status-publish","4":"format-standard","5":"has-post-thumbnail","7":"category-rugby","8":"tag-dragons-catalans","9":"tag-fr","10":"tag-france","11":"tag-rugby","12":"tag-rugby-a-xiii","13":"tag-rugby-football","14":"tag-rugby-league","15":"tag-sports","16":"tag-super-league"},"share_on_mastodon":{"url":"https:\/\/pubeurope.com\/@fr\/114976390263986268","error":""},"_links":{"self":[{"href":"https:\/\/www.europesays.com\/fr\/wp-json\/wp\/v2\/posts\/298150","targetHints":{"allow":["GET"]}}],"collection":[{"href":"https:\/\/www.europesays.com\/fr\/wp-json\/wp\/v2\/posts"}],"about":[{"href":"https:\/\/www.europesays.com\/fr\/wp-json\/wp\/v2\/types\/post"}],"author":[{"embeddable":true,"href":"https:\/\/www.europesays.com\/fr\/wp-json\/wp\/v2\/users\/2"}],"replies":[{"embeddable":true,"href":"https:\/\/www.europesays.com\/fr\/wp-json\/wp\/v2\/comments?post=298150"}],"version-history":[{"count":0,"href":"https:\/\/www.europesays.com\/fr\/wp-json\/wp\/v2\/posts\/298150\/revisions"}],"wp:featuredmedia":[{"embeddable":true,"href":"https:\/\/www.europesays.com\/fr\/wp-json\/wp\/v2\/media\/298151"}],"wp:attachment":[{"href":"https:\/\/www.europesays.com\/fr\/wp-json\/wp\/v2\/media?parent=298150"}],"wp:term":[{"taxonomy":"category","embeddable":true,"href":"https:\/\/www.europesays.com\/fr\/wp-json\/wp\/v2\/categories?post=298150"},{"taxonomy":"post_tag","embeddable":true,"href":"https:\/\/www.europesays.com\/fr\/wp-json\/wp\/v2\/tags?post=298150"}],"curies":[{"name":"wp","href":"https:\/\/api.w.org\/{rel}","templated":true}]}}