{"id":298152,"date":"2025-08-05T13:27:10","date_gmt":"2025-08-05T13:27:10","guid":{"rendered":"https:\/\/www.europesays.com\/fr\/298152\/"},"modified":"2025-08-05T13:27:10","modified_gmt":"2025-08-05T13:27:10","slug":"elina-svitolina-naomi-osaka-wta-1000-open-du-canada-quarts-de-finale-mercredi-06-aout-2025-lequipe","status":"publish","type":"post","link":"https:\/\/www.europesays.com\/fr\/298152\/","title":{"rendered":"Elina Svitolina &#8211; Naomi Osaka, WTA 1000, Open du Canada, Quarts de finale, Mercredi 06 ao\u00fbt 2025 &#8211; L&#039;\u00c9quipe"},"content":{"rendered":"<ol>\n<li><a href=\"https:\/\/news.google.com\/rss\/articles\/CBMiyAFBVV95cUxQSUNiWm83U285V052alpQZEdxY3lEV0ttZlVxY2VQbW1SZEFZMzZvZWpSSXBrZWxCWlZPdXJoVk9RRlRCdHRMcjdGY3pXUFpqZTRnYjJvSzV0TjQyNjZMWVE1Y0hMRnlZVHN3TXAxS3VENkFwZkJfenpTLXNyaExTcnY4aWpic2JEMUhTbVN3OEhzZE9NU0RMajF5bV8wUmF1TnAzWHRxVFZzQXpMX1lCb0pWYXk2VVNZdHdBbjhLM0dhRGpyb2pSUQ?oc=5\" target=\"_blank\" rel=\"nofollow noopener\">Elina Svitolina &#8211; Naomi Osaka, WTA 1000, Open du Canada, Quarts de finale, Mercredi 06 ao\u00fbt 2025<\/a>&nbsp;&nbsp;L&rsquo;\u00c9quipe<\/li>\n<li><a href=\"https:\/\/news.google.com\/rss\/articles\/CBMi0gFBVV95cUxOaHNkOG5LQXl3eU9VZmxqajdpYlVBZ1I3bDZSdThDcEhpZWg1XzlSWFZzcy1KNklfV3V0eEl1RVo1ZGxzS2tyQXdSUmJzbmVqZXFscnBWMHk2MlBKRVYzVWRSRFlZbWJqUHpOcWtZYXQtanRrSXFlWXBmVU1oT1RmQU1pR2s0R3lsWXF1VlVjSllmYTFGVU5iTXBUZk92QTd5dGhpSEVrNjJST1I0eVNfNXlRUFN5SllvMGxZSl9IYmx4ZUZjYURpS1IzeUZoQXlBZ0E?oc=5\" target=\"_blank\" rel=\"nofollow noopener\">WTA &#8211; Montr\u00e9al &gt; Svitolina apr\u00e8s sa victoire face \u00e0 Anisimova : \u00ab C\u2019\u00e9tait un bon entra\u00eenement pour moi aujourd\u2019hui<\/a>&nbsp;&nbsp;We Love Tennis<\/li>\n<li><a href=\"https:\/\/news.google.com\/rss\/articles\/CBMihAFBVV95cUxNcG9IT3E0X3lqazVZNmZ4THdjSW0xMUVnN3lpTHNqM1RkMXVNdjRsbzE3Y2hhUVk2THJ5OXhWMENKOGZkbjV5VmV5LWFsa2h5TXZsRHFDc3lnNXltR0RraG9QLUFFaGw5VlpOWEtWdE5pZ0d6OXhJSTZTaThTLUpsanlDY2c?oc=5\" target=\"_blank\" rel=\"nofollow noopener\">Svitolina, seule joueuse en quart de finale des trois derniers WTA 1000<\/a>&nbsp;&nbsp;Tennis Temple<\/li>\n<li><a href=\"https:\/\/news.google.com\/rss\/articles\/CBMihwFBVV95cUxPbFRhMkRsR2FLTERjS0R5emVsVDEyYUQ2N2FEZXJkNVZCY3V2cWpvSHhJLS11MmEtUXZxajZpTWRLc0tVSVh0MnVlZzc3VUVBYmdaY0lSRkxwTm1Wc04xWU1nOU5sTTVVMWtrbXI2dEZQSldTVXpSd2RkQzJ1N3Z6ZWQ2d0V5YzQ?oc=5\" target=\"_blank\" rel=\"nofollow noopener\">Pronostic Elina Svitolina Naomi Osaka GRATUIT &#8211; Montr\u00e9al WTA 1000 National Bank Open 06\/08\/2025<\/a>&nbsp;&nbsp;RueDesJoueurs<\/li>\n<li><a href=\"https:\/\/news.google.com\/rss\/articles\/CBMiwAFBVV95cUxQVzkzX2xWanBUT1Bpc194RUNnUldKbzNMQW5JRTZ0TFlRSEdGbThZMFdHX3NyU2g4MXYwRzlwdUZBZjVyZzZyYXFyYkNxYTBiTmIzaDV0T0NyLWxsdDJlS1V4RWhpdGpDdlJJaWdVVHBIRmlmb2YyTlVZdzFBc2hSM0drT0xUU1pkUjgxZDF6N1lZcThnQkhJV2NWeVU2VWlWSzktcUM4N2tMWGJuTGtncEFwb1hPbHRxNjdnZ2pyTHE?oc=5\" target=\"_blank\" rel=\"nofollow noopener\">Incapable de faire comme \u00e0 Wimbledon: Anisimova n\u2019avait pas de magie en r\u00e9serve<\/a>&nbsp;&nbsp;Le Journal de Montr\u00e9al<\/li>\n<\/ol>\n","protected":false},"excerpt":{"rendered":"Elina Svitolina &#8211; Naomi Osaka, WTA 1000, Open du Canada, Quarts de finale, Mercredi 06 ao\u00fbt 2025&nbsp;&nbsp;L&rsquo;\u00c9quipe WTA&hellip;\n","protected":false},"author":2,"featured_media":1983,"comment_status":"","ping_status":"","sticky":false,"template":"","format":"standard","meta":{"footnotes":""},"categories":[1415],"tags":[1011,27,60,1467],"class_list":{"0":"post-298152","1":"post","2":"type-post","3":"status-publish","4":"format-standard","5":"has-post-thumbnail","7":"category-tennis","8":"tag-fr","9":"tag-france","10":"tag-sports","11":"tag-tennis"},"share_on_mastodon":{"url":"https:\/\/pubeurope.com\/@fr\/114976393953814853","error":""},"_links":{"self":[{"href":"https:\/\/www.europesays.com\/fr\/wp-json\/wp\/v2\/posts\/298152","targetHints":{"allow":["GET"]}}],"collection":[{"href":"https:\/\/www.europesays.com\/fr\/wp-json\/wp\/v2\/posts"}],"about":[{"href":"https:\/\/www.europesays.com\/fr\/wp-json\/wp\/v2\/types\/post"}],"author":[{"embeddable":true,"href":"https:\/\/www.europesays.com\/fr\/wp-json\/wp\/v2\/users\/2"}],"replies":[{"embeddable":true,"href":"https:\/\/www.europesays.com\/fr\/wp-json\/wp\/v2\/comments?post=298152"}],"version-history":[{"count":0,"href":"https:\/\/www.europesays.com\/fr\/wp-json\/wp\/v2\/posts\/298152\/revisions"}],"wp:featuredmedia":[{"embeddable":true,"href":"https:\/\/www.europesays.com\/fr\/wp-json\/wp\/v2\/media\/1983"}],"wp:attachment":[{"href":"https:\/\/www.europesays.com\/fr\/wp-json\/wp\/v2\/media?parent=298152"}],"wp:term":[{"taxonomy":"category","embeddable":true,"href":"https:\/\/www.europesays.com\/fr\/wp-json\/wp\/v2\/categories?post=298152"},{"taxonomy":"post_tag","embeddable":true,"href":"https:\/\/www.europesays.com\/fr\/wp-json\/wp\/v2\/tags?post=298152"}],"curies":[{"name":"wp","href":"https:\/\/api.w.org\/{rel}","templated":true}]}}