{"id":298156,"date":"2025-08-05T13:31:10","date_gmt":"2025-08-05T13:31:10","guid":{"rendered":"https:\/\/www.europesays.com\/fr\/298156\/"},"modified":"2025-08-05T13:31:10","modified_gmt":"2025-08-05T13:31:10","slug":"cyclisme-criterium-victoire-berteau-et-guillaume-martin-remportent-le-criterium-de-colmar","status":"publish","type":"post","link":"https:\/\/www.europesays.com\/fr\/298156\/","title":{"rendered":"Cyclisme. Crit\u00e9rium &#8211; Victoire Berteau et Guillaume Martin remportent le Crit\u00e9rium de Colmar"},"content":{"rendered":"<p>Une premi\u00e8re historique pour la\u00a0troisi\u00e8me \u00e9dition du<strong> <a href=\"https:\/\/www.cyclismactu.net\/..\/news-criterium-route-colmar-dans-l-histoire-1er-criterium-pro-feminin-ce-lundi-89408.html\" target=\"_blank\" rel=\"nofollow noopener\">Crit\u00e9rium de Colmar<\/a><\/strong>, organis\u00e9 ce\u00a0lundi 4 ao\u00fbt\u00a0sur la place Rapp !\u00a0Pour la\u00a0premi\u00e8re fois en France, un\u00a0crit\u00e9rium professionnel f\u00e9minin \u00e9tait au programme\u00a0aux c\u00f4t\u00e9s de l\u2019\u00e9preuve masculine, et ce au lendemain du <strong>Tour de France Femmes<\/strong> et du triomphe de <strong>Pauline Ferrand-Pr\u00e9vot<\/strong>. Profitant de cette magnifique publicit\u00e9 pour le cyclisme f\u00e9minin apport\u00e9e par ce succ\u00e8s de <strong>PFP<\/strong>, les 27 coureuses engag\u00e9es ont pu constater la belle ferveur du public, et \u00e0 l&rsquo;issue de la\u00a0cinquantaine de tours du circuit d&rsquo;un kilom\u00e8tre \u00e0 parcourir,\u00a0<strong>Victoire Berteau<\/strong> a fait honneur \u00e0 son pr\u00e9nom en s&rsquo;imposant ! Tout juste sortie du <strong>Tour<\/strong>, l&rsquo;ancienne championne de France et pensionnaire de l&rsquo;\u00e9quipe <strong>Cofidis<\/strong> a attaqu\u00e9 dans l&rsquo;avant-dernier tour avant de lever les bras en solitaire.<\/p>\n<p>Vid\u00e9o &#8211; Guillaume Martin-Guyonnet au micro de Cyclism&rsquo;Actu ! Lire la suite de l&rsquo;article&#13;<\/p>\n<p>\u00a0<\/p>\n<p>&#13;<br \/>\nUn doubl\u00e9 Exincourt &#8211; Colmar en deux jours pour Guillaume Martin-Guyonnet&#13;<\/p>\n<p>Apr\u00e8s les femmes, 34 hommes \u00e9taient au d\u00e9part dans la soir\u00e9e pour la\u00a0soixantaine de tours au menu et conna\u00eetre le successeur de <strong>Matt\u00e9o Vercher<\/strong> (TotalEnergies). Et comme le veille \u00e0\u00a0Exincourt, dans le Doubs, c&rsquo;est\u00a0<strong><a href=\"https:\/\/www.cyclismactu.net\/..\/news-criterium-route-guillaume-martin-guyonnet-vainqueur-du-6e-tour-pma-criterium-pro-89440.html\" target=\"_blank\" rel=\"nofollow noopener\">Guillaume Martin-Guyonnet<\/a> <\/strong>qui s&rsquo;est impos\u00e9 apr\u00e8s avoir attaqu\u00e9 dans le final, devan\u00e7ant de quelques m\u00e8tres\u00a0<strong>Georg Zimmermann<\/strong> (Intermarch\u00e9-Wanty),\u00a0le champion d&rsquo;Allemagne terminant comme l&rsquo;an pass\u00e9 deuxi\u00e8me pas tr\u00e8s loin de la fronti\u00e8re de son pays.<\/p>\n<p>&#13;<\/p>\n<p>Pour votre rappel et information, l&rsquo;<strong><a href=\"https:\/\/www.acpfcriteriums.fr\/\" target=\"_blank\" rel=\"nofollow noopener\">Association des Crit\u00e9riums Professionnel Fran\u00e7ais<\/a>\u00a0(<a href=\"https:\/\/www.acpfcriteriums.fr\/\" target=\"_blank\" rel=\"nofollow noopener\">ACPF<\/a>)\u00a0<\/strong>organise chaque ann\u00e9e les diff\u00e9rents\u00a0<strong>Crit\u00e9riums<\/strong>\u00a0en France d&rsquo;apr\u00e8s<strong>\u00a0Tour de France<\/strong>.\u00a0\u00ab\u00a0C\u2019est avec une grande impatience que nous vous attendons ces Crit\u00e9riums Cyclistes Professionnels qui se d\u00e9rouleront apr\u00e8s le\u00a0<strong>Tour de<\/strong>\u00a0<strong>France 2025<\/strong>, explique l<a href=\"https:\/\/www.acpfcriteriums.fr\/\" target=\"_blank\" rel=\"nofollow noopener\">&lsquo;ACPF<\/a>.\u00a0On a d\u00e9sormais a \u00e9tabli un partenariat strat\u00e9gique avec\u00a0<a href=\"https:\/\/www.cyclismactu.net\/..\/\" target=\"_blank\" rel=\"nofollow noopener\">Cyclism\u2019Actu<\/a>. Cette \u00e9dition 2025, riche en \u00e9v\u00e9nements, comptera\u00a0<strong>14 \u00e9preuves<\/strong>\u00a0captivantes \u00e0 travers la France, offrant aux cyclistes l\u2019occasion de briller sur des parcours vari\u00e9s et de mettre en avant leurs talents et d\u2019\u00eatre au plus proche des spectateurs. Cette ann\u00e9e vient s\u2019inscrire un nouveau au calendrier baptis\u00e9e\u00a0<strong>Crit\u00e9rium de<\/strong>\u00a0<strong>Bretagne<\/strong>\u00a0qui se d\u00e9roule \u00e0\u00a0<strong>Javen\u00e9<\/strong>, r\u00e9gion plus repr\u00e9sent\u00e9e depuis l\u2019arr\u00eat de Camors en 2022. Malheureusement, cette p\u00e9riode de renouveau s\u2019accompagne \u00e9galement de l\u2019arr\u00eat d&rsquo;un Crit\u00e9rium embl\u00e9matiques :<strong>\u00a0Vayrac<\/strong>.\u00a0\u00bb<\/p>\n","protected":false},"excerpt":{"rendered":"Une premi\u00e8re historique pour la\u00a0troisi\u00e8me \u00e9dition du Crit\u00e9rium de Colmar, organis\u00e9 ce\u00a0lundi 4 ao\u00fbt\u00a0sur la place Rapp !\u00a0Pour&hellip;\n","protected":false},"author":2,"featured_media":298157,"comment_status":"","ping_status":"","sticky":false,"template":"","format":"standard","meta":{"footnotes":""},"categories":[1411],"tags":[42572,1154,207,211,1011,27,209,60,210,212,208,213],"class_list":{"0":"post-298156","1":"post","2":"type-post","3":"status-publish","4":"format-standard","5":"has-post-thumbnail","7":"category-cyclisme","8":"tag-criterium","9":"tag-cycling","10":"tag-cyclisme","11":"tag-ffc","12":"tag-fr","13":"tag-france","14":"tag-route","15":"tag-sports","16":"tag-tour-de-france","17":"tag-uci","18":"tag-velo","19":"tag-world-tour"},"share_on_mastodon":{"url":"https:\/\/pubeurope.com\/@fr\/114976409772281823","error":""},"_links":{"self":[{"href":"https:\/\/www.europesays.com\/fr\/wp-json\/wp\/v2\/posts\/298156","targetHints":{"allow":["GET"]}}],"collection":[{"href":"https:\/\/www.europesays.com\/fr\/wp-json\/wp\/v2\/posts"}],"about":[{"href":"https:\/\/www.europesays.com\/fr\/wp-json\/wp\/v2\/types\/post"}],"author":[{"embeddable":true,"href":"https:\/\/www.europesays.com\/fr\/wp-json\/wp\/v2\/users\/2"}],"replies":[{"embeddable":true,"href":"https:\/\/www.europesays.com\/fr\/wp-json\/wp\/v2\/comments?post=298156"}],"version-history":[{"count":0,"href":"https:\/\/www.europesays.com\/fr\/wp-json\/wp\/v2\/posts\/298156\/revisions"}],"wp:featuredmedia":[{"embeddable":true,"href":"https:\/\/www.europesays.com\/fr\/wp-json\/wp\/v2\/media\/298157"}],"wp:attachment":[{"href":"https:\/\/www.europesays.com\/fr\/wp-json\/wp\/v2\/media?parent=298156"}],"wp:term":[{"taxonomy":"category","embeddable":true,"href":"https:\/\/www.europesays.com\/fr\/wp-json\/wp\/v2\/categories?post=298156"},{"taxonomy":"post_tag","embeddable":true,"href":"https:\/\/www.europesays.com\/fr\/wp-json\/wp\/v2\/tags?post=298156"}],"curies":[{"name":"wp","href":"https:\/\/api.w.org\/{rel}","templated":true}]}}