{"id":298160,"date":"2025-08-05T13:33:14","date_gmt":"2025-08-05T13:33:14","guid":{"rendered":"https:\/\/www.europesays.com\/fr\/298160\/"},"modified":"2025-08-05T13:33:14","modified_gmt":"2025-08-05T13:33:14","slug":"quequette-jean-luc-reichmann-revele-le-surnom-peu-flatteur-dune-animatrice-tf1-disparue-des-ecrans-radar","status":"publish","type":"post","link":"https:\/\/www.europesays.com\/fr\/298160\/","title":{"rendered":"\u00ab\u00a0Qu\u00e9quette\u00a0\u00bb, Jean-Luc Reichmann r\u00e9v\u00e8le le surnom peu flatteur d\u2019une animatrice TF1 disparue des \u00e9crans radar"},"content":{"rendered":"<p>Depuis l&rsquo;\u00e9limination d&rsquo;<a href=\"https:\/\/www.public.fr\/tag\/emilien-les-12-coups-de-midi\" target=\"_blank\" rel=\"noopener\">\u00c9milien<\/a>, <strong>les Ma\u00eetres de midi se succ\u00e8dent sur le plateau<\/strong> de l&rsquo;\u00e9missi<a href=\"https:\/\/www.instagram.com\/12coups_tf1\/?hl=fr\" target=\"_blank\" rel=\"noreferrer noopener\">on Les 12 coups de midi<\/a>. <\/p>\n<p>De Louise \u00e0 Melvin, en passant par \u00c9lodie, tous ambitionnent de briller dans le c\u00e9l\u00e8bre jeu t\u00e9l\u00e9vis\u00e9. Pourtant, <strong>aucun ne parvient \u00e0 \u00e9galer le grand vainqueur<\/strong>.<\/p>\n<p>Une surprenante anecdote<\/p>\n<p><strong>Si personne ne surpasse \u00c9milien, certains candidats r\u00e9ussissent tout de m\u00eame \u00e0 marquer les esprits gr\u00e2ce \u00e0 leurs histoires personnelles.<\/strong> C&rsquo;est notamment le cas de Fanny, qui a r\u00e9cemment partag\u00e9 le r\u00e9cit de sa rencontre avec son mari. <\/p>\n<p>Ce dernier, pompier de profession, a r\u00e9ussi \u00e0 la retrouver en notant sa plaque d&rsquo;immatriculation, qu&rsquo;il a ensuite transmise \u00e0 ses amis policiers pour faciliter ses recherches. <\/p>\n<p>\u00ab\u00a0Il a \u00e9t\u00e9 tr\u00e8s franc avec moi et j&rsquo;ai accept\u00e9 d&rsquo;aller boire un verre avec lui quelques jours plus tard\u00a0\u00bb, a confi\u00e9 la candidate. Une histoire qui n&rsquo;a pas manqu\u00e9 de surprendre l&rsquo;animateur.<\/p>\n<p>Jean-Luc Reichmann balance sur Sandrine Qu\u00e9tier<\/p>\n<p>Outre ces r\u00e9v\u00e9lations, c&rsquo;est une autre anecdote qui a marqu\u00e9 Les 12 coups de midi. Ce lundi 4 ao\u00fbt 2025, <strong><a href=\"https:\/\/www.public.fr\/tag\/jean-luc-reichmann\" target=\"_blank\" rel=\"noopener\">Jean-Luc Reichmann<\/a> a en effet ouvert son c\u0153ur en pleine \u00e9mission. Devant les cam\u00e9ras, ce dernier a bel et bien r\u00e9v\u00e9l\u00e9 le surnom qu&rsquo;il aime donner \u00e0 l&rsquo;une de ses cons\u0153urs.<\/strong><\/p>\n<p>Lors d&rsquo;un \u00ab\u00a0coup par coup\u00a0\u00bb, le pr\u00e9sentateur phare de TF1 a soumis aux candidats sept noms de pr\u00e9sentateurs ou copr\u00e9sentateurs de Danse avec les stars, parmi lesquels se cachait une fausse proposition : Laurent Ournac, Fauve Hautot, <a href=\"https:\/\/www.public.fr\/tag\/sandrine-quetier\" target=\"_blank\" rel=\"noopener\">Sandrine Qu\u00e9tier<\/a>, Camille Combal, Arthur, Vincent Cerutti et Karine Ferri.<\/p>\n<p>Un \u00e0 un, les joueurs ont donc r\u00e9pondu, mais l&rsquo;un d&rsquo;eux a commis un impair. \u00ab\u00a0Laurent Ournac a fait deux saisons. [&#8230;] Arthur \u00e9tait copr\u00e9sentateur. Karine \u00e9tait sur les saisons 8 \u00e0 10\u00a0\u00bb, a expliqu\u00e9 Jean-Luc Reichmann avant d&rsquo;\u00e9voquer Sandrine Qu\u00e9tier, animatrice principale des saisons 1 \u00e0 8.<\/p>\n<p>\u00ab\u00a0<strong>Et &lsquo;Qu\u00e9quette&rsquo;, Sandrine Qu\u00e9tier, on l\u2019appelle comme \u00e7a dans le m\u00e9tier. C\u2019est un bonbon !<\/strong>\u00ab\u00a0, a-t-il lanc\u00e9. Une info qui a suscit\u00e9 de vives r\u00e9actions. <\/p>\n<p>Il faut dire que le compagnon de Nathalie Lecoultre est particuli\u00e8rement proche de son homologue \u00e0 qui il a d&rsquo;ailleurs donn\u00e9 la r\u00e9plique dans la s\u00e9rie L\u00e9o Matte\u00ef, brigade des mineurs. Ce surnom est donc synonyme d&rsquo;une belle complicit\u00e9. <\/p>\n<p>      Mentionn\u00e9s dans cet article<\/p>\n<p>      Sur le m\u00eame sujet<\/p>\n<p>  <script async src=\"\/\/www.instagram.com\/embed.js\"><\/script><\/p>\n","protected":false},"excerpt":{"rendered":"Depuis l&rsquo;\u00e9limination d&rsquo;\u00c9milien, les Ma\u00eetres de midi se succ\u00e8dent sur le plateau de l&rsquo;\u00e9mission Les 12 coups de&hellip;\n","protected":false},"author":2,"featured_media":298161,"comment_status":"","ping_status":"","sticky":false,"template":"","format":"standard","meta":{"footnotes":""},"categories":[1359],"tags":[58,59,1011,27,465,466,973,43827],"class_list":{"0":"post-298160","1":"post","2":"type-post","3":"status-publish","4":"format-standard","5":"has-post-thumbnail","7":"category-people","8":"tag-divertissement","9":"tag-entertainment","10":"tag-fr","11":"tag-france","12":"tag-jean-luc-reichmann","13":"tag-les-12-coups-de-midi","14":"tag-people","15":"tag-sandrine-quetier"},"share_on_mastodon":{"url":"https:\/\/pubeurope.com\/@fr\/114976417636210415","error":""},"_links":{"self":[{"href":"https:\/\/www.europesays.com\/fr\/wp-json\/wp\/v2\/posts\/298160","targetHints":{"allow":["GET"]}}],"collection":[{"href":"https:\/\/www.europesays.com\/fr\/wp-json\/wp\/v2\/posts"}],"about":[{"href":"https:\/\/www.europesays.com\/fr\/wp-json\/wp\/v2\/types\/post"}],"author":[{"embeddable":true,"href":"https:\/\/www.europesays.com\/fr\/wp-json\/wp\/v2\/users\/2"}],"replies":[{"embeddable":true,"href":"https:\/\/www.europesays.com\/fr\/wp-json\/wp\/v2\/comments?post=298160"}],"version-history":[{"count":0,"href":"https:\/\/www.europesays.com\/fr\/wp-json\/wp\/v2\/posts\/298160\/revisions"}],"wp:featuredmedia":[{"embeddable":true,"href":"https:\/\/www.europesays.com\/fr\/wp-json\/wp\/v2\/media\/298161"}],"wp:attachment":[{"href":"https:\/\/www.europesays.com\/fr\/wp-json\/wp\/v2\/media?parent=298160"}],"wp:term":[{"taxonomy":"category","embeddable":true,"href":"https:\/\/www.europesays.com\/fr\/wp-json\/wp\/v2\/categories?post=298160"},{"taxonomy":"post_tag","embeddable":true,"href":"https:\/\/www.europesays.com\/fr\/wp-json\/wp\/v2\/tags?post=298160"}],"curies":[{"name":"wp","href":"https:\/\/api.w.org\/{rel}","templated":true}]}}