{"id":298162,"date":"2025-08-05T13:34:25","date_gmt":"2025-08-05T13:34:25","guid":{"rendered":"https:\/\/www.europesays.com\/fr\/298162\/"},"modified":"2025-08-05T13:34:25","modified_gmt":"2025-08-05T13:34:25","slug":"le-roi-arthur-la-table-ronde-ne-manquez-pas-cette-oeuvre-monumentale-a-broceliande","status":"publish","type":"post","link":"https:\/\/www.europesays.com\/fr\/298162\/","title":{"rendered":"le roi Arthur, la Table ronde&#8230; ne manquez pas cette oeuvre monumentale \u00e0 Broc\u00e9liande"},"content":{"rendered":"<p>            Par<br \/>\n        <strong><br \/>\n            <a href=\"https:\/\/actu.fr\/auteur\/liluan-serazin\" title=\"Consulter tous les articles de Liluan Serazin\" rel=\"nofollow noopener\" target=\"_blank\">Liluan Serazin<\/a><br \/>\n        <\/strong><\/p>\n<p>        Publi\u00e9 le<\/p>\n<p>            3 ao\u00fbt 2025 \u00e0 10h56        <\/p>\n<p>\u00c0 l\u2019ombre d\u2019arbres centenaires, sur le tertre Saint-Michel, \u00e0 <a href=\"https:\/\/actu.fr\/bretagne\/neant-sur-yvel_56145\" rel=\"nofollow noopener\" target=\"_blank\">N\u00e9ant-sur-Yvel<\/a> (Morbihan), une <b>table ronde XXL<\/b> avec des symboles celtes.<\/p>\n<p class=\" wall-content\">Six statues repr\u00e9sentant le roi Arthur avec cinq chevaliers h\u00e9ritiers des h\u00e9ros celtiques sont visibles autour de cette table.<\/p>\n<p class=\" wall-content\">Leurs corps sont d\u2019abord sculpt\u00e9s avec de l\u2019argile par le sculpteur plo\u00ebrmelais Micka\u00ebl Thomazo.<\/p>\n<p class=\" wall-content\">Comptez 300 kg de terre par chevalier. Ils sont ensuite moul\u00e9s en r\u00e9sine. Une patine est ajout\u00e9e pour donner un effet bronze.<\/p>\n<p class=\" wall-content\">Comptez quatre mois pour que l\u2019artiste r\u00e9alise un des\u00a0<b>colosses\u00a0<\/b>\u00e0 l\u2019aspect m\u00e9di\u00e9val fantastique, qui p\u00e8sent environ 100\u00a0kg et mesureraient 2,80\u00a0m debout.<\/p>\n<p>D\u2019autres chevaliers attendus autour de la table ronde<\/p>\n<p class=\" wall-content\">A ce jour, les chevaliers Keu, Gauvain, Perceval, Girflet et Galaad entourent le roi. Lorsque ce projet, port\u00e9 par l\u2019association les <a href=\"https:\/\/nouveaux-chevaliers-broceliande.fr\/\" rel=\"nofollow noopener\" target=\"_blank\">Nouveaux Chevaliers de Broc\u00e9liande<\/a>, sera achev\u00e9, les statues seront au nombre de onze.<\/p>\n<p>Vid\u00e9os : en ce moment sur Actu<\/p>\n<p class=\" wall-content\">La l\u00e9gende raconte que cet ordre l\u00e9gendaire \u00e9tait charg\u00e9 de mener la qu\u00eate du Graal.<\/p>\n<p>En acc\u00e8s libre. Gratuit.<\/p>\n<p class=\" wall-content\">Suivez toute l\u2019actualit\u00e9 de vos villes et m\u00e9dias favoris en vous inscrivant \u00e0 <a href=\"https:\/\/moncompte.actu.fr\" title=\"D\u00e9couvez Mon Actu\" rel=\"nofollow noopener\" data-trk=\"{&quot;cta&quot;:{&quot;action&quot;:&quot;https:\\\/\\\/moncompte.actu.fr&quot;,&quot;category&quot;:&quot;mon compte&quot;,&quot;from&quot;:&quot;article footer&quot;,&quot;name&quot;:&quot;Mon actu&quot;,&quot;type&quot;:&quot;cta&quot;}}\" target=\"_blank\">Mon Actu<\/a>.<\/p>\n","protected":false},"excerpt":{"rendered":"Par Liluan Serazin Publi\u00e9 le 3 ao\u00fbt 2025 \u00e0 10h56 \u00c0 l\u2019ombre d\u2019arbres centenaires, sur le tertre Saint-Michel,&hellip;\n","protected":false},"author":2,"featured_media":298163,"comment_status":"","ping_status":"","sticky":false,"template":"","format":"standard","meta":{"footnotes":""},"categories":[1358],"tags":[1348,1384,1385,1386,58,1719,59,652,1011,27,1652,602],"class_list":{"0":"post-298162","1":"post","2":"type-post","3":"status-publish","4":"format-standard","5":"has-post-thumbnail","7":"category-arts-et-design","8":"tag-arts","9":"tag-arts-and-design","10":"tag-arts-et-design","11":"tag-design","12":"tag-divertissement","13":"tag-enfants","14":"tag-entertainment","15":"tag-famille","16":"tag-fr","17":"tag-france","18":"tag-loisirs-culture","19":"tag-tourisme"},"share_on_mastodon":{"url":"https:\/\/pubeurope.com\/@fr\/114976421538857085","error":""},"_links":{"self":[{"href":"https:\/\/www.europesays.com\/fr\/wp-json\/wp\/v2\/posts\/298162","targetHints":{"allow":["GET"]}}],"collection":[{"href":"https:\/\/www.europesays.com\/fr\/wp-json\/wp\/v2\/posts"}],"about":[{"href":"https:\/\/www.europesays.com\/fr\/wp-json\/wp\/v2\/types\/post"}],"author":[{"embeddable":true,"href":"https:\/\/www.europesays.com\/fr\/wp-json\/wp\/v2\/users\/2"}],"replies":[{"embeddable":true,"href":"https:\/\/www.europesays.com\/fr\/wp-json\/wp\/v2\/comments?post=298162"}],"version-history":[{"count":0,"href":"https:\/\/www.europesays.com\/fr\/wp-json\/wp\/v2\/posts\/298162\/revisions"}],"wp:featuredmedia":[{"embeddable":true,"href":"https:\/\/www.europesays.com\/fr\/wp-json\/wp\/v2\/media\/298163"}],"wp:attachment":[{"href":"https:\/\/www.europesays.com\/fr\/wp-json\/wp\/v2\/media?parent=298162"}],"wp:term":[{"taxonomy":"category","embeddable":true,"href":"https:\/\/www.europesays.com\/fr\/wp-json\/wp\/v2\/categories?post=298162"},{"taxonomy":"post_tag","embeddable":true,"href":"https:\/\/www.europesays.com\/fr\/wp-json\/wp\/v2\/tags?post=298162"}],"curies":[{"name":"wp","href":"https:\/\/api.w.org\/{rel}","templated":true}]}}