{"id":298166,"date":"2025-08-05T13:36:13","date_gmt":"2025-08-05T13:36:13","guid":{"rendered":"https:\/\/www.europesays.com\/fr\/298166\/"},"modified":"2025-08-05T13:36:13","modified_gmt":"2025-08-05T13:36:13","slug":"tout-beau-tout-neuf-jerome-anthony-rejoint-la-bande-de-cyril-hanouna-sur-w9-lanimateur-officialise-le-retour-de-gilles-verdez","status":"publish","type":"post","link":"https:\/\/www.europesays.com\/fr\/298166\/","title":{"rendered":"\u00ab\u00a0Tout beau tout neuf\u00a0\u00bb : J\u00e9r\u00f4me Anthony rejoint la bande de Cyril Hanouna sur W9, l&rsquo;animateur officialise le retour de Gilles Verdez"},"content":{"rendered":"<p>            <img loading=\"lazy\" decoding=\"async\" src=\"https:\/\/www.europesays.com\/fr\/wp-content\/uploads\/2025\/04\/82-65703a09b7c5d-35x35-1.jpg\" class=\"author-article-picture\" width=\"35\" height=\"35\"\/><\/p>\n<p>                Par<br \/>\n                                    <a class=\"author-article-bio-link\" href=\"https:\/\/www.ozap.com\/auteur\/bruna-fernandez_a82\" rel=\"nofollow noopener\" target=\"_blank\">Bruna Fernandez<\/a><br \/>\n                                                    | Journaliste<\/p>\n<p>\n                N\u00e9e \u00e0 l\u2019\u00e9poque des \u201cInconnus\u201d, Bruna grandit entre le Br\u00e9sil et la France. Enfant, elle enrichit son imaginaire devant le grand et le petit \u00e9cran. Devenue journaliste, elle passe derri\u00e8re la cam\u00e9ra et travaille pour plusieurs \u00e9missions. Un petit monde qu\u2019elle se pla\u00eet \u00e0 d\u00e9cortiquer pour puremedias.\n            <\/p>\n<p>\n    Cyril Hanouna pr\u00e9pare son grand retour \u00e0 la t\u00e9l\u00e9vision avec &lsquo;Tout beau, tout 9&rsquo;, un nouveau talk-show diffus\u00e9 d\u00e8s le 1er septembre sur W9. L&rsquo;animateur, qui promet un programme fid\u00e8le \u00e0 l&rsquo;esprit &lsquo;TPMP&rsquo;, vient de confirmer deux personnalit\u00e9s bien connues du public autour de la table.\n<\/p>\n<p>                            <img loading=\"lazy\" decoding=\"async\" class=\"player-thumbnail\" src=\"https:\/\/www.europesays.com\/fr\/wp-content\/uploads\/2025\/08\/93c495e10e755923-580x326-1.jpg\" width=\"580\" height=\"326\"\/><\/p>\n<p>                    Cyril Hanouna annonce son arriv\u00e9e sur W9 d\u00e8s le 1er septembre 2025. \u00a9 C8<\/p>\n<p>La suite apr\u00e8s la publicit\u00e9<\/p>\n<p>Nouvelle cha\u00eene, nouvelle \u00e9mission, mais ambiance famili\u00e8re : <a href=\"https:\/\/www.ozap.com\/personnalite\/cyril-hanouna_e1631\" rel=\"nofollow noopener\" target=\"_blank\">Cyril Hanouna<\/a> sera de retour \u00e0 la rentr\u00e9e avec \u00ab\u00a0<a href=\"https:\/\/www.ozap.com\/actu\/concept-date-chroniqueurs-cyril-hanouna-lache-plusieurs-informations-sur-ses-futures-emissions-dans-le-groupe-m6\/650374\" rel=\"nofollow noopener\" target=\"_blank\">Tout beau, tout 9&Prime;,<\/a> un talk-show quotidien diffus\u00e9 \u00e0 18h45 sur W9, cha\u00eene du groupe M6. Apr\u00e8s la fin de \u00ab\u00a0Touche pas \u00e0 mon poste\u00a0\u00bb et <a href=\"https:\/\/www.ozap.com\/actu\/je-pense-que-je-vais-etre-encore-plus-a-l-antenne-qu-avant-cyril-hanouna-s-en-prend-aux-personnes-qui-oeuvrent-a-la-disparition-de-c8-dans-on-marche-sur-la-tete-sur-europe-1\/648754\" rel=\"nofollow noopener\" target=\"_blank\">la disparition de C8<\/a>, l&rsquo;animateur embl\u00e9matique du PAF entend bien recr\u00e9er la recette de son succ\u00e8s\u2026 en version \u00ab\u00a0neuf\u00a0\u00bb.<\/p>\n<p>\u00ab\u00a0Il y aura cinq &lsquo;anciens&rsquo; et quatre nouveaux. Faites vos jeux\u00a0\u00bb<\/p>\n<p>\u00ab\u00a0On ne va pas changer une formule qui marche\u00a0\u00bb, expliquait-il r\u00e9cemment sur Europe 1, tout en annon\u00e7ant l&rsquo;ajout de nouveaut\u00e9s, comme des s\u00e9quences avec intelligence artificielle. Pens\u00e9e comme un \u00ab\u00a0feuilleton\u00a0\u00bb, cette nouvelle \u00e9mission m\u00ealera visages familiers et nouvelles t\u00eates, avec l&rsquo;objectif de faire \u00e9voluer la bande au fil des mois. Mais l&rsquo;essentiel reste le m\u00eame, avec des chroniqueurs hauts en couleur.\u00a0<\/p>\n<p><a href=\"https:\/\/www.ozap.com\/actu\/je-ne-serai-pas-chroniqueur-norbert-tarayre-dement-son-arrivee-aupres-de-cyril-hanouna-dans-tout-beau-tout-9-sur-w9-a-la-rentree\/650954\" rel=\"nofollow noopener\" target=\"_blank\"><strong>\u00c0 LIRE AUSSI : \u00ab\u00a0Je ne serai pas chroniqueur\u00a0\u00bb : Norbert Tarayre d\u00e9ment son arriv\u00e9e aupr\u00e8s de Cyril Hanouna dans \u00ab\u00a0Tout beau, tout 9\u00a0\u00bb sur W9 \u00e0 la rentr\u00e9e<\/strong><\/a><\/p>\n<p>Justement, c\u00f4t\u00e9 table, le suspense touche \u00e0 sa fin. Hanouna a r\u00e9v\u00e9l\u00e9 ce 3 ao\u00fbt sur X : \u00ab\u00a0J-30 avant la premi\u00e8re sur W9 \u00e0 18h45 ! Petite info, il y aura comme avant pour d\u00e9marrer neuf chroniqueurs \u00e0 la table. Parmi ces neuf, il y aura cinq &lsquo;anciens&rsquo; et quatre nouveaux. Faites vos jeux\u00a0\u00bb. Il avait auparavant d\u00e9j\u00e0 confirm\u00e9 quatre figures d\u00e9j\u00e0 bien connues du public : <a href=\"https:\/\/www.ozap.com\/personnalite\/valerie-benaim_e1756\" rel=\"nofollow noopener\" target=\"_blank\">Val\u00e9rie Bena\u00efm<\/a>, G\u00e9raldine Maillet, Raymond et Olivier Dartigolles.<\/p>\n<blockquote class=\"twitter-tweet\">\n<p lang=\"fr\" dir=\"ltr\">Mes ch\u00e9ris! J-30 avant la 1ere sur <a href=\"https:\/\/twitter.com\/W9?ref_src=twsrc%5Etfw\" rel=\"nofollow noopener\" target=\"_blank\">@w9<\/a> \u00e0 18h45! Petite info il y aura comme avant pour d\u00e9marrer 9 chroniqueurs \u00e0 la table. Parmi ces 9 il y aura 5 \u00ab anciens \u00bbet 4 nouveaux <br \/>Faites vos jeux \ud83d\ude18<br \/>Je vous aime fort vous me manquez! 30 jours j arrive pas \u00e0 y croire!\ud83d\ude48\u2764\ufe0f<\/p>\n<p>\u2014 Cyril Hanouna (@Cyrilhanouna) <a href=\"https:\/\/twitter.com\/Cyrilhanouna\/status\/1952049075307876809?ref_src=twsrc%5Etfw\" rel=\"nofollow noopener\" target=\"_blank\">August 3, 2025<\/a><\/p><\/blockquote>\n<p>Un autre nom vient s&rsquo;ajouter \u00e0 la liste des anciens : Gilles Verdez. Chroniqueur historique de \u00ab\u00a0TPMP\u00a0\u00bb, son retour a \u00e9t\u00e9 d\u00e9voil\u00e9 par \u00ab\u00a0Voici\u00a0\u00bb : l&rsquo;animateur aurait contact\u00e9 son ancien acolyte pendant ses vacances au S\u00e9n\u00e9gal. L&rsquo;information a \u00e9t\u00e9 confirm\u00e9e par Cyril Hanouna lui-m\u00eame, qui a repost\u00e9 l&rsquo;article sur X avec une s\u00e9rie d&rsquo;\u00e9mojis c\u0153ur.<\/p>\n<p>C\u00f4t\u00e9 nouvelles recrues, on apprend l&rsquo;arriv\u00e9e de <a href=\"https:\/\/www.ozap.com\/personnalite\/jerome-anthony_e28924\" rel=\"nofollow noopener\" target=\"_blank\">J\u00e9r\u00f4me Anthony.<\/a> Le visage du groupe M6 fera lui aussi partie de l&rsquo;aventure. \u00ab\u00a0Moi???\u00a0\u00bb a-t-il demand\u00e9 \u00e0 Cyril Hanouna en commentaire de sa publication sur X. \u00ab\u00a0Mais toi, c&rsquo;est d&rsquo;office !!! Je suis si heureux ! Tu es le meilleur d&rsquo;entre nous et tu sais que je le pense, trop h\u00e2te !\u00a0\u00bb, a r\u00e9pondu le pr\u00e9sentateur vedette. Contact\u00e9 par <strong>Purem\u00e9dias,<\/strong> J\u00e9r\u00f4me Anthony a confi\u00e9 qu&rsquo;il sera bien autour de la table \u00ab\u00a0en fonction de mes plannings de tournages et de ma tourn\u00e9e de th\u00e9\u00e2tre\u00a0\u00bb.\u00a0<\/p>\n<p>        <script async src=\"https:\/\/platform.twitter.com\/widgets.js\" charset=\"utf-8\"><\/script><\/p>\n","protected":false},"excerpt":{"rendered":"Par Bruna Fernandez | Journaliste N\u00e9e \u00e0 l\u2019\u00e9poque des \u201cInconnus\u201d, Bruna grandit entre le Br\u00e9sil et la France.&hellip;\n","protected":false},"author":2,"featured_media":298167,"comment_status":"","ping_status":"","sticky":false,"template":"","format":"standard","meta":{"footnotes":""},"categories":[1356],"tags":[58,59,1011,27,252,1364],"class_list":{"0":"post-298166","1":"post","2":"type-post","3":"status-publish","4":"format-standard","5":"has-post-thumbnail","7":"category-television","8":"tag-divertissement","9":"tag-entertainment","10":"tag-fr","11":"tag-france","12":"tag-television","13":"tag-tv"},"share_on_mastodon":{"url":"https:\/\/pubeurope.com\/@fr\/114976429518874690","error":""},"_links":{"self":[{"href":"https:\/\/www.europesays.com\/fr\/wp-json\/wp\/v2\/posts\/298166","targetHints":{"allow":["GET"]}}],"collection":[{"href":"https:\/\/www.europesays.com\/fr\/wp-json\/wp\/v2\/posts"}],"about":[{"href":"https:\/\/www.europesays.com\/fr\/wp-json\/wp\/v2\/types\/post"}],"author":[{"embeddable":true,"href":"https:\/\/www.europesays.com\/fr\/wp-json\/wp\/v2\/users\/2"}],"replies":[{"embeddable":true,"href":"https:\/\/www.europesays.com\/fr\/wp-json\/wp\/v2\/comments?post=298166"}],"version-history":[{"count":0,"href":"https:\/\/www.europesays.com\/fr\/wp-json\/wp\/v2\/posts\/298166\/revisions"}],"wp:featuredmedia":[{"embeddable":true,"href":"https:\/\/www.europesays.com\/fr\/wp-json\/wp\/v2\/media\/298167"}],"wp:attachment":[{"href":"https:\/\/www.europesays.com\/fr\/wp-json\/wp\/v2\/media?parent=298166"}],"wp:term":[{"taxonomy":"category","embeddable":true,"href":"https:\/\/www.europesays.com\/fr\/wp-json\/wp\/v2\/categories?post=298166"},{"taxonomy":"post_tag","embeddable":true,"href":"https:\/\/www.europesays.com\/fr\/wp-json\/wp\/v2\/tags?post=298166"}],"curies":[{"name":"wp","href":"https:\/\/api.w.org\/{rel}","templated":true}]}}