{"id":29817,"date":"2025-04-16T19:23:08","date_gmt":"2025-04-16T19:23:08","guid":{"rendered":"https:\/\/www.europesays.com\/fr\/29817\/"},"modified":"2025-04-16T19:23:08","modified_gmt":"2025-04-16T19:23:08","slug":"le-secretaire-detat-americain-marco-rubio-et-lemissaire-steve-witkoff-recus-a-lelysee-ce-jeudi","status":"publish","type":"post","link":"https:\/\/www.europesays.com\/fr\/29817\/","title":{"rendered":"le secr\u00e9taire d\u2019\u00c9tat am\u00e9ricain Marco Rubio et l\u2019\u00e9missaire Steve Witkoff re\u00e7us \u00e0 l\u2019\u00c9lys\u00e9e ce jeudi"},"content":{"rendered":"<p>Alors que les relations entre les \u00c9tats-Unis et l\u2019Europe sont tendues, notamment par <a target=\"_self\" href=\"https:\/\/www.lanouvellerepublique.fr\/a-la-une\/droits-de-douane-la-fragile-pause-decretee-par-donald-trump-masque-une-hausse-record-des-taxes-1744349487\" rel=\"nofollow noopener\">la guerre commerciale<\/a> men\u00e9e tous azimuts par Donald Trump, le chef de la diplomatie am\u00e9ricaine Marco Rubio \u00e9tait mercredi 16\u00a0avril 2025 en route pour Paris, a annonc\u00e9 le d\u00e9partement d\u2019\u00c9tat. Il est accompagn\u00e9\u00a0de l\u2019\u00e9missaire sp\u00e9cial des \u00c9tats-Unis pour le Moyen-Orient, Steve Witkoff. Tous deux comptent mener des \u00ab\u00a0discussions avec leurs homologues europ\u00e9ens afin d\u2019avancer l\u2019objectif du pr\u00e9sident Trump de mettre fin \u00e0 la guerre entre <a target=\"_self\" href=\"https:\/\/www.lanouvellerepublique.fr\/france-monde\/ukraine\" rel=\"nofollow noopener\">l\u2019Ukraine<\/a> et la Russie et d\u2019arr\u00eater la tuerie\u00a0\u00bb, selon un communiqu\u00e9.<\/p>\n<p>Les deux diplomates du pr\u00e9sident am\u00e9ricain seront re\u00e7us jeudi par Emmanuel Macron, a annonc\u00e9 l\u2019\u00c9lys\u00e9e. Marco Rubio aura \u00e9galement des entretiens avec son homologue fran\u00e7ais Jean-No\u00ebl Barrot au cours desquels \u00ab\u00a0ils aborderont ensemble plusieurs crises internationales\u00a0: guerre en Ukraine, situation au Proche-Orient, dossier nucl\u00e9aire iranien\u00a0\u00bb, selon une source diplomatique.<\/p>\n<p>S\u00e9bastien Lecornu \u00e0 Washington<\/p>\n<p>Il s\u2019agira du troisi\u00e8me d\u00e9placement en Europe de Marco Rubio depuis sa prise de fonctions apr\u00e8s sa participation \u00e0 la conf\u00e9rence sur la s\u00e9curit\u00e9 <a target=\"_self\" href=\"https:\/\/www.lanouvellerepublique.fr\/a-la-une\/une-armee-europeenne-les-mensonges-de-poutine-ce-qu-il-faut-retenir-du-discours-de-volodymyr-zelensky-a-munich-1739631361\" rel=\"nofollow noopener\">\u00e0 Munich mi-f\u00e9vrier<\/a> et une r\u00e9union de l\u2019Otan \u00e0 Bruxelles en mars. Tandis qu\u2019il sera \u00e0 Paris, le ministre fran\u00e7ais des Arm\u00e9es S\u00e9bastien Lecornu sera quant \u00e0 lui \u00e0 Washington pour s\u2019entretenir avec le ministre am\u00e9ricain de la D\u00e9fense, <a target=\"_self\" href=\"https:\/\/www.lanouvellerepublique.fr\/a-la-une\/le-chef-du-pentagone-a-bruxelles-pour-mettre-la-pression-sur-les-europeens-1739379099\" rel=\"nofollow noopener\">Pete Hegseth<\/a>.<\/p>\n<p>Outre l\u2019\u00e9pineux dossier <a target=\"_self\" href=\"https:\/\/www.lanouvellerepublique.fr\/a-la-une\/droits-de-douane-apres-la-volte-face-americaine-la-chine-appelle-washington-a-les-annuler-completement-1744549078\" rel=\"nofollow noopener\">des droits de douane<\/a>, qui avive les tensions entre Washington et les capitales europ\u00e9ennes, l\u2019administration Trump ne cesse d\u2019augmenter sa pression sur les Europ\u00e9ens accus\u00e9s d\u2019abuser des \u00c9tats-Unis, notamment dans le cadre de l\u2019Otan.<\/p>\n<p>Sur le dossier ukrainien, les n\u00e9gociations \u00e0 l\u2019initiative du pr\u00e9sident r\u00e9publicain en vue d\u2019un cessez-le-feu g\u00e9n\u00e9ral n\u2019ont pour l\u2019instant pas abouti. <a target=\"_self\" href=\"https:\/\/www.lanouvellerepublique.fr\/a-la-une\/guerre-en-ukraine-trump-qualifie-d-horrible-le-bombardement-a-soumy-zelensky-l-invite-a-venir-constater-la-devastation-1744610242\" rel=\"nofollow noopener\">La meurtri\u00e8re attaque russe<\/a> de dimanche contre des civils \u00e0 Soumy, dans le nord-est de l\u2019Ukraine, en est l\u2019une des plus terribles illustrations. Lundi, trois jours apr\u00e8s une nouvelle rencontre avec Vladimir Poutine, l\u2019\u00e9missaire du pr\u00e9sident am\u00e9ricain a n\u00e9anmoins r\u00e9affirm\u00e9 que les pourparlers am\u00e9ricano-russes \u00e9taient \u00ab\u00a0sur le point\u00a0\u00bb de permettre des avanc\u00e9es.<\/p>\n<p>Les entretiens \u00e0 Paris interviennent, par ailleurs, au moment o\u00f9 <a target=\"_self\" href=\"https:\/\/www.lanouvellerepublique.fr\/a-la-une\/nucleaire-iranien-de-premiers-pourparlers-juges-constructifs-entre-les-etats-unis-et-l-iran-1744474725\" rel=\"nofollow noopener\">de rares discussions<\/a> entre T\u00e9h\u00e9ran et Washington sur le programme nucl\u00e9aire de l\u2019Iran ont eu lieu samedi dernier dans le sultanat d\u2019Oman, et qu\u2019un nouveau round est pr\u00e9vu le 19\u00a0avril \u00e0 Rome, toujours sous la m\u00e9diation d\u2019Oman.<\/p>\n","protected":false},"excerpt":{"rendered":"Alors que les relations entre les \u00c9tats-Unis et l\u2019Europe sont tendues, notamment par la guerre commerciale men\u00e9e tous&hellip;\n","protected":false},"author":2,"featured_media":29818,"comment_status":"","ping_status":"","sticky":false,"template":"","format":"standard","meta":{"footnotes":""},"categories":[1590],"tags":[328,11,1813,75,1073,73,1777,674,329,3019,74,12,136,220,364],"class_list":{"0":"post-29817","1":"post","2":"type-post","3":"status-publish","4":"format-standard","5":"has-post-thumbnail","7":"category-ukraine","8":"tag-a-la-une","9":"tag-actualites","10":"tag-armee","11":"tag-donald-trump","12":"tag-emmanuel-macron","13":"tag-etats-unis","14":"tag-eu","15":"tag-europe","16":"tag-france-monde","17":"tag-iran","18":"tag-monde","19":"tag-news","20":"tag-otan","21":"tag-ukraine","22":"tag-union-europeenne"},"share_on_mastodon":{"url":"https:\/\/pubeurope.com\/@fr\/114349277401724441","error":""},"_links":{"self":[{"href":"https:\/\/www.europesays.com\/fr\/wp-json\/wp\/v2\/posts\/29817","targetHints":{"allow":["GET"]}}],"collection":[{"href":"https:\/\/www.europesays.com\/fr\/wp-json\/wp\/v2\/posts"}],"about":[{"href":"https:\/\/www.europesays.com\/fr\/wp-json\/wp\/v2\/types\/post"}],"author":[{"embeddable":true,"href":"https:\/\/www.europesays.com\/fr\/wp-json\/wp\/v2\/users\/2"}],"replies":[{"embeddable":true,"href":"https:\/\/www.europesays.com\/fr\/wp-json\/wp\/v2\/comments?post=29817"}],"version-history":[{"count":0,"href":"https:\/\/www.europesays.com\/fr\/wp-json\/wp\/v2\/posts\/29817\/revisions"}],"wp:featuredmedia":[{"embeddable":true,"href":"https:\/\/www.europesays.com\/fr\/wp-json\/wp\/v2\/media\/29818"}],"wp:attachment":[{"href":"https:\/\/www.europesays.com\/fr\/wp-json\/wp\/v2\/media?parent=29817"}],"wp:term":[{"taxonomy":"category","embeddable":true,"href":"https:\/\/www.europesays.com\/fr\/wp-json\/wp\/v2\/categories?post=29817"},{"taxonomy":"post_tag","embeddable":true,"href":"https:\/\/www.europesays.com\/fr\/wp-json\/wp\/v2\/tags?post=29817"}],"curies":[{"name":"wp","href":"https:\/\/api.w.org\/{rel}","templated":true}]}}