{"id":298170,"date":"2025-08-05T13:38:18","date_gmt":"2025-08-05T13:38:18","guid":{"rendered":"https:\/\/www.europesays.com\/fr\/298170\/"},"modified":"2025-08-05T13:38:18","modified_gmt":"2025-08-05T13:38:18","slug":"en-attendant-la-serie-harry-potter-fait-passer-a-ses-fans-un-grand-examen-de-rentree","status":"publish","type":"post","link":"https:\/\/www.europesays.com\/fr\/298170\/","title":{"rendered":"En attendant la s\u00e9rie, \u00ab\u00a0Harry Potter\u00a0\u00bb fait passer \u00e0 ses fans un \u00ab\u00a0Grand Examen\u00a0\u00bb de rentr\u00e9e"},"content":{"rendered":"<ul class=\"jsx-862013697 ArticleChapo__List\">\n<li class=\"jsx-862013697 ArticleChapo__List_Item flex\">Apr\u00e8s les cours de Quidditch grandeur nature, l&rsquo;\u00e9v\u00e8nement annuel \u00ab\u00a0Retour \u00e0 Poudlard\u00a0\u00bb convie cette ann\u00e9e les aficionados de la saga \u00e0 un grand quiz sur l\u2019univers du sorcier.<\/li>\n<li class=\"jsx-862013697 ArticleChapo__List_Item flex\">Les plus chanceux pourront y participer en personne \u00e0 la Biblioth\u00e8que Sainte-Genevi\u00e8ve \u00e0 Paris samedi 30 ao\u00fbt.<\/li>\n<li class=\"jsx-862013697 ArticleChapo__List_Item flex\">Le questionnaire sera \u00e9galement disponible en ligne pour permettre au plus grand nombre de tester ses connaissances.<\/li>\n<\/ul>\n<p data-module=\"article-paragraph\" class=\"jsx-3046738180 Paragraph Paragraph__End\">C\u2019est une \u00e9preuve \u00e0 laquelle le professeur McGonagall aurait sans doute ador\u00e9 se frotter. La saga Harry Potter fait r\u00e9viser les bases \u00e0 ses fans les plus fid\u00e8les lors d\u2019un \u00ab\u00a0Grand Examen\u00a0\u00bb organis\u00e9 dans le cadre de \u00ab\u00a0Retour \u00e0 Poudlard\u00a0\u00bb,<a href=\"https:\/\/www.tf1info.fr\/culture\/la-saga-harry-potter-fetera-la-rentree-avec-des-cours-de-quidditch-grandeur-nature-2314612.html\" target=\"_blank\" rel=\"noopener\"> l\u2019\u00e9v\u00e8nement annuel qui c\u00e9l\u00e8bre le d\u00e9part des nouveaux \u00e9l\u00e8ves<\/a> vers l\u2019\u00e9cole de magie le 1er septembre. Rendez-vous est donn\u00e9 le samedi 30 ao\u00fbt au c\u0153ur de la Biblioth\u00e8que Sainte-Genevi\u00e8ve, \u00e0 Paris, pour un test d\u2019une dur\u00e9e d\u20191h30 o\u00f9 se succ\u00e8deront les QCM, les extraits audio et m\u00eame une dict\u00e9e autour de l\u2019univers cr\u00e9\u00e9 par J.K. Rowling.<\/p>\n<p data-module=\"article-paragraph\" class=\"jsx-3046738180 Paragraph\"><a href=\"https:\/\/inscription.retourapoudlard.fr\/\" target=\"_blank\" rel=\"nofollow noopener\">Si les inscriptions affichent d\u00e9j\u00e0 compl\u00e8tent (nouvelle fen\u00eatre)<\/a>, les plus optimistes pourront rejoindre une file d\u2019attente qui n\u2019avancera qu\u2019en cas de non-pr\u00e9sentation des inscrits. Les autres auront tout le loisir de se pr\u00eater au jeu \u00e0 domicile car le questionnaire sera \u00e9galement mis en ligne du 30 ao\u00fbt au 6 septembre sur les r\u00e9seaux sociaux officiels de la saga. Une version \u00ab\u00a0famille\u00a0\u00bb sera disponible pour permettre aux plus jeunes de s\u2019amuser aussi.<\/p>\n<p data-module=\"article-paragraph\" class=\"jsx-3046738180 Paragraph Paragraph__End\">Pour se pr\u00e9parer, certains se replongeront dans les romans et d\u2019autres dans les films. On vous conseille aussi de jeter un \u0153il au Tournoi des 4 maisons sur HBO Max. Cette \u00e9mission pr\u00e9sent\u00e9e par l\u2019actrice Helen Mirren voit s\u2019affronter des candidats repr\u00e9sentant Gryffondor, Poufsouffle, Serdaigle et Serpentard \u00e0 coup de questions extr\u00eamement pointues.<\/p>\n<p><a href=\"https:\/\/www.tf1info.fr\/culture\/le-tournage-de-la-serie-harry-potter-debute-enfin-decouvrez-le-jeune-harry-en-costume-2382862.html\" rel=\"noopener\" class=\"jsx-3308031228 Link flex\" target=\"_blank\"><img decoding=\"async\" src=\"https:\/\/www.europesays.com\/fr\/wp-content\/uploads\/2025\/08\/harry-potter-ecole-des-sorciers-2-7cedf9-0@1x.jpeg\" alt=\"Warner\" loading=\"lazy\" importance=\"low\" fetchpriority=\"low\" class=\"\" aria-hidden=\"true\"\/><\/p>\n<p class=\"jsx-3657663356 ReadMoreArticle__Title\">Lire aussi<\/p>\n<p class=\"jsx-3657663356\">Le tournage de la s\u00e9rie \u00ab\u00a0Harry Potter\u00a0\u00bb d\u00e9bute enfin, d\u00e9couvrez le jeune Harry en costume<\/p>\n<p><\/a><\/p>\n<p data-module=\"article-paragraph\" class=\"jsx-3046738180 Paragraph Paragraph__End\">Pr\u00e8s de 30 ans apr\u00e8s la publication du tout premier roman, l\u2019engouement autour de la saga ne faiblit pas. Une s\u00e9rie vient d\u2019entrer en tournage au Royaume-Uni avec de jeunes acteurs qui succ\u00e8dent \u00e0 Daniel Radcliffe, Emma Watson et Rupert Grint dans les r\u00f4les de Harry, Hermione et Ron. La diffusion sur HBO Max n\u2019est pas pr\u00e9vue avant 2027 et devrait s\u2019\u00e9taler au moins sur dix ans. De quoi ensorceler toute une nouvelle g\u00e9n\u00e9ration.<\/p>\n<p>Delphine DE FREITAS<\/p>\n","protected":false},"excerpt":{"rendered":"Apr\u00e8s les cours de Quidditch grandeur nature, l&rsquo;\u00e9v\u00e8nement annuel \u00ab\u00a0Retour \u00e0 Poudlard\u00a0\u00bb convie cette ann\u00e9e les aficionados de&hellip;\n","protected":false},"author":2,"featured_media":298171,"comment_status":"","ping_status":"","sticky":false,"template":"","format":"standard","meta":{"footnotes":""},"categories":[1354],"tags":[1111,11,1921,650,22137,58,39325,59,1346,1011,27,1922,10659,2041,1360,973,133,2040],"class_list":{"0":"post-298170","1":"post","2":"type-post","3":"status-publish","4":"format-standard","5":"has-post-thumbnail","7":"category-films","8":"tag-actu","9":"tag-actualites","10":"tag-article-video","11":"tag-cinema","12":"tag-daniel-radcliffe","13":"tag-divertissement","14":"tag-emma-watson","15":"tag-entertainment","16":"tag-films","17":"tag-fr","18":"tag-france","19":"tag-info","20":"tag-j-k-rowling","21":"tag-medias-et-divertissement","22":"tag-movies","23":"tag-people","24":"tag-video","25":"tag-video-culture"},"share_on_mastodon":{"url":"https:\/\/pubeurope.com\/@fr\/114976437338346980","error":""},"_links":{"self":[{"href":"https:\/\/www.europesays.com\/fr\/wp-json\/wp\/v2\/posts\/298170","targetHints":{"allow":["GET"]}}],"collection":[{"href":"https:\/\/www.europesays.com\/fr\/wp-json\/wp\/v2\/posts"}],"about":[{"href":"https:\/\/www.europesays.com\/fr\/wp-json\/wp\/v2\/types\/post"}],"author":[{"embeddable":true,"href":"https:\/\/www.europesays.com\/fr\/wp-json\/wp\/v2\/users\/2"}],"replies":[{"embeddable":true,"href":"https:\/\/www.europesays.com\/fr\/wp-json\/wp\/v2\/comments?post=298170"}],"version-history":[{"count":0,"href":"https:\/\/www.europesays.com\/fr\/wp-json\/wp\/v2\/posts\/298170\/revisions"}],"wp:featuredmedia":[{"embeddable":true,"href":"https:\/\/www.europesays.com\/fr\/wp-json\/wp\/v2\/media\/298171"}],"wp:attachment":[{"href":"https:\/\/www.europesays.com\/fr\/wp-json\/wp\/v2\/media?parent=298170"}],"wp:term":[{"taxonomy":"category","embeddable":true,"href":"https:\/\/www.europesays.com\/fr\/wp-json\/wp\/v2\/categories?post=298170"},{"taxonomy":"post_tag","embeddable":true,"href":"https:\/\/www.europesays.com\/fr\/wp-json\/wp\/v2\/tags?post=298170"}],"curies":[{"name":"wp","href":"https:\/\/api.w.org\/{rel}","templated":true}]}}