{"id":298172,"date":"2025-08-05T13:39:11","date_gmt":"2025-08-05T13:39:11","guid":{"rendered":"https:\/\/www.europesays.com\/fr\/298172\/"},"modified":"2025-08-05T13:39:11","modified_gmt":"2025-08-05T13:39:11","slug":"les-hommes-trois-fois-plus-concernes-que-les-femmes","status":"publish","type":"post","link":"https:\/\/www.europesays.com\/fr\/298172\/","title":{"rendered":"les hommes trois fois plus concern\u00e9s que les femmes"},"content":{"rendered":"<p>                         <img loading=\"lazy\" decoding=\"async\" src=\"https:\/\/www.europesays.com\/fr\/wp-content\/uploads\/2025\/08\/29a6b67_upload-1-yhnfhtxaondh-000-336z6nh.jpg\" alt=\"Un bouquet de fleurs d\u00e9pos\u00e9 dans un coll\u00e8ge, en hommage \u00e0 un gar\u00e7on de 13\u00a0ans qui s\u2019est suicid\u00e9. A Golbey (Vosges), en\u00a0janvier 2023.\"   width=\"664\" height=\"443\"\/>    Un bouquet de fleurs d\u00e9pos\u00e9 dans un coll\u00e8ge, en hommage \u00e0 un gar\u00e7on de 13\u00a0ans qui s\u2019est suicid\u00e9. A Golbey (Vosges), en\u00a0janvier 2023.  FREDERICK FLORIN\/AFP                 <\/p>\n<p class=\"article__paragraph  \">Etude apr\u00e8s \u00e9tude, les alertes se multiplient sur la sant\u00e9 mentale des jeunes, avec\u00a0pour indicateur la hausse des hospitalisations et des passages aux urgences pour des tentatives de suicide ces derni\u00e8res ann\u00e9es, en particulier des jeunes filles. Au point d\u2019en oublier, parfois, une autre courbe\u00a0: le nombre de personnes qui d\u00e9c\u00e8dent apr\u00e8s une tentative de suicide reste, lui, relativement stable depuis 2020, apr\u00e8s une baisse constante depuis le milieu des ann\u00e9es 1980.<\/p>\n<p class=\"article__paragraph  \">En\u00a02022, 9\u00a0200 personnes se sont donn\u00e9 la mort en France, ce qui porte le taux brut \u00e0 13,4 d\u00e9c\u00e8s pour 100\u00a0000 habitants \u2013 contre 13 en\u00a02021\u00a0et 13,1 en\u00a02020, selon les <a href=\"https:\/\/drees.solidarites-sante.gouv.fr\/publications-communique-de-presse\/rapports\/suicide-mal-etre-croissant-des-jeunes-femmes-et-fin-de\" target=\"_blank\" rel=\"noopener nofollow\" title=\"Nouvelle fen\u00eatre\">derniers chiffres rendus publics par l\u2019Observatoire national du suicide<\/a>, en f\u00e9vrier\u00a02025. La baisse, qui s\u2019est poursuivie durant trente-cinq ans, semble \u00ab\u00a0s\u2019essouffler\u00a0\u00bb, rel\u00e8ve l\u2019Observatoire, qui \u00e9met l\u2019hypoth\u00e8se d\u2019un \u00ab\u00a0niveau plancher\u00a0\u00bb atteint au tournant de la d\u00e9cennie 2020 (hormis un rebond en\u00a02018, li\u00e9 \u00e0 un artefact statistique, d\u00fb en grande partie \u00e0 une am\u00e9lioration de la collecte des donn\u00e9es).<\/p>\n<p>                              Lire aussi |  Article r\u00e9serv\u00e9 \u00e0 nos abonn\u00e9s  <a href=\"https:\/\/www.lemonde.fr\/societe\/article\/2025\/08\/05\/sante-mentale-des-jeunes-a-la-maison-on-a-cache-tous-les-medicaments-on-a-fait-disparaitre-les-couteaux-les-rasoirs-les-ciseaux_6626642_3224.html\" class=\"js-article-read-also catcher--favoris__link\" data-premium=\"1\" id=\"article-title-3431337\" rel=\"nofollow noopener\" target=\"_blank\">\u00ab\u00a0J\u2019esp\u00e8re qu\u2019on pourra dire, un jour, que tout cela est derri\u00e8re nous\u00a0\u00bb\u00a0: ces familles \u00e0 la recherche de \u00ab\u00a0cl\u00e9s\u00a0\u00bb pour aider leur adolescent en souffrance<\/a>    <\/p>\n<p>   Lire plus tard  <\/p>\n<p class=\"article__paragraph  \">Les grandes tendances restent les m\u00eames\u00a0: les hommes (6\u00a0925) sont trois fois plus concern\u00e9s que les femmes (2\u00a0275), rappelle l\u2019Observatoire, avec un taux, pour 100\u00a0000, respectivement de 20,8 contre 6,4. La focale a beau \u00eatre braqu\u00e9e, depuis la crise sanitaire, sur les adolescents, les taux de suicide augmentent avec l\u2019\u00e2ge, allant de 2,7 pour 100\u00a0000 chez les moins de 25\u00a0ans \u00e0 plus de 35 pour 100\u00a0000 parmi les 85\u00a0ans ou plus.<\/p>\n<p class=\"reading-mode-only \"><strong>Il vous reste 63.81% de cet article \u00e0 lire. La suite est r\u00e9serv\u00e9e aux abonn\u00e9s.<\/strong><\/p>\n","protected":false},"excerpt":{"rendered":"Un bouquet de fleurs d\u00e9pos\u00e9 dans un coll\u00e8ge, en hommage \u00e0 un gar\u00e7on de 13\u00a0ans qui s\u2019est suicid\u00e9.&hellip;\n","protected":false},"author":2,"featured_media":298173,"comment_status":"","ping_status":"","sticky":false,"template":"","format":"standard","meta":{"footnotes":""},"categories":[10],"tags":[1011,27,72,71],"class_list":{"0":"post-298172","1":"post","2":"type-post","3":"status-publish","4":"format-standard","5":"has-post-thumbnail","7":"category-sante","8":"tag-fr","9":"tag-france","10":"tag-health","11":"tag-sante"},"share_on_mastodon":{"url":"https:\/\/pubeurope.com\/@fr\/114976441213950359","error":""},"_links":{"self":[{"href":"https:\/\/www.europesays.com\/fr\/wp-json\/wp\/v2\/posts\/298172","targetHints":{"allow":["GET"]}}],"collection":[{"href":"https:\/\/www.europesays.com\/fr\/wp-json\/wp\/v2\/posts"}],"about":[{"href":"https:\/\/www.europesays.com\/fr\/wp-json\/wp\/v2\/types\/post"}],"author":[{"embeddable":true,"href":"https:\/\/www.europesays.com\/fr\/wp-json\/wp\/v2\/users\/2"}],"replies":[{"embeddable":true,"href":"https:\/\/www.europesays.com\/fr\/wp-json\/wp\/v2\/comments?post=298172"}],"version-history":[{"count":0,"href":"https:\/\/www.europesays.com\/fr\/wp-json\/wp\/v2\/posts\/298172\/revisions"}],"wp:featuredmedia":[{"embeddable":true,"href":"https:\/\/www.europesays.com\/fr\/wp-json\/wp\/v2\/media\/298173"}],"wp:attachment":[{"href":"https:\/\/www.europesays.com\/fr\/wp-json\/wp\/v2\/media?parent=298172"}],"wp:term":[{"taxonomy":"category","embeddable":true,"href":"https:\/\/www.europesays.com\/fr\/wp-json\/wp\/v2\/categories?post=298172"},{"taxonomy":"post_tag","embeddable":true,"href":"https:\/\/www.europesays.com\/fr\/wp-json\/wp\/v2\/tags?post=298172"}],"curies":[{"name":"wp","href":"https:\/\/api.w.org\/{rel}","templated":true}]}}