{"id":298180,"date":"2025-08-05T13:43:10","date_gmt":"2025-08-05T13:43:10","guid":{"rendered":"https:\/\/www.europesays.com\/fr\/298180\/"},"modified":"2025-08-05T13:43:10","modified_gmt":"2025-08-05T13:43:10","slug":"le-secret-dete-meconnu-qui-divise-votre-facture-de-clim-sans-perdre-en-confort-a-la-maison","status":"publish","type":"post","link":"https:\/\/www.europesays.com\/fr\/298180\/","title":{"rendered":"Le secret d\u2019\u00e9t\u00e9 m\u00e9connu qui divise votre facture de clim\u2019 sans perdre en confort \u00e0 la maison"},"content":{"rendered":"<p>Imaginez : une vague de chaleur s&rsquo;installe, le moindre courant d&rsquo;air est traqu\u00e9, et la tentation de transformer son appartement en igloo est plus forte que jamais. En France, cet \u00e9t\u00e9 2025 bat d\u00e9j\u00e0 des records de chaleur, et comme chaque ann\u00e9e, la climatisation tourne \u00e0 plein r\u00e9gime&#8230; avec \u00e0 la cl\u00e9 une facture d&rsquo;\u00e9lectricit\u00e9 qui grimpe aussi vite que le mercure. Pourtant, un geste tout simple, souvent m\u00e9connu et contre-intuitif, divise la note par deux tout en gardant la maison agr\u00e9ablement fra\u00eeche. Alors, pourquoi tant de Fran\u00e7ais passent-ils \u00e0 c\u00f4t\u00e9 ? Et comment adopter ce secret sans sacrifier son confort ni exploser son budget vacances ?<\/p>\n<p>Chaleur d&rsquo;\u00e9t\u00e9 : pourquoi notre r\u00e9flexe clim&rsquo; est (souvent) une erreur<br \/>\n La tentation du froid glacial et ses d\u00e9rives \u00e9nerg\u00e9tiques<\/p>\n<p>Face \u00e0 la canicule, beaucoup ont le m\u00eame r\u00e9flexe : descendre la climatisation \u00e0 20 ou 22\u00b0C, esp\u00e9rant retrouver instantan\u00e9ment la sensation de fra\u00eecheur d&rsquo;un centre commercial ou d&rsquo;un supermarch\u00e9. Mais \u00e0 la maison, ce choix a un co\u00fbt cach\u00e9. <strong>Plus l&rsquo;\u00e9cart entre la temp\u00e9rature int\u00e9rieure et ext\u00e9rieure est grand<\/strong>, plus la machine force et consomme d&rsquo;\u00e9lectricit\u00e9. R\u00e9sultat : une atmosph\u00e8re certes fra\u00eeche, mais une consommation qui explose&#8230; et un choc thermique peu agr\u00e9able \u00e0 chaque sortie.<\/p>\n<p> Comment la temp\u00e9rature id\u00e9ale est bien diff\u00e9rente de ce qu&rsquo;on croit<\/p>\n<p>On croit souvent, \u00e0 tort, qu&rsquo;il faut une fra\u00eecheur saisissante pour se sentir mieux chez soi en \u00e9t\u00e9. Pourtant, <strong>le corps humain s&rsquo;adapte tr\u00e8s bien \u00e0 une ambiance temp\u00e9r\u00e9e<\/strong>. Abandonner la recherche du froid polaire permet non seulement de se sentir mieux sur la dur\u00e9e, mais aussi de r\u00e9aliser de v\u00e9ritables \u00e9conomies sans renoncer au confort.<\/p>\n<p>Passer \u00e0 26\u00b0C : le choix malin qui change tout<br \/>\n Ce qui se passe concr\u00e8tement dans la maison<\/p>\n<p>L&rsquo;astuce est simple : <strong>r\u00e9gler la climatisation \u00e0 26\u00b0C au lieu de 22\u00b0C<\/strong>. Contrairement \u00e0 ce que l&rsquo;on imagine, la diff\u00e9rence de ressenti est minime, surtout si l&rsquo;on ma\u00eetrise quelques petits r\u00e9flexes (fermer les volets, \u00e9viter les apports de chaleur inutiles&#8230;). En maintenant cette temp\u00e9rature, l&rsquo;air reste nettement plus agr\u00e9able qu&rsquo;\u00e0 l&rsquo;ext\u00e9rieur, l&rsquo;humidit\u00e9 baisse, et on \u00e9vite l&rsquo;impression de suffoquer que provoquent souvent les pics de chaleur estivale.<\/p>\n<p>Les chiffres qui font r\u00e9fl\u00e9chir : la diff\u00e9rence sur la note d&rsquo;\u00e9lectricit\u00e9<\/p>\n<p><strong>Quatre degr\u00e9s de plus sur le r\u00e9glage, c&rsquo;est 40 \u00e0 50% d&rsquo;\u00e9lectricit\u00e9 \u00e9conomis\u00e9e sur la facture d&rsquo;\u00e9t\u00e9<\/strong>. Pour un logement moyen \u00e9quip\u00e9, passer de 22 \u00e0 26\u00b0C peut \u00e9conomiser plusieurs dizaines d&rsquo;euros par mois tout en \u00e9vitant de solliciter au maximum le r\u00e9seau \u00e9lectrique. Ce geste simple, adopt\u00e9 d\u00e8s l&rsquo;arriv\u00e9e des fortes chaleurs, r\u00e9duit consid\u00e9rablement la pression sur le budget&#8230; et sur l&rsquo;environnement.<\/p>\n<p>Stop aux id\u00e9es re\u00e7ues : comment 26\u00b0C ne rime pas avec inconfort<br \/>\n Astuces pour garder la fra\u00eecheur sans surconsommer<\/p>\n<p>Maintenir le confort \u00e0 26\u00b0C n&rsquo;est pas sorcier lorsque l&rsquo;on combine quelques astuces au quotidien. Voici les <a href=\"https:\/\/journaldesseniors.20minutes.fr\/maison\/10-astuces-de-pro-faire-croire-maison-impeccable\/\" target=\"_blank\" rel=\"noopener\">r\u00e9flexes \u00e0 adopter<\/a> d\u00e8s maintenant :<\/p>\n<ul>\n<li><strong>Fermer les volets avant 10h<\/strong> : on laisse la lumi\u00e8re dehors, la fra\u00eecheur dedans.<\/li>\n<li><strong>Utiliser un ventilateur en compl\u00e9ment<\/strong> : un l\u00e9ger brassage d&rsquo;air suffit \u00e0 am\u00e9liorer la sensation de frais.<\/li>\n<li><strong>Couper la clim&rsquo; la nuit<\/strong> si la temp\u00e9rature ext\u00e9rieure descend sous les 25\u00b0C, et a\u00e9rer un grand coup aux aurores.<\/li>\n<li><strong>Limiter les appareils \u00e9lectriques<\/strong> (four, plaques, s\u00e8che-linge) en journ\u00e9e, pour \u00e9viter d&rsquo;ajouter de la chaleur inutile.<\/li>\n<li><strong>D\u00e9shumidifier si besoin<\/strong> : un air moins humide est per\u00e7u comme nettement plus frais, m\u00eame \u00e0 26\u00b0C.<\/li>\n<\/ul>\n<p>Cas r\u00e9els : ceux qui l&rsquo;ont test\u00e9 ne veulent plus revenir en arri\u00e8re<\/p>\n<p>Apr\u00e8s quelques jours \u00e0 26\u00b0C, nombreux sont ceux qui d\u00e9couvrent qu&rsquo;ils s&rsquo;habituent tr\u00e8s vite \u00e0 cette temp\u00e9rature. <strong>Moins de rhumes d&rsquo;\u00e9t\u00e9, moins de jambes lourdes<\/strong>, moins de diff\u00e9rence avec la temp\u00e9rature ext\u00e9rieure au moment de sortir&#8230; et une tranquillit\u00e9 d&rsquo;esprit quand arrive la facture d&rsquo;\u00e9lectricit\u00e9. Pour de nombreux foyers, ce nouvel \u00e9quilibre devient la norme d\u00e8s le mois de juin : plus question de faire la chasse au froid extr\u00eame, on opte pour le juste frais.<\/p>\n<p> Les bons gestes pour un \u00e9t\u00e9 frais sans exploser son budget<br \/>\n Optimiser l&rsquo;utilisation de la climatisation au quotidien<\/p>\n<p>R\u00e9gler la climatisation \u00e0 26\u00b0C est le point de d\u00e9part, mais il existe d&rsquo;autres <strong>petits gestes \u00e0 cumuler<\/strong> pour maximiser l&rsquo;efficacit\u00e9 :<\/p>\n<ul>\n<li><strong>Fermer portes et fen\u00eatres<\/strong> quand la clim est en route, pour \u00e9viter la d\u00e9perdition de fra\u00eecheur.<\/li>\n<li><strong>Programmer la mise en marche seulement en milieu d&rsquo;apr\u00e8s-midi<\/strong>, quand la chaleur devient difficile \u00e0 supporter.<\/li>\n<li><strong>Pousser le mode \u00ab \u00e9co \u00bb ou \u00ab nuit \u00bb<\/strong> si votre appareil en dispose, pour all\u00e9ger la consommation par cr\u00e9neau horaire.<\/li>\n<\/ul>\n<p> Petits accessoires et grandes habitudes qui font la diff\u00e9rence<\/p>\n<p>Des accessoires abordables, simples \u00e0 installer, permettent d&rsquo;optimiser le ressenti sans pousser la climatisation :<\/p>\n<ul>\n<li><strong>Rideaux occultants ou pare-soleil r\u00e9fl\u00e9chissant<\/strong> sur les vitrages les plus expos\u00e9s : une barri\u00e8re efficace contre la surchauffe.<\/li>\n<li><strong>Tapis en fibre naturelle<\/strong> au sol pour att\u00e9nuer la sensation de chaleur sous les pieds, surtout dans les \u00e9tages.<\/li>\n<li><strong>Spray d&rsquo;eau fra\u00eeche ou linge humide devant le ventilateur<\/strong> : une astuce ancestrale pour rafra\u00eechir l&rsquo;air \u00e0 peu de frais.<\/li>\n<li><strong>Bouteille d&rsquo;eau glac\u00e9e pr\u00e8s du lit ou sur la table de nuit<\/strong> : un geste tout simple pour supporter les nuits chaudes sans surconsommer.<\/li>\n<\/ul>\n<p>Ce qu&rsquo;on retient : il est temps de revoir nos r\u00e8gles pour un \u00e9t\u00e9 plus serein et \u00e9conomique<\/p>\n<p>Abandonner le r\u00e9flexe du froid extr\u00eame \u00e0 la maison permet d&rsquo;\u00e9conomiser facilement sur la facture d&rsquo;\u00e9lectricit\u00e9 sans sacrifier son confort. <strong>Adopter la consigne de 26\u00b0C pour la climatisation<\/strong>, c&rsquo;est allier bon sens, bien-\u00eatre et \u00e9conomies substantielles \u2014 tout en se sentant mieux au quotidien. Cet \u00e9t\u00e9, et pour tous ceux \u00e0 venir, pourquoi ne pas modifier nos habitudes ? La fra\u00eecheur n&rsquo;est plus une question de contraste, mais d&rsquo;\u00e9quilibre&#8230; une approche \u00e0 exp\u00e9rimenter d\u00e8s maintenant pour des vacances et un mois d&rsquo;ao\u00fbt v\u00e9ritablement plus l\u00e9gers.<\/p>\n","protected":false},"excerpt":{"rendered":"Imaginez : une vague de chaleur s&rsquo;installe, le moindre courant d&rsquo;air est traqu\u00e9, et la tentation de transformer&hellip;\n","protected":false},"author":2,"featured_media":298181,"comment_status":"","ping_status":"","sticky":false,"template":"","format":"standard","meta":{"footnotes":""},"categories":[6],"tags":[35,33,34,1011,27,56],"class_list":{"0":"post-298180","1":"post","2":"type-post","3":"status-publish","4":"format-standard","5":"has-post-thumbnail","7":"category-economie","8":"tag-business","9":"tag-economie","10":"tag-economy","11":"tag-fr","12":"tag-france","13":"tag-push"},"share_on_mastodon":{"url":"https:\/\/pubeurope.com\/@fr\/114976457080997450","error":""},"_links":{"self":[{"href":"https:\/\/www.europesays.com\/fr\/wp-json\/wp\/v2\/posts\/298180","targetHints":{"allow":["GET"]}}],"collection":[{"href":"https:\/\/www.europesays.com\/fr\/wp-json\/wp\/v2\/posts"}],"about":[{"href":"https:\/\/www.europesays.com\/fr\/wp-json\/wp\/v2\/types\/post"}],"author":[{"embeddable":true,"href":"https:\/\/www.europesays.com\/fr\/wp-json\/wp\/v2\/users\/2"}],"replies":[{"embeddable":true,"href":"https:\/\/www.europesays.com\/fr\/wp-json\/wp\/v2\/comments?post=298180"}],"version-history":[{"count":0,"href":"https:\/\/www.europesays.com\/fr\/wp-json\/wp\/v2\/posts\/298180\/revisions"}],"wp:featuredmedia":[{"embeddable":true,"href":"https:\/\/www.europesays.com\/fr\/wp-json\/wp\/v2\/media\/298181"}],"wp:attachment":[{"href":"https:\/\/www.europesays.com\/fr\/wp-json\/wp\/v2\/media?parent=298180"}],"wp:term":[{"taxonomy":"category","embeddable":true,"href":"https:\/\/www.europesays.com\/fr\/wp-json\/wp\/v2\/categories?post=298180"},{"taxonomy":"post_tag","embeddable":true,"href":"https:\/\/www.europesays.com\/fr\/wp-json\/wp\/v2\/tags?post=298180"}],"curies":[{"name":"wp","href":"https:\/\/api.w.org\/{rel}","templated":true}]}}