{"id":298182,"date":"2025-08-05T13:44:12","date_gmt":"2025-08-05T13:44:12","guid":{"rendered":"https:\/\/www.europesays.com\/fr\/298182\/"},"modified":"2025-08-05T13:44:12","modified_gmt":"2025-08-05T13:44:12","slug":"dragon-bravo-le-megafeu-hors-de-controle-qui-devore-le-parc-national-depuis-un-mois","status":"publish","type":"post","link":"https:\/\/www.europesays.com\/fr\/298182\/","title":{"rendered":"Dragon Bravo, le m\u00e9gafeu hors de contr\u00f4le qui d\u00e9vore le parc national depuis un mois"},"content":{"rendered":"<p>        <img decoding=\"async\" loading=\"lazy\" src=\"https:\/\/www.europesays.com\/fr\/wp-content\/uploads\/2025\/08\/9ea9b09_upload-1-ay67u3smy3dz-afp-20250803-68mw4ke-v1-highres-usfireenvironment.jpg\"  width=\"728\" height=\"409\" alt=\"La fum\u00e9e de l\u2019incendie Dragon Bravo sur la rive nord du parc national du Grand Canyon, en Arizona, le 30\u00a0juillet 2025. \"\/>  <\/p>\n<p>A. SAGE-MORRIS \/ AFP<\/p>\n<p>La fum\u00e9e de l\u2019incendie Dragon Bravo sur la rive nord du parc national du Grand Canyon, en Arizona, le 30\u00a0juillet 2025. <\/p>\n<p class=\"asset asset-text\">\u00c9TATS-UNIS &#8211; C\u2019est d\u00e9j\u00e0 le plus gros incendie de l\u2019ann\u00e9e aux <a href=\"https:\/\/www.huffingtonpost.fr\/international\/article\/pour-avoir-un-visa-americain-certains-etrangers-devront-bientot-payer-une-caution-astronomique_253274.html\" target=\"_blank\" rel=\"noopener\">\u00c9tats-Unis<\/a>, dans un des lieux les plus iconiques du pays. Le Grand Canyon, parmi les parcs naturels de l\u2019Ouest am\u00e9ricain les plus connus au monde, est depuis un mois la proie d\u2019un incendie hors de contr\u00f4le, le \u00ab\u00a0Dragon Bravo Fire\u00a0\u00bb, qui a d\u00e9j\u00e0 ravag\u00e9 pr\u00e8s de 50\u00a0000 hectares. En pleine saison touristique, il a contraint les autorit\u00e9s \u00e0 fermer sa rive nord, qui concentre d\u2019ordinaire 10\u00a0% des visites.<\/p>\n<p class=\"asset asset-text\">Tout avait commenc\u00e9 le 4\u00a0juillet, <a href=\"https:\/\/www.huffingtonpost.fr\/international\/article\/trump-ne-va-pas-lesiner-sur-la-mise-en-scene-pour-celebrer-sa-loi-budgetaire-le-jour-de-la-fete-nationale_252219.html\" target=\"_blank\" rel=\"noopener\">jour de la f\u00eate nationale am\u00e9ricaine<\/a>. Ce jour-l\u00e0, la <a href=\"https:\/\/www.huffingtonpost.fr\/france\/article\/en-cas-d-orage-comment-se-comporter-en-exterieur-ou-en-interieur-clx5_220546.html\" target=\"_blank\" rel=\"noopener\">foudre<\/a> a d\u00e9clench\u00e9 les premiers feux, qui sont aujourd\u2019hui combattus jour et nuit, sur terre et dans les airs, par plus d\u2019un millier de pompiers.<\/p>\n<p class=\"asset asset-text\">\u00ab\u00a0En d\u00e9pit d\u2019une humidit\u00e9 \u00e0 un taux tr\u00e8s faible de 4\u00a0%, (les pompiers) sont parvenus \u00e0 ma\u00eetriser la croissance de l\u2019incendie\u00a0\u00bb, a indiqu\u00e9 lundi 4\u00a0ao\u00fbt dans un communiqu\u00e9 le commandement des soldats du feu de l\u2019\u00c9tat de l\u2019<a href=\"https:\/\/www.huffingtonpost.fr\/international\/article\/a-phoenix-dans-l-arizona-un-homme-s-est-fait-la-frayeur-de-sa-vie-dans-des-montagnes-russes_242827.html\" target=\"_blank\" rel=\"noopener\">Arizona<\/a>.<\/p>\n<p class=\"asset asset-text\">Selon le site gouvernemental InciWeb, qui surveille les incendies dans tout le pays, le \u00ab\u00a0Dragon Bravo Fire\u00a0\u00bb, qualifi\u00e9 de \u00ab\u00a0m\u00e9ga feu\u00a0\u00bb, n\u2019est contenu qu\u2019\u00e0 13\u00a0% et risque de s\u2019\u00e9tendre dans les prochains jours en raison d\u2019un temps tr\u00e8s sec et tr\u00e8s chaud en Arizona.<\/p>\n<p> La lecture de ce contenu est susceptible d\u2019entra\u00eener un d\u00e9p\u00f4t de cookies de la part de l\u2019op\u00e9rateur tiers qui l\u2019h\u00e9berge. Compte-tenu des choix que vous avez exprim\u00e9s en mati\u00e8re de d\u00e9p\u00f4t de cookies, nous avons bloqu\u00e9 l\u2019affichage de ce contenu. Si vous souhaitez y acc\u00e9der, vous devez accepter la cat\u00e9gorie de cookies \u201cContenus tiers\u201d en cliquant sur le bouton ci-dessous. <\/p>\n<p> Lire la Vid\u00e9o           <\/p>\n<p> La lecture de ce contenu est susceptible d\u2019entra\u00eener un d\u00e9p\u00f4t de cookies de la part de l\u2019op\u00e9rateur tiers qui l\u2019h\u00e9berge. Compte-tenu des choix que vous avez exprim\u00e9s en mati\u00e8re de d\u00e9p\u00f4t de cookies, nous avons bloqu\u00e9 l\u2019affichage de ce contenu. Si vous souhaitez y acc\u00e9der, vous devez accepter la cat\u00e9gorie de cookies \u201cContenus tiers\u201d en cliquant sur le bouton ci-dessous. <\/p>\n<p> Lire la Vid\u00e9o           <\/p>\n<p> La lecture de ce contenu est susceptible d\u2019entra\u00eener un d\u00e9p\u00f4t de cookies de la part de l\u2019op\u00e9rateur tiers qui l\u2019h\u00e9berge. Compte-tenu des choix que vous avez exprim\u00e9s en mati\u00e8re de d\u00e9p\u00f4t de cookies, nous avons bloqu\u00e9 l\u2019affichage de ce contenu. Si vous souhaitez y acc\u00e9der, vous devez accepter la cat\u00e9gorie de cookies \u201cContenus tiers\u201d en cliquant sur le bouton ci-dessous. <\/p>\n<p> Lire la Vid\u00e9o        Un h\u00f4tel mythique du parc parti en fum\u00e9e    <\/p>\n<p class=\"asset asset-text\">Le parc du Grand Canyon, visit\u00e9 chaque ann\u00e9e par 4,5\u00a0millions de touristes am\u00e9ricains et \u00e9trangers, avait ferm\u00e9 mi-juillet sa rive nord (North Rim) pour le reste de la saison, c\u2019est-\u00e0-dire jusqu\u2019au 15\u00a0octobre. La rive sud (South Rim) du Grand Canyon, pr\u00e9f\u00e9r\u00e9e par 90\u00a0% des visiteurs, reste, elle, encore accessible.<\/p>\n<p class=\"asset asset-text\">Les autorit\u00e9s du parc, o\u00f9 une impressionnante colonne de fum\u00e9e surplombe depuis un mois l\u2019immense gorge rougeoyante creus\u00e9e par le fleuve Colorado, <a href=\"https:\/\/www.huffingtonpost.fr\/international\/article\/des-touristes-evacues-du-grand-canyon-face-a-la-progression-rapide-d-un-feu-de-foret_252518.html\" target=\"_blank\" rel=\"noopener\">avaient fait \u00e9vacuer en juillet un demi-millier de touristes et employ\u00e9s<\/a>.<\/p>\n<p class=\"asset asset-text\">Le \u00ab\u00a0Dragon Bravo Fire\u00a0\u00bb n\u2019a pour le moment fait aucune victime mais a d\u00e9truit selon les autorit\u00e9s \u00ab\u00a0entre 50 et 80 infrastructures\u00a0\u00bb sur la rive nord, dont le seul h\u00f4tel de la zone, Grand Canyon Lodge, un b\u00e2timent mythique des ann\u00e9es 1930 avec une vue \u00e0 couper le souffle sur l\u2019immense site naturel. Le centre d\u2019accueil des visiteurs sur la rive nord est aussi parti en fum\u00e9e.<\/p>\n<p> La lecture de ce contenu est susceptible d\u2019entra\u00eener un d\u00e9p\u00f4t de cookies de la part de l\u2019op\u00e9rateur tiers qui l\u2019h\u00e9berge. Compte-tenu des choix que vous avez exprim\u00e9s en mati\u00e8re de d\u00e9p\u00f4t de cookies, nous avons bloqu\u00e9 l\u2019affichage de ce contenu. Si vous souhaitez y acc\u00e9der, vous devez accepter la cat\u00e9gorie de cookies \u201cContenus tiers\u201d en cliquant sur le bouton ci-dessous. <\/p>\n<p> Lire la Vid\u00e9o        <\/p>\n<p class=\"asset asset-text\">Sur l\u2019int\u00e9gralit\u00e9 de juillet, un pluviom\u00e8tre dans le parc a mesur\u00e9 environ 2,5\u00a0cm de pluie, tomb\u00e9e en tr\u00e8s grande partie au d\u00e9but du mois. C\u2019est deux fois moins que la normale \u00e0 cette \u00e9poque de l\u2019ann\u00e9e.<\/p>\n<p class=\"asset asset-text\">Malgr\u00e9 toutes ces donn\u00e9es peu encourageantes pour voir arriver un possible \u00e9pilogue \u00e0 ce gigantesque incendie, un m\u00e9t\u00e9orologue au bureau du National Weather Service \u00e0 Flagstaff, en Arizona, veut tendre vers l\u2019optimisme. \u00ab\u00a0Jusqu\u2019\u00e0 pr\u00e9sent, la mousson n\u2019a \u00e9t\u00e9 pr\u00e9sente que par intermittence\u00a0\u00bb, <a href=\"https:\/\/www.nytimes.com\/2025\/08\/02\/weather\/dragon-bravo-fire-grand-canyon-update.html\" target=\"_blank\" rel=\"noopener\" title=\"Nouvelle fen\u00eatre\">indique Benjamin Peterson aupr\u00e8s du New York Times<\/a>. \u00ab\u00a0Elle pourrait \u00eatre retard\u00e9e, et nous pourrions la rattraper. Les mod\u00e8les \u00e0 plus long terme ne le confirment pas vraiment, mais il suffit d\u2019une ou deux semaines tr\u00e8s pluvieuses pour inverser la tendance\u00a0\u00bb, veut-il croire.<\/p>\n<p class=\"asset asset-text\">La gestion des incendies est cette ann\u00e9e un sujet d\u2019autant plus sensible dans l\u2019Ouest am\u00e9ricain que le pr\u00e9sident Donald Trump <a href=\"https:\/\/www.huffingtonpost.fr\/international\/article\/grand-canyon-yosemite-les-purges-voulues-par-trump-mettent-en-danger-les-parcs-nationaux-americains_246452.html\" target=\"_blank\" rel=\"noopener\">a impos\u00e9 d\u2019importantes coupes budg\u00e9taires et des licenciements \u00e0 l\u2019agence charg\u00e9e des for\u00eats<\/a>, \u00e0 l\u2019agence en charge de l\u2019observation oc\u00e9anique et atmosph\u00e9rique (NOAA) et \u00e0 la Fema, l\u2019agence f\u00e9d\u00e9rale de gestion des catastrophes.<\/p>\n","protected":false},"excerpt":{"rendered":"A. SAGE-MORRIS \/ AFP La fum\u00e9e de l\u2019incendie Dragon Bravo sur la rive nord du parc national du&hellip;\n","protected":false},"author":2,"featured_media":298183,"comment_status":"","ping_status":"","sticky":false,"template":"","format":"standard","meta":{"footnotes":""},"categories":[5],"tags":[11,38500,73,1011,27,43396,1310,14,12,28],"class_list":{"0":"post-298182","1":"post","2":"type-post","3":"status-publish","4":"format-standard","5":"has-post-thumbnail","7":"category-international","8":"tag-actualites","9":"tag-arizona","10":"tag-etats-unis","11":"tag-fr","12":"tag-france","13":"tag-grand-canyon","14":"tag-incendie","15":"tag-international","16":"tag-news","17":"tag-world"},"share_on_mastodon":{"url":"https:\/\/pubeurope.com\/@fr\/114976461003017768","error":""},"_links":{"self":[{"href":"https:\/\/www.europesays.com\/fr\/wp-json\/wp\/v2\/posts\/298182","targetHints":{"allow":["GET"]}}],"collection":[{"href":"https:\/\/www.europesays.com\/fr\/wp-json\/wp\/v2\/posts"}],"about":[{"href":"https:\/\/www.europesays.com\/fr\/wp-json\/wp\/v2\/types\/post"}],"author":[{"embeddable":true,"href":"https:\/\/www.europesays.com\/fr\/wp-json\/wp\/v2\/users\/2"}],"replies":[{"embeddable":true,"href":"https:\/\/www.europesays.com\/fr\/wp-json\/wp\/v2\/comments?post=298182"}],"version-history":[{"count":0,"href":"https:\/\/www.europesays.com\/fr\/wp-json\/wp\/v2\/posts\/298182\/revisions"}],"wp:featuredmedia":[{"embeddable":true,"href":"https:\/\/www.europesays.com\/fr\/wp-json\/wp\/v2\/media\/298183"}],"wp:attachment":[{"href":"https:\/\/www.europesays.com\/fr\/wp-json\/wp\/v2\/media?parent=298182"}],"wp:term":[{"taxonomy":"category","embeddable":true,"href":"https:\/\/www.europesays.com\/fr\/wp-json\/wp\/v2\/categories?post=298182"},{"taxonomy":"post_tag","embeddable":true,"href":"https:\/\/www.europesays.com\/fr\/wp-json\/wp\/v2\/tags?post=298182"}],"curies":[{"name":"wp","href":"https:\/\/api.w.org\/{rel}","templated":true}]}}