{"id":298188,"date":"2025-08-05T13:49:27","date_gmt":"2025-08-05T13:49:27","guid":{"rendered":"https:\/\/www.europesays.com\/fr\/298188\/"},"modified":"2025-08-05T13:49:27","modified_gmt":"2025-08-05T13:49:27","slug":"meurthe-et-moselle-a-la-decouverte-de-la-forteresse-des-rays-a-frouard","status":"publish","type":"post","link":"https:\/\/www.europesays.com\/fr\/298188\/","title":{"rendered":"Meurthe-et-Moselle. \u00c0 la d\u00e9couverte de la forteresse des Rays \u00e0 Frouard"},"content":{"rendered":"<p>Pour aller voir ce qu\u2019il reste de la forteresse des Rays \u00e0 Frouard (54) construite au milieu du XIII e si\u00e8cle par le duc Ferry III, la promenade d\u00e9bute dans cette ville, \u00e0 l\u2019intersection de la rue des Rays et du chemin du Jaillot que l\u2019on empruntera. Apr\u00e8s 350 m\u00e8tres, on prend \u00e0 droite sur le chemin des Bassins, puis, 350 m\u00e8tres plus loin, encore \u00e0 droite sur la rue des Rays. Quelques dizaines de m\u00e8tres apr\u00e8s, les ruines de ce ch\u00e2teau, d\u00e9mantel\u00e9 en 1635 par Richelieu, et destin\u00e9 au d\u00e9part \u00e0 tenir t\u00eate \u00e0 la forteresse du comte de Bar et \u00e0 celle de l\u2019\u00e9v\u00eaque de Metz, se trouvent \u00e0 droite dans le massif bois\u00e9.<\/p>\n<p>Une promenade qui surplombe la vall\u00e9e de la Moselle et qui offre une vue sur celle-ci. Une promenade sans grandes difficult\u00e9s et qui permet aussi de d\u00e9couvrir les autres chemins de randonn\u00e9e qui jalonnent le secteur.<\/p>\n","protected":false},"excerpt":{"rendered":"Pour aller voir ce qu\u2019il reste de la forteresse des Rays \u00e0 Frouard (54) construite au milieu du&hellip;\n","protected":false},"author":2,"featured_media":298189,"comment_status":"","ping_status":"","sticky":false,"template":"","format":"standard","meta":{"footnotes":""},"categories":[9635],"tags":[1111,11,7782,9661,1704,1777,674,1011,27,9660,775,31022,20065,3457,1702,12,3456,25,104],"class_list":{"0":"post-298188","1":"post","2":"type-post","3":"status-publish","4":"format-standard","5":"has-post-thumbnail","7":"category-nancy","8":"tag-actu","9":"tag-actualites","10":"tag-balades-et-randonnees","11":"tag-cc-du-bassin-de-pompey-54b1","12":"tag-edition-nancy-et-agglomeration","13":"tag-eu","14":"tag-europe","15":"tag-fr","16":"tag-france","17":"tag-frouard","18":"tag-grand-est","19":"tag-le-guide-de-lete-lorraine","20":"tag-magazine-tourisme-et-patrimoine","21":"tag-meurthe-et-moselle","22":"tag-nancy","23":"tag-news","24":"tag-region-lorraine","25":"tag-republique-francaise","26":"tag-societe"},"share_on_mastodon":{"url":"https:\/\/pubeurope.com\/@fr\/114976480636203628","error":""},"_links":{"self":[{"href":"https:\/\/www.europesays.com\/fr\/wp-json\/wp\/v2\/posts\/298188","targetHints":{"allow":["GET"]}}],"collection":[{"href":"https:\/\/www.europesays.com\/fr\/wp-json\/wp\/v2\/posts"}],"about":[{"href":"https:\/\/www.europesays.com\/fr\/wp-json\/wp\/v2\/types\/post"}],"author":[{"embeddable":true,"href":"https:\/\/www.europesays.com\/fr\/wp-json\/wp\/v2\/users\/2"}],"replies":[{"embeddable":true,"href":"https:\/\/www.europesays.com\/fr\/wp-json\/wp\/v2\/comments?post=298188"}],"version-history":[{"count":0,"href":"https:\/\/www.europesays.com\/fr\/wp-json\/wp\/v2\/posts\/298188\/revisions"}],"wp:featuredmedia":[{"embeddable":true,"href":"https:\/\/www.europesays.com\/fr\/wp-json\/wp\/v2\/media\/298189"}],"wp:attachment":[{"href":"https:\/\/www.europesays.com\/fr\/wp-json\/wp\/v2\/media?parent=298188"}],"wp:term":[{"taxonomy":"category","embeddable":true,"href":"https:\/\/www.europesays.com\/fr\/wp-json\/wp\/v2\/categories?post=298188"},{"taxonomy":"post_tag","embeddable":true,"href":"https:\/\/www.europesays.com\/fr\/wp-json\/wp\/v2\/tags?post=298188"}],"curies":[{"name":"wp","href":"https:\/\/api.w.org\/{rel}","templated":true}]}}