{"id":298195,"date":"2025-08-05T13:53:24","date_gmt":"2025-08-05T13:53:24","guid":{"rendered":"https:\/\/www.europesays.com\/fr\/298195\/"},"modified":"2025-08-05T13:53:24","modified_gmt":"2025-08-05T13:53:24","slug":"le-mammobile-fait-escale-un-rendez-vous-a-ne-pas-manquer-haute-garonne-st-loup-cammas","status":"publish","type":"post","link":"https:\/\/www.europesays.com\/fr\/298195\/","title":{"rendered":"Le Mammobile fait escale : un rendez-vous \u00e0 ne pas manquer ! &#8211; Haute Garonne &#8211; St-Loup-Cammas"},"content":{"rendered":"<p>                    <img width=\"1018\" height=\"631\" src=\"https:\/\/www.europesays.com\/fr\/wp-content\/uploads\/2025\/08\/mamobile.jpg\" class=\"img-fluid landscape wp-post-image\" alt=\"Le Mammobile\" itemprop=\"image\" decoding=\"async\" fetchpriority=\"high\"  \/>                    <\/p>\n<p itemprop=\"name\">\n                                                Le Mammobile<br \/>\n                         Cr\u00e9dits :<br \/>\n                            mj\n                                                <\/p>\n<p><strong>La pr\u00e9vention sant\u00e9 prend la route gr\u00e2ce aux Communaut\u00e9s Professionnelles Territoriales de Sant\u00e9 (CPTS) du Nord-Est Toulousain, qui organisent une journ\u00e9e de sensibilisation au d\u00e9pistage du cancer du sein avec la visite du Mammobile \u00e0 Saint-Loup-Cammas.<\/strong>&#13;<br \/>\n&#13;<br \/>\nLe 28 ao\u00fbt 2025, le Mammobile sera stationn\u00e9 All\u00e9e de la Salle des F\u00eates, de 10h \u00e0 13h, puis de 14h \u00e0 18h, pour offrir \u00e0 toutes les femmes la possibilit\u00e9 de r\u00e9aliser une mammographie de d\u00e9pistage, dans un cadre s\u00e9curis\u00e9 et confortable. Un geste simple qui peut faire toute la diff\u00e9rence pour d\u00e9tecter les premiers signes de cancer du sein.&#13;<br \/>\nUn acc\u00e8s facilit\u00e9 pour toutes :&#13;<br \/>\nLe Mammobile se d\u00e9place directement pr\u00e8s de chez vous, offrant un service de proximit\u00e9 accessible \u00e0 toutes les femmes de la commune et des alentours. Le d\u00e9pistage est gratuit, rapide, il est possible de prendre un rendez vous via Doctolib ou en appelant le 06 10 15 34 08, cr\u00e9neaux \u00e9galement disponibles sans rendez-vous.&#13;<br \/>\n&#13;<br \/>\nCe rendez-vous est l&rsquo;occasion de rappeler l&rsquo;importance du d\u00e9pistage pr\u00e9coce pour d\u00e9tecter les anomalies et favoriser une prise en charge rapide. Le cancer du sein, s\u2019il est d\u00e9pist\u00e9 \u00e0 un stade pr\u00e9coce, peut souvent \u00eatre soign\u00e9 efficacement.<\/p>\n<p>                Cet article est r\u00e9serv\u00e9 aux abonn\u00e9s.<\/p>\n<p class=\"signature\" itemscope=\"\" itemprop=\"Author\" itemtype=\"http:\/\/schema.org\/Person\">\n                mj\n            <\/p>\n","protected":false},"excerpt":{"rendered":"Le Mammobile Cr\u00e9dits : mj La pr\u00e9vention sant\u00e9 prend la route gr\u00e2ce aux Communaut\u00e9s Professionnelles Territoriales de Sant\u00e9&hellip;\n","protected":false},"author":2,"featured_media":298196,"comment_status":"","ping_status":"","sticky":false,"template":"","format":"standard","meta":{"footnotes":""},"categories":[9599],"tags":[1111,11,1777,674,1011,27,2208,12,2680,301,25],"class_list":{"0":"post-298195","1":"post","2":"type-post","3":"status-publish","4":"format-standard","5":"has-post-thumbnail","7":"category-montpellier","8":"tag-actu","9":"tag-actualites","10":"tag-eu","11":"tag-europe","12":"tag-fr","13":"tag-france","14":"tag-montpellier","15":"tag-news","16":"tag-occitanie","17":"tag-premium","18":"tag-republique-francaise"},"share_on_mastodon":{"url":"https:\/\/pubeurope.com\/@fr\/114976496346106964","error":""},"_links":{"self":[{"href":"https:\/\/www.europesays.com\/fr\/wp-json\/wp\/v2\/posts\/298195","targetHints":{"allow":["GET"]}}],"collection":[{"href":"https:\/\/www.europesays.com\/fr\/wp-json\/wp\/v2\/posts"}],"about":[{"href":"https:\/\/www.europesays.com\/fr\/wp-json\/wp\/v2\/types\/post"}],"author":[{"embeddable":true,"href":"https:\/\/www.europesays.com\/fr\/wp-json\/wp\/v2\/users\/2"}],"replies":[{"embeddable":true,"href":"https:\/\/www.europesays.com\/fr\/wp-json\/wp\/v2\/comments?post=298195"}],"version-history":[{"count":0,"href":"https:\/\/www.europesays.com\/fr\/wp-json\/wp\/v2\/posts\/298195\/revisions"}],"wp:featuredmedia":[{"embeddable":true,"href":"https:\/\/www.europesays.com\/fr\/wp-json\/wp\/v2\/media\/298196"}],"wp:attachment":[{"href":"https:\/\/www.europesays.com\/fr\/wp-json\/wp\/v2\/media?parent=298195"}],"wp:term":[{"taxonomy":"category","embeddable":true,"href":"https:\/\/www.europesays.com\/fr\/wp-json\/wp\/v2\/categories?post=298195"},{"taxonomy":"post_tag","embeddable":true,"href":"https:\/\/www.europesays.com\/fr\/wp-json\/wp\/v2\/tags?post=298195"}],"curies":[{"name":"wp","href":"https:\/\/api.w.org\/{rel}","templated":true}]}}