{"id":298199,"date":"2025-08-05T13:57:11","date_gmt":"2025-08-05T13:57:11","guid":{"rendered":"https:\/\/www.europesays.com\/fr\/298199\/"},"modified":"2025-08-05T13:57:11","modified_gmt":"2025-08-05T13:57:11","slug":"saga-nationale-theo-bastardie-ailier-de-rouen-jai-des-fourmis-dans-les-jambes","status":"publish","type":"post","link":"https:\/\/www.europesays.com\/fr\/298199\/","title":{"rendered":"Saga Nationale &#8211; Th\u00e9o Bastardie (ailier de Rouen) : \u00ab\u00a0J&rsquo;ai des fourmis dans les jambes\u00a0\u00bb"},"content":{"rendered":"<p>\n                L\u2019international br\u00e9silien arrive de Vannes sur la pointe des pieds mais avec une grosse envie.\n            <\/p>\n<p><strong>Vous venez de signer \u00e0 Rouen, un club de Nationale ambitieux. Comment cela s\u2019est-il fait\u2005?<\/strong><\/p>\n<p>J\u2019arrive pour deux saisons.J\u2019\u00e9tais en fin de contrat \u00e0 Vannes. Le club a un bon projet, la remont\u00e9e en ProD2, et cette ambition m\u2019a plu. Olivier Barthaux, qui est \u00e0 Vannes, a facilit\u00e9 ma venue, ainsi que Paul Surano qui m\u2019a bien vendu sa maison.<\/p>\n<p><strong>Rouen aime les profils multipostes. Comment l\u2019appr\u00e9hendez-vous, de par votre polyvalence ailier, arri\u00e8re et centre\u2005?<\/strong><\/p>\n<p>Je suis plus ailier, on m\u2019a effectivement parl\u00e9 de jouer \u00e0 l\u2019arri\u00e8re, ou centre, moi \u00e7a ne me d\u00e9range en rien tant que je fais le boulot. Je suis au service du club et si je ne suis pas bon, je retournerai \u00e0 l\u2019aile. J\u2019ai de la vitesse et des appuis, j\u2019aime plaquer. \u00c7a sert \u00e0 tous les postes des lignes arri\u00e8re.<\/p>\n<p><strong>De plus, une place s\u2019est lib\u00e9r\u00e9e au centre avec le d\u00e9part de Marin Boulier \u00e0 Vannes justement\u2026<\/strong><\/p>\n<p>Oui, c\u2019est une possibilit\u00e9 de plus pour moi de jouer. C\u2019est ce \u00e0 quoi j\u2019aspire de toute mani\u00e8re, gagner du temps de jeu, et aider le club \u00e0 atteindre ses objectifs.<\/p>\n<p><strong>Vous \u00eates actuellement en phase de reprise suite \u00e0 une longue blessure. Quand serez-vous op\u00e9rationnel\u2005?<\/strong><\/p>\n<p>Selon le protocole, je devrais pouvoir jouer le dernier match amical contre Rennes. Pour l\u2019instant je cours\u2005; le jeu de contact est pr\u00e9vu dans la foul\u00e9e. J\u2019avoue que j\u2019ai des fourmis dans les jambes mais je ne veux rien pr\u00e9cipiter. Propos recueillis par G.L.<\/p>\n","protected":false},"excerpt":{"rendered":"L\u2019international br\u00e9silien arrive de Vannes sur la pointe des pieds mais avec une grosse envie. Vous venez de&hellip;\n","protected":false},"author":2,"featured_media":298200,"comment_status":"","ping_status":"","sticky":false,"template":"","format":"standard","meta":{"footnotes":""},"categories":[9587],"tags":[1111,11,1777,674,1011,27,12,5161,25,9590],"class_list":{"0":"post-298199","1":"post","2":"type-post","3":"status-publish","4":"format-standard","5":"has-post-thumbnail","7":"category-rouen","8":"tag-actu","9":"tag-actualites","10":"tag-eu","11":"tag-europe","12":"tag-fr","13":"tag-france","14":"tag-news","15":"tag-normandie","16":"tag-republique-francaise","17":"tag-rouen"},"share_on_mastodon":{"url":"https:\/\/pubeurope.com\/@fr\/114976512012374736","error":""},"_links":{"self":[{"href":"https:\/\/www.europesays.com\/fr\/wp-json\/wp\/v2\/posts\/298199","targetHints":{"allow":["GET"]}}],"collection":[{"href":"https:\/\/www.europesays.com\/fr\/wp-json\/wp\/v2\/posts"}],"about":[{"href":"https:\/\/www.europesays.com\/fr\/wp-json\/wp\/v2\/types\/post"}],"author":[{"embeddable":true,"href":"https:\/\/www.europesays.com\/fr\/wp-json\/wp\/v2\/users\/2"}],"replies":[{"embeddable":true,"href":"https:\/\/www.europesays.com\/fr\/wp-json\/wp\/v2\/comments?post=298199"}],"version-history":[{"count":0,"href":"https:\/\/www.europesays.com\/fr\/wp-json\/wp\/v2\/posts\/298199\/revisions"}],"wp:featuredmedia":[{"embeddable":true,"href":"https:\/\/www.europesays.com\/fr\/wp-json\/wp\/v2\/media\/298200"}],"wp:attachment":[{"href":"https:\/\/www.europesays.com\/fr\/wp-json\/wp\/v2\/media?parent=298199"}],"wp:term":[{"taxonomy":"category","embeddable":true,"href":"https:\/\/www.europesays.com\/fr\/wp-json\/wp\/v2\/categories?post=298199"},{"taxonomy":"post_tag","embeddable":true,"href":"https:\/\/www.europesays.com\/fr\/wp-json\/wp\/v2\/tags?post=298199"}],"curies":[{"name":"wp","href":"https:\/\/api.w.org\/{rel}","templated":true}]}}