{"id":298205,"date":"2025-08-05T14:00:12","date_gmt":"2025-08-05T14:00:12","guid":{"rendered":"https:\/\/www.europesays.com\/fr\/298205\/"},"modified":"2025-08-05T14:00:12","modified_gmt":"2025-08-05T14:00:12","slug":"a-rennes-apres-la-decouverte-dun-chat-martyrise-et-brule-cette-association-met-en-garde","status":"publish","type":"post","link":"https:\/\/www.europesays.com\/fr\/298205\/","title":{"rendered":"\u00c0 Rennes, apr\u00e8s la d\u00e9couverte d&rsquo;un chat \u00ab\u00a0martyris\u00e9\u00a0\u00bb et \u00ab\u00a0br\u00fbl\u00e9\u00a0\u00bb, cette association met en garde"},"content":{"rendered":"<p>            Par<br \/>\n        <strong><br \/>\n            <a href=\"https:\/\/actu.fr\/auteur\/clemence-pays02-actu-fr\" title=\"Consulter tous les articles de Cl\u00e9mence Pays\" rel=\"nofollow noopener\" target=\"_blank\">Cl\u00e9mence Pays<\/a><br \/>\n        <\/strong><\/p>\n<p>        Publi\u00e9 le<\/p>\n<p>            5 ao\u00fbt 2025 \u00e0 15h52        <\/p>\n<p>C\u2019est une triste d\u00e9couverte que St\u00e9phanie et <a href=\"https:\/\/actu.fr\/bretagne\/rennes_35238\/rennes-chatimini-l-association-qui-sterilise-et-protege-les-chats-sauvages_55108786.html\" rel=\"nofollow noopener\" target=\"_blank\">d\u2019autres membres de l\u2019association Chatimini<\/a> on fait \u00e0 Rennes. Fin juillet,<strong> un chat<\/strong> s\u2019est rendu sur un lieu de nourrissage, mis en place par l\u2019association \u00e0 l\u2019intention des chats sauvages, quartier Jeanne-d\u2019Arc.<strong> \u00ab\u2009Il a \u00e9t\u00e9 martyris\u00e9\u2009\u00bb,<\/strong> lance St\u00e9phanie. Lorsqu\u2019il a \u00e9t\u00e9 retrouv\u00e9, en piteux \u00e9tat, l\u2019association constate tout de suite qu\u2019il y a un probl\u00e8me.<\/p>\n<p class=\" wall-content\">\u00ab\u2009Au d\u00e9but on s\u2019est dit que c\u2019\u00e9tait peut-\u00eatre une maladie de peau\u2009\u00bb, en voyant <strong>des \u00ab\u2009trous\u2009\u00bb dans le pelage<\/strong> du f\u00e9lin. Mais en y regardant de plus pr\u00e8s, cette \u00ab\u2009pelade\u2009\u00bb n\u2019est vraisemblablement pas li\u00e9e \u00e0 une chute des poils naturelle ou provoqu\u00e9e par la maladie. <strong>\u00ab\u2009Il a \u00e9t\u00e9 br\u00fbl\u00e9.\u2009\u00bb<\/strong><\/p>\n<p>\u00ab\u2009Si quelqu\u2019un a vu quelque chose\u2026\u2009\u00bb<\/p>\n<p class=\" wall-content\">Chatimini conduit sans attendre l\u2019animal chez le v\u00e9t\u00e9rinaire. Le professionnel confirme, il s\u2019agit bien de <strong>plusieurs marques de br\u00fblures<\/strong> au niveau des c\u00f4tes, de la bouche et de la queue*. \u00ab\u2009Il a \u00e9galement constat\u00e9 la<strong> luxation<\/strong> d\u2019une patte\u2009\u00bb, poursuit St\u00e9phanie.<\/p>\n<blockquote class=\"ac-article-quote wall-content\">\n<p>Le v\u00e9t\u00e9rinaire pense qu&rsquo;il a \u00e9t\u00e9 attach\u00e9 et qu&rsquo;il s&rsquo;est d\u00e9bo\u00eet\u00e9 une patte pour s&rsquo;\u00e9chapper. On sait qu&rsquo;il a volontairement \u00e9t\u00e9 br\u00fbl\u00e9 et que ce n&rsquo;est pas un incendie par exemple, parce qu&rsquo;il n&rsquo;y a pas de traces de fum\u00e9e dans ses poumons.<\/p>\n<p>    <strong>St\u00e9phanie<\/strong><br \/>\n        Membre de Chatimini    <\/p><\/blockquote>\n<p class=\" wall-content\">Pris en charge par une autre l\u2019association, le matou a \u00e9t\u00e9 baptis\u00e9 <strong>Courageux.<\/strong> D\u00e9sormais, Chatimini cherche \u00e0 comprendre et savoir ce qu\u2019il s\u2019est pass\u00e9. \u00ab\u2009Il faut lancer un appel \u00e0 t\u00e9moins, si quelqu\u2019un a vu quelque chose\u2026\u2009\u00bb<\/p>\n<p>Plusieurs disparitions dans le quartier<\/p>\n<p class=\" wall-content\">\u00c0 cet acte de torture s\u2019ajoutent <strong>plusieurs disparitions de chats<\/strong> dans le quartier Jeanne-d\u2019Arc, de quoi inqui\u00e9ter St\u00e9phanie.<\/p>\n<p class=\" wall-content\">En effet, selon l\u2019association, entre mi-juin et mi-juillet, quatre chats ont disparu. L\u2019un d\u2019eux est un f\u00e9lin sauvage rep\u00e9r\u00e9\u00a0par Chatimini sur les points de nourrissage et gr\u00e2ce \u00e0 leurs cam\u00e9ras\u2009; les trois autres sont des chats de particuliers, dont la disparition inqui\u00e9tante a \u00e9t\u00e9 signal\u00e9e par les propri\u00e9taires \u00e0 l\u2019association.<\/p>\n<p class=\" wall-content\">\u00ab\u2009Tout cela s\u2019est pass\u00e9 <strong>dans le m\u00eame quartier,<\/strong> \u00e0 deux ou trois rues pr\u00e8s\u2009\u00bb, affirme St\u00e9phanie. La Rennaise souhaite donc inviter les propri\u00e9taires de chats \u00e0 <strong>faire attention<\/strong> \u00e0 leur animal et \u00e0 \u00ab\u2009signaler toute disparition inqui\u00e9tante \u00e0 la police\u2009\u00bb.<\/p>\n<p class=\" wall-content\">*La r\u00e9daction a pu consulter plusieurs images du chat Courageux et de ses blessures. Nous avons toutefois choisi de ne pas les diffuser pour ne pas heurter la sensibilit\u00e9 des lecteurs.<\/p>\n<p class=\" wall-content\">Suivez toute l\u2019actualit\u00e9 de vos villes et m\u00e9dias favoris en vous inscrivant \u00e0 <a href=\"https:\/\/moncompte.actu.fr\" title=\"D\u00e9couvez Mon Actu\" rel=\"nofollow noopener\" data-trk=\"{&quot;cta&quot;:{&quot;action&quot;:&quot;https:\\\/\\\/moncompte.actu.fr&quot;,&quot;category&quot;:&quot;mon compte&quot;,&quot;from&quot;:&quot;article footer&quot;,&quot;name&quot;:&quot;Mon actu&quot;,&quot;type&quot;:&quot;cta&quot;}}\" target=\"_blank\">Mon Actu<\/a>.<\/p>\n","protected":false},"excerpt":{"rendered":"Par Cl\u00e9mence Pays Publi\u00e9 le 5 ao\u00fbt 2025 \u00e0 15h52 C\u2019est une triste d\u00e9couverte que St\u00e9phanie et d\u2019autres&hellip;\n","protected":false},"author":2,"featured_media":289089,"comment_status":"","ping_status":"","sticky":false,"template":"","format":"standard","meta":{"footnotes":""},"categories":[2821],"tags":[1111,11,1867,829,7654,1777,674,118,1011,27,6795,12,584,25],"class_list":{"0":"post-298205","1":"post","2":"type-post","3":"status-publish","4":"format-standard","5":"has-post-thumbnail","7":"category-rennes","8":"tag-actu","9":"tag-actualites","10":"tag-animaux","11":"tag-bretagne","12":"tag-chat","13":"tag-eu","14":"tag-europe","15":"tag-faits-divers","16":"tag-fr","17":"tag-france","18":"tag-maltraitance-animale","19":"tag-news","20":"tag-rennes","21":"tag-republique-francaise"},"share_on_mastodon":{"url":"https:\/\/pubeurope.com\/@fr\/114976523769883626","error":""},"_links":{"self":[{"href":"https:\/\/www.europesays.com\/fr\/wp-json\/wp\/v2\/posts\/298205","targetHints":{"allow":["GET"]}}],"collection":[{"href":"https:\/\/www.europesays.com\/fr\/wp-json\/wp\/v2\/posts"}],"about":[{"href":"https:\/\/www.europesays.com\/fr\/wp-json\/wp\/v2\/types\/post"}],"author":[{"embeddable":true,"href":"https:\/\/www.europesays.com\/fr\/wp-json\/wp\/v2\/users\/2"}],"replies":[{"embeddable":true,"href":"https:\/\/www.europesays.com\/fr\/wp-json\/wp\/v2\/comments?post=298205"}],"version-history":[{"count":0,"href":"https:\/\/www.europesays.com\/fr\/wp-json\/wp\/v2\/posts\/298205\/revisions"}],"wp:featuredmedia":[{"embeddable":true,"href":"https:\/\/www.europesays.com\/fr\/wp-json\/wp\/v2\/media\/289089"}],"wp:attachment":[{"href":"https:\/\/www.europesays.com\/fr\/wp-json\/wp\/v2\/media?parent=298205"}],"wp:term":[{"taxonomy":"category","embeddable":true,"href":"https:\/\/www.europesays.com\/fr\/wp-json\/wp\/v2\/categories?post=298205"},{"taxonomy":"post_tag","embeddable":true,"href":"https:\/\/www.europesays.com\/fr\/wp-json\/wp\/v2\/tags?post=298205"}],"curies":[{"name":"wp","href":"https:\/\/api.w.org\/{rel}","templated":true}]}}