{"id":298208,"date":"2025-08-05T14:02:39","date_gmt":"2025-08-05T14:02:39","guid":{"rendered":"https:\/\/www.europesays.com\/fr\/298208\/"},"modified":"2025-08-05T14:02:39","modified_gmt":"2025-08-05T14:02:39","slug":"en-deux-jours-un-centre-accueillant-des-enfants-evacue-deux-fois-a-cause-dune-fuite-de-gaz","status":"publish","type":"post","link":"https:\/\/www.europesays.com\/fr\/298208\/","title":{"rendered":"en deux jours, un centre accueillant des enfants \u00e9vacu\u00e9 deux fois \u00e0 cause d&rsquo;une fuite de gaz"},"content":{"rendered":"<p>            Par<br \/>\n        <strong><br \/>\n            <a href=\"https:\/\/actu.fr\/auteur\/redaction-strasbourg\" title=\"Consulter tous les articles de R\u00e9daction Strasbourg\" rel=\"nofollow noopener\" target=\"_blank\">R\u00e9daction Strasbourg<\/a><br \/>\n        <\/strong><\/p>\n<p>        Publi\u00e9 le<\/p>\n<p>            31 juil. 2025 \u00e0 11h47        <\/p>\n<p><strong>Nouvelle \u00e9vacuation<\/strong> route de Strasbourg ce jeudi matin \u00e0 <strong>Achenheim<\/strong> (<a href=\"https:\/\/actu.fr\/strasbourg\/\" rel=\"nofollow noopener\" target=\"_blank\">Bas-Rhin<\/a>). En raison d\u2019une <strong>fuite de gaz<\/strong> sur une <strong>canalisation<\/strong>, les sapeurs-pompiers ont proc\u00e9d\u00e9 peu avant 10h \u00e0 <strong>l\u2019\u00e9vacuation<\/strong> de 33\u00a0personnes dont<strong> 22\u00a0enfants d\u2019un centre p\u00e9riscolaire<\/strong>. Il s\u2019agit de la deuxi\u00e8me intervention de la sorte en deux jours.<\/p>\n<p>Une deuxi\u00e8me \u00e9vacuation<\/p>\n<p class=\" wall-content\">Une trentaine de pompiers est intervenue dans la matin\u00e9e pour une fuite de gaz sur une canalisation de la route de Strasbourg actuellement en <a href=\"https:\/\/actu.fr\/tag\/travaux\" rel=\"nofollow noopener\" target=\"_blank\">travaux<\/a>.<\/p>\n<p class=\" wall-content\">La conduite a rapidement \u00e9t\u00e9 ferm\u00e9e par un technicien gaz, mais une nouvelle \u00e9vacuation a tout de m\u00eame \u00e9t\u00e9 n\u00e9cessaire. <strong>Aucun bless\u00e9<\/strong> n\u2019est \u00e0 signaler.<\/p>\n<p class=\" wall-content\">Mardi 29\u00a0juillet, ce sont 75\u00a0personnes, dont <strong>59 enfants,<\/strong>\u00a0qui avaient \u00e9t\u00e9 mis en s\u00e9curit\u00e9 \u00e0 la suite d\u2019une fuite de gaz sur la voie publique. Une tractopelle avait alors endommag\u00e9 une canalisation.<\/p>\n<p class=\" wall-content\">Suivez toute l\u2019actualit\u00e9 de vos villes et m\u00e9dias favoris en vous inscrivant \u00e0 <a href=\"https:\/\/moncompte.actu.fr\" title=\"D\u00e9couvez Mon Actu\" rel=\"nofollow noopener\" data-trk=\"{&quot;cta&quot;:{&quot;action&quot;:&quot;https:\\\/\\\/moncompte.actu.fr&quot;,&quot;category&quot;:&quot;mon compte&quot;,&quot;from&quot;:&quot;article footer&quot;,&quot;name&quot;:&quot;Mon actu&quot;,&quot;type&quot;:&quot;cta&quot;}}\" target=\"_blank\">Mon Actu<\/a>.<\/p>\n","protected":false},"excerpt":{"rendered":"Par R\u00e9daction Strasbourg Publi\u00e9 le 31 juil. 2025 \u00e0 11h47 Nouvelle \u00e9vacuation route de Strasbourg ce jeudi matin&hellip;\n","protected":false},"author":2,"featured_media":266314,"comment_status":"","ping_status":"","sticky":false,"template":"","format":"standard","meta":{"footnotes":""},"categories":[2820],"tags":[1111,11,1777,674,118,1011,27,775,12,1311,25,640],"class_list":{"0":"post-298208","1":"post","2":"type-post","3":"status-publish","4":"format-standard","5":"has-post-thumbnail","7":"category-strasbourg","8":"tag-actu","9":"tag-actualites","10":"tag-eu","11":"tag-europe","12":"tag-faits-divers","13":"tag-fr","14":"tag-france","15":"tag-grand-est","16":"tag-news","17":"tag-pompiers","18":"tag-republique-francaise","19":"tag-strasbourg"},"share_on_mastodon":{"url":"https:\/\/pubeurope.com\/@fr\/114976531741728033","error":""},"_links":{"self":[{"href":"https:\/\/www.europesays.com\/fr\/wp-json\/wp\/v2\/posts\/298208","targetHints":{"allow":["GET"]}}],"collection":[{"href":"https:\/\/www.europesays.com\/fr\/wp-json\/wp\/v2\/posts"}],"about":[{"href":"https:\/\/www.europesays.com\/fr\/wp-json\/wp\/v2\/types\/post"}],"author":[{"embeddable":true,"href":"https:\/\/www.europesays.com\/fr\/wp-json\/wp\/v2\/users\/2"}],"replies":[{"embeddable":true,"href":"https:\/\/www.europesays.com\/fr\/wp-json\/wp\/v2\/comments?post=298208"}],"version-history":[{"count":0,"href":"https:\/\/www.europesays.com\/fr\/wp-json\/wp\/v2\/posts\/298208\/revisions"}],"wp:featuredmedia":[{"embeddable":true,"href":"https:\/\/www.europesays.com\/fr\/wp-json\/wp\/v2\/media\/266314"}],"wp:attachment":[{"href":"https:\/\/www.europesays.com\/fr\/wp-json\/wp\/v2\/media?parent=298208"}],"wp:term":[{"taxonomy":"category","embeddable":true,"href":"https:\/\/www.europesays.com\/fr\/wp-json\/wp\/v2\/categories?post=298208"},{"taxonomy":"post_tag","embeddable":true,"href":"https:\/\/www.europesays.com\/fr\/wp-json\/wp\/v2\/tags?post=298208"}],"curies":[{"name":"wp","href":"https:\/\/api.w.org\/{rel}","templated":true}]}}