{"id":298209,"date":"2025-08-05T14:03:09","date_gmt":"2025-08-05T14:03:09","guid":{"rendered":"https:\/\/www.europesays.com\/fr\/298209\/"},"modified":"2025-08-05T14:03:09","modified_gmt":"2025-08-05T14:03:09","slug":"le-maire-de-colmar-moque-les-arbres-artificiels-au-pied-de-la-cathedrale-de-strasbourg","status":"publish","type":"post","link":"https:\/\/www.europesays.com\/fr\/298209\/","title":{"rendered":"le maire de Colmar moque les arbres artificiels au pied de la cath\u00e9drale de Strasbourg"},"content":{"rendered":"<p>            Par<br \/>\n        <strong><br \/>\n            <a href=\"https:\/\/actu.fr\/auteur\/ivan-capecchi\" title=\"Consulter tous les articles de Ivan CAPECCHI\" target=\"_blank\" rel=\"noopener\">Ivan CAPECCHI<\/a><br \/>\n        <\/strong><\/p>\n<p>        Publi\u00e9 le<\/p>\n<p>            5 ao\u00fbt 2025 \u00e0 15h48        <\/p>\n<p>Dans un post publi\u00e9 ce mardi sur <strong>Facebook<\/strong>, le maire LR de <strong>Colmar<\/strong>, <strong>\u00c9ric Straumann<\/strong>, n\u2019a pas r\u00e9sist\u00e9 \u00e0 l\u2019envie de glisser une petite pique \u00e0 ses voisins strasbourgeois. En juxtaposant deux photos \u2013 \u00e0 gauche, la <strong>cath\u00e9drale de Strasbourg<\/strong> entour\u00e9e d\u2019<strong>arbres artificiels<\/strong> install\u00e9s dans le cadre du <a href=\"https:\/\/actu.fr\/grand-est\/strasbourg_67482\/strasbourg-le-grand-spectacle-de-l-ete-2025-devoile-ce-sera-une-foret-immersive-au-pied-de-la-cathedrale_62697061.html\" target=\"_blank\" rel=\"noopener\">grand spectacle de l\u2019\u00e9t\u00e9 2025<\/a> (<a href=\"https:\/\/actu.fr\/grand-est\/strasbourg_67482\/la-foret-immersive-au-pied-de-la-cathedrale-de-strasbourg-divise-trois-arbres-qui-se-battent-en-duel_62913456.html\" target=\"_blank\" rel=\"noopener\">un spectacle qui divise<\/a>) ; \u00e0 droite, la <strong>cath\u00e9drale de Colmar<\/strong> et sa <strong>v\u00e9g\u00e9tation bien r\u00e9elle<\/strong> \u2013 l\u2019\u00e9lu colmarien ironise : \u00ab\u202f\u00c0 entendre certains \u00e9cologistes colmariens me faire la le\u00e7on en boucle, je finis par me dire qu\u2019on a peut-\u00eatre trop bien r\u00e9ussi notre politique de v\u00e9g\u00e9talisation\u2026\u202f\u00bb.<\/p>\n<p>    <a href=\"https:\/\/www.facebook.com\/plugins\/post.php?href=https%3A%2F%2Fwww.facebook.com%2Feric.straumann%2Fposts%2Fpfbid0HWj5V7KrdVvL7GrKn8w95NiGmkNbd2k8Ue3PTJe2cVfQkpXiCfoRjkuwURdujVeFl&amp;show_text=true&amp;width=350\" title=\"Ouvrie le lien\" target=\"_blank\" rel=\"noopener\">Cliquez ici pour visualiser le contenu<\/a><\/p>\n<p class=\" wall-content\">Que faut-il comprendre ? Que la politique strasbourgeoise en mati\u00e8re de v\u00e9g\u00e9talisation serait aussi artificielle que les arbres qui peuplent la place du Ch\u00e2teau ? Regardons les faits.<\/p>\n<p>Plan Canop\u00e9e, v\u00e9g\u00e9talisation des cours d\u2019\u00e9coles et prairies en ville\u2026<\/p>\n<p class=\" wall-content\">En 2020, la maire \u00e9cologiste de Strasbourg, <a href=\"https:\/\/actu.fr\/tag\/jeanne-barseghian\" target=\"_blank\" rel=\"noopener\">Jeanne Barseghian<\/a>, lan\u00e7ait le <strong>plan Canop\u00e9e<\/strong>, lequel\u00a0vise la <a href=\"https:\/\/actu.fr\/grand-est\/strasbourg_67482\/strasbourg-veut-devenir-plus-verte-et-planter-10-000-arbres-sur-10-ans_35822236.html\" target=\"_blank\" rel=\"noopener\">plantation de 10 000 arbres d\u2019ici 2030<\/a> afin <strong>d\u2019augmenter l\u2019indice de canop\u00e9e de la ville<\/strong>, un indice d\u00e9fini comme <strong>la surface d\u2019ombre au sol que procurent les arbres sur un territoire donn\u00e9<\/strong>. Selon un bilan fourni par la mairie en mai dernier, <strong>5\u2009589 nouveaux arbres ont d\u00e9j\u00e0 \u00e9t\u00e9 plant\u00e9s<\/strong>.<\/p>\n<p class=\" wall-content\">\u00c0 c\u00f4t\u00e9 de \u00e7a, la maire de Strasbourg a <strong>d\u00e9bitum\u00e9 un certain nombre d\u2019espaces publics (rues, places, places de stationnement) au profit de plantations<\/strong>, de m\u00eame que <a href=\"https:\/\/actu.fr\/grand-est\/strasbourg_67482\/strasbourg-voici-la-liste-des-cours-d-ecole-qui-seront-vegetalisees-d-ici-l-ete-2023_55919017.html\" target=\"_blank\" rel=\"noopener\">v\u00e9g\u00e9talis\u00e9 des cours d\u2019\u00e9cole<\/a> et cr\u00e9\u00e9 des <a href=\"https:\/\/actu.fr\/grand-est\/strasbourg_67482\/strasbourg-deux-microforets-vont-voir-le-jour-dans-ces-quartiers-de-la-ville_61822342.html\" target=\"_blank\" rel=\"noopener\">microfor\u00eats<\/a>.\u00a0<\/p>\n<p class=\" wall-content\">Plus r\u00e9cemment, la Ville de Strasbourg a annonc\u00e9 son souhait de d\u00e9velopper des \u00ab\u00a0<a href=\"https:\/\/actu.fr\/grand-est\/strasbourg_67482\/strasbourg-plan-prairies-en-ville-l-opposition-denonce-une-mesure-electoraliste-a-un-an-des-municipales_62863080.html\" target=\"_blank\" rel=\"noopener\">prairies en ville<\/a>\u00a0\u00bb \u2013 des espaces volontairement <strong>moins entretenus<\/strong> mais <strong>plus favorables \u00e0 la biodiversit\u00e9<\/strong> \u2013 tandis que l\u2019Eurom\u00e9tropole a d\u00e9voil\u00e9 une <a href=\"https:\/\/actu.fr\/grand-est\/strasbourg_67482\/strasbourg-cette-nouvelle-prime-permet-de-toucher-jusqu-a-20-000-euros-d-aides-pour-vegetaliser-son-domicile_62869187.html\" target=\"_blank\" rel=\"noopener\">nouvelle prime<\/a> pour <strong>inciter les particuliers \u00e0 v\u00e9g\u00e9taliser leur cour, toiture ou fa\u00e7ade<\/strong>.\u00a0<\/p>\n<p>Et du c\u00f4t\u00e9 de Colmar, \u00e7a donne quoi ?<\/p>\n<p class=\" wall-content\">Pour savoir maintenant ce qui a \u00e9t\u00e9 fait du c\u00f4t\u00e9 de Colmar, tournons-nous vers le magazine municipal Le Point colmarien qui, en septembre 2023, dressait un bilan de mi-mandat.<\/p>\n<p class=\" wall-content\">Plusieurs axes sont \u00e9voqu\u00e9s :\u00a0la <strong>transformation d\u2019espaces urbains min\u00e9raux en zones v\u00e9g\u00e9talis\u00e9es<\/strong>, comme le <strong>r\u00e9am\u00e9nagement des abords de la cath\u00e9drale<\/strong> avec l\u2019introduction de 54 arbres et plus de 7\u202f600 plantes ; la <strong>cr\u00e9ation de \u00ab cours Oasis \u00bb dans les \u00e9coles<\/strong> pour lutter contre les \u00eelots de chaleur ; le <strong>maintien du label \u00ab Ville Fleurie \u2013 4 fleurs \u00bb<\/strong> et <strong>l\u2019obtention de la prestigieuse Fleur d\u2019Or<\/strong> ; ou encore <strong>l\u2019incitation \u00e0 la participation citoyenne \u00e0 travers un concours annuel d\u2019embellissement et de v\u00e9g\u00e9talisation<\/strong>.\u00a0<\/p>\n<p class=\" wall-content\">Suivez toute l\u2019actualit\u00e9 de vos villes et m\u00e9dias favoris en vous inscrivant \u00e0 <a href=\"https:\/\/moncompte.actu.fr\" title=\"D\u00e9couvez Mon Actu\" rel=\"nofollow noopener\" data-trk=\"{&quot;cta&quot;:{&quot;action&quot;:&quot;https:\\\/\\\/moncompte.actu.fr&quot;,&quot;category&quot;:&quot;mon compte&quot;,&quot;from&quot;:&quot;article footer&quot;,&quot;name&quot;:&quot;Mon actu&quot;,&quot;type&quot;:&quot;cta&quot;}}\" target=\"_blank\">Mon Actu<\/a>.<\/p>\n","protected":false},"excerpt":{"rendered":"Par Ivan CAPECCHI Publi\u00e9 le 5 ao\u00fbt 2025 \u00e0 15h48 Dans un post publi\u00e9 ce mardi sur Facebook,&hellip;\n","protected":false},"author":2,"featured_media":298210,"comment_status":"","ping_status":"","sticky":false,"template":"","format":"standard","meta":{"footnotes":""},"categories":[2820],"tags":[1111,11,436,1777,674,1011,27,775,7125,12,18694,25,104,640],"class_list":{"0":"post-298209","1":"post","2":"type-post","3":"status-publish","4":"format-standard","5":"has-post-thumbnail","7":"category-strasbourg","8":"tag-actu","9":"tag-actualites","10":"tag-environnement","11":"tag-eu","12":"tag-europe","13":"tag-fr","14":"tag-france","15":"tag-grand-est","16":"tag-jeanne-barseghian","17":"tag-news","18":"tag-plan-canopee","19":"tag-republique-francaise","20":"tag-societe","21":"tag-strasbourg"},"share_on_mastodon":{"url":"https:\/\/pubeurope.com\/@fr\/114976535565632838","error":""},"_links":{"self":[{"href":"https:\/\/www.europesays.com\/fr\/wp-json\/wp\/v2\/posts\/298209","targetHints":{"allow":["GET"]}}],"collection":[{"href":"https:\/\/www.europesays.com\/fr\/wp-json\/wp\/v2\/posts"}],"about":[{"href":"https:\/\/www.europesays.com\/fr\/wp-json\/wp\/v2\/types\/post"}],"author":[{"embeddable":true,"href":"https:\/\/www.europesays.com\/fr\/wp-json\/wp\/v2\/users\/2"}],"replies":[{"embeddable":true,"href":"https:\/\/www.europesays.com\/fr\/wp-json\/wp\/v2\/comments?post=298209"}],"version-history":[{"count":0,"href":"https:\/\/www.europesays.com\/fr\/wp-json\/wp\/v2\/posts\/298209\/revisions"}],"wp:featuredmedia":[{"embeddable":true,"href":"https:\/\/www.europesays.com\/fr\/wp-json\/wp\/v2\/media\/298210"}],"wp:attachment":[{"href":"https:\/\/www.europesays.com\/fr\/wp-json\/wp\/v2\/media?parent=298209"}],"wp:term":[{"taxonomy":"category","embeddable":true,"href":"https:\/\/www.europesays.com\/fr\/wp-json\/wp\/v2\/categories?post=298209"},{"taxonomy":"post_tag","embeddable":true,"href":"https:\/\/www.europesays.com\/fr\/wp-json\/wp\/v2\/tags?post=298209"}],"curies":[{"name":"wp","href":"https:\/\/api.w.org\/{rel}","templated":true}]}}