{"id":29821,"date":"2025-04-16T19:25:08","date_gmt":"2025-04-16T19:25:08","guid":{"rendered":"https:\/\/www.europesays.com\/fr\/29821\/"},"modified":"2025-04-16T19:25:08","modified_gmt":"2025-04-16T19:25:08","slug":"arret-des-livraisons-de-boeing-lenorme-defi-de-pekin-royaume-uni-la-definition-dune-femme-par-la-cour-supreme-divise-lutte-contre-les-pandemies-un-traite-historique-de-loms","status":"publish","type":"post","link":"https:\/\/www.europesays.com\/fr\/29821\/","title":{"rendered":"Arr\u00eat des livraisons de Boeing: l&rsquo;\u00e9norme d\u00e9fi de P\u00e9kin \/ Royaume-Uni: la d\u00e9finition d&rsquo;une femme par la Cour supr\u00eame divise \/ Lutte contre les pand\u00e9mies: un trait\u00e9 historique de l&rsquo;OMS&#8230;"},"content":{"rendered":"<p>\n                     RFI.   Il   est   18   heures  \u00e0   Paris,  16   heures  temps  universel.                  <\/p>\n<p>\n                     Le   Journal  en   fran\u00e7ais   facile.                  <\/p>\n<p>\n                     Margaux   Ratayzyk.                  <\/p>\n<p>\n                     Ravie  de   vous   retrouver !  Au  sommaire   de   cette   \u00e9dition   du   mercredi   16   avril :                 <\/p>\n<p>\n                     P\u00e9kin   n&rsquo;a   \u00ab pas  peur   de   se   battre \u00bb  avec   Washington,   dit   la   Chine.   Derni\u00e8re   riposte   en   date :  l&rsquo;arr\u00eat   des   livraisons   d&rsquo;avions   am\u00e9ricains   Boeing   sur   le   sol   chinois.                  <\/p>\n<p>\n                     C&rsquo;est   une   d\u00e9cision   qui   divise   les   diff\u00e9rents   camps   f\u00e9ministes   au   Royaume-Uni.  La   Cour   supr\u00eame   s&rsquo;est   prononc\u00e9e   sur   la   d\u00e9finition   l\u00e9gale   d&rsquo;une   femme.   Les   d\u00e9tails   \u00e0   venir   de   notre   correspondante.                  <\/p>\n<p>\n                     Et   puis,   cinq   ans   apr\u00e8s   la   pand\u00e9mie   de   Covid-19,  les   membres   de   l&rsquo;Organisation   mondiale   de   la   Sant\u00e9  parviennent   \u00e0   un   accord,  vous  l&rsquo;entendrez,  pour   mieux   pr\u00e9venir   ce   type   de   risque.                 <\/p>\n<p>\n                     P\u00e9kin   n&rsquo;a   \u00ab pas  peur   de   se   battre \u00bb  avec   Washington.   C&rsquo;est   ce   qu&rsquo;a   fait   savoir   le   minist\u00e8re   chinois   des   Affaires   \u00e9trang\u00e8res.   En   pleine   guerre   commerciale,   la   Chine   pr\u00f4ne,   pr\u00e9conise   tout   de   m\u00eame   le   dialogue.   Le   pays   a   r\u00e9pondu   jusqu&rsquo;ici   aux   nombreuses   mesures   commerciales   de   Donald   Trump.   Derni\u00e8re   riposte   en   date :  l&rsquo;arr\u00eat   des   livraisons   sur   son   sol   des   avions   am\u00e9ricains   Boeing.   Les   pi\u00e8ces   d\u00e9tach\u00e9es   fournies   par   des   entreprises   am\u00e9ricaines   sont   \u00e9galement   concern\u00e9es.   Bonjour,  Nicolas   Feldmann.                  <\/p>\n<p>\n                     Bonjour, Margaux.                 <\/p>\n<p>\n                     Cette   annonce   risque   de   faire   tr\u00e8s   mal   \u00e0   Boeing.   Mais   se   passer   du   constructeur   am\u00e9ricain   et   de   ses   pi\u00e8ces   d\u00e9tach\u00e9es,   c&rsquo;est   aussi   un   d\u00e9fi   \u00e9norme   pour   P\u00e9kin.                  <\/p>\n<p>\n                     Oui.  Le   premier   d\u00e9fi,   il   concerne,  tout   d&rsquo;abord,  les   compagnies   a\u00e9riennes   chinoises.   Elles   comptent   dans   leur   flotte   des   centaines   d&rsquo;avions   Boeing,  des   avions   qu&rsquo;il   faut   tous   les   jours   entretenir,   r\u00e9parer,   explique   Didier   Brechemier.  Il   est   expert   en   a\u00e9ronautique   pour   le   cabinet   Roland   Berger.                  <\/p>\n<p>\n                     \u00ab Les  pi\u00e8ces   de   rechange,   en   r\u00e9alit\u00e9,   sont   certifi\u00e9es   pour   un   avion.   Si   j&rsquo;ai   aujourd&rsquo;hui   des   avions   Boeing,   je   dois   les   maintenir   en   mettant   des   pi\u00e8ces   qui   sont   certifi\u00e9es   pour   cet   avion.   Je   ne   peux   pas   imm\u00e9diatement   avoir   des   pi\u00e8ces   qui   seraient   fabriqu\u00e9es   par   des   constructeurs   chinois   pour   les   mettre   sur   cet   avion. \u00bb                 <\/p>\n<p>\n                     Mais,  sur   le   plus   long   terme,  se  pose   une   autre   question :  comment   remplacer   les   avions   Boeing ?                 <\/p>\n<p>\n                     \u00ab Les  commandes,  aujourd&rsquo;hui,  d&rsquo;Airbus  sont   \u00e0   des   niveaux   exceptionnellement   hauts.   Donc,  la   substitution   possible   pour   la   Chine,   pour   P\u00e9kin,   c&rsquo;est   de   renforcer   le   constructeur   Comac \u2013  le   constructeur   chinois \u2013,  avec   son   C919,  qui   a   effectu\u00e9   des   premiers   vols   commerciaux   en   2023.   Mais   ils   auront   certainement   besoin   de   cinq,   dix,   quinze   ans   ou   plus   pour   \u00eatre   \u00e0 des  niveaux   de   maturit\u00e9   europ\u00e9ens   et   am\u00e9ricains. \u00bb                 <\/p>\n<p>\n                     Voil\u00e0  la  Chine   qui   ne   peut   pas   se   permettre   d&rsquo;attendre   pour   r\u00e9pondre   \u00e0   la   forte   demande   du   trafic   a\u00e9rien.   P\u00e9kin   estime   avoir   besoin   de   9 000  nouveaux   avions   d&rsquo;ici   2040.                  <\/p>\n<p>\n                     Merci,  Nicolas Feldmann.                 <\/p>\n<p>\n                     Feldmann.                  <\/p>\n<p>\n                     Kiev   et   Washington   se   rapprochent   d&rsquo;un   accord   sur   l&rsquo;exploitation   des   minerais   strat\u00e9giques   de   l&rsquo;Ukraine.   La   ministre   ukrainienne   de   l&rsquo;\u00c9conomie  salue   des   \u00ab progr\u00e8s  significatifs \u00bb,  importants   dans   les   n\u00e9gociations.   Cet   accord   est   d\u00e9fendu   par   Donald   Trump,  en   \u00e9change   de   l&rsquo;aide   militaire   pass\u00e9e,  octroy\u00e9e,  apport\u00e9e  \u00e0   Kiev.                 <\/p>\n<p>\n                     300   personnalit\u00e9s   mobilis\u00e9es   autour   du   sort   des   enfants   ukrainiens   transf\u00e9r\u00e9s   de   force   en   Russie.   Un   appel   international   a   \u00e9t\u00e9   lanc\u00e9   sur   les   r\u00e9seaux   sociaux   pour   r\u00e9clamer   leur   retour   en   Ukraine.   Une   question   non   n\u00e9gociable   dans   toute   \u00e9ventuelle,  potentielle   discussion   de   paix,  \u00e9crivent  les   politiques   mobilis\u00e9s ;  et,  parmi   eux,   plusieurs   commissaires   europ\u00e9ens   et   des   parlementaires   fran\u00e7ais   ou   britanniques.                  <\/p>\n<p>\n                     Le   Journal  en   fran\u00e7ais   facile.                 <\/p>\n<p>\n                     Au   Royaume-Uni,   c&rsquo;est   la   fin   d&rsquo;un   feuilleton,  d&rsquo;une   s\u00e9rie   judiciaire   de   plusieurs   ann\u00e9es.   La   Cour   supr\u00eame   a   tranch\u00e9,   a   statu\u00e9   sur   la   d\u00e9finition   l\u00e9gale   d&rsquo;une   femme.  Et  la   d\u00e9cision   divise,  vous  l&rsquo;entendrez,  au   sein   des   diff\u00e9rents   camps   f\u00e9ministes.  \u00c0  Londres,  la  correspondance   d&rsquo;\u00c9meline  Vin.                 <\/p>\n<p>\n                     Dans   la   loi,   le   terme   \u00ab femme \u00bb  renvoie   au   sexe   biologique.   Selon   la   Cour   supr\u00eame   britannique,  et,  donc,  sur   le   plan   l\u00e9gal,   une   femme   transgenre   ne   peut   pas   \u00eatre   consid\u00e9r\u00e9e   comme   une   femme,   par   exemple   pour   le   calcul   des   quotas   ou   de   la   parit\u00e9   dans   les   conseils   d&rsquo;administration,  m\u00eame  si   elle   poss\u00e8de   un   certificat   de   reconnaissance   de   genre.   C&rsquo;est   une   d\u00e9cision   unanime   de   la   plus   haute   institution   judiciaire   britannique,  qui   estime   qu&rsquo;au   regard   des   lois   sur   l&rsquo;\u00e9galit\u00e9   et   contre   les   discriminations,   le   sexe   ne   peut   \u00eatre   que   binaire,  et   qu&rsquo;il   serait   incoh\u00e9rent   d&rsquo;inclure   le   \u00ab sexe  en certificat \u00bb,  selon   sa   formule.   Ce   jugement   repr\u00e9sente   une   victoire   pour   certains   groupes   f\u00e9ministes   \u00e9cossais,  qui   contestaient   la   position   du   gouvernement   d&rsquo;\u00c9dimbourg.   Selon   [eux],  consid\u00e9rer  les   femmes   transgenres   comme   des   femmes   comme   les   autres  risque   de   permettre   \u00e0   des   hommes   violents   d&rsquo;acc\u00e9der   \u00e0   des   espaces   non mixtes,  comme   les   vestiaires,   les   refuges   pour   victimes   d&rsquo;abus   sexuels   ou   de   violences  conjugales.  La   d\u00e9cision   pourrait,   par   effet   domino,   restreindre   l&rsquo;acc\u00e8s   des   femmes   transgenres   \u00e0   ces   espaces.   La   Cour   souligne   qu&rsquo;il   ne   s&rsquo;agit   pas   d&rsquo;une   victoire   d&rsquo;un   groupe   sur   un   autre   et   rappelle   qu&rsquo;il   est   interdit   de   discriminer   une   personne   au   pr\u00e9texte   qu&rsquo;il   ou   elle   est   transgenre.   \u00c9meline Vin,  Londres, RFI.                 <\/p>\n<p>\n                     Demain,   17   avril,  se   tiendra,  \u00e0   Ramallah,  le   jour   des   prisonniers   palestiniens.   Ce   mercredi,   une   manifestation   a   eu   lieu   pour   attirer   l&rsquo;attention   sur   leur   sort.  Dans  les   territoires   palestiniens,  le  passage   par   la   case   prison   est   devenu   un   ph\u00e9nom\u00e8ne   de   soci\u00e9t\u00e9.  Depuis  1967,  40 %  des   hommes   palestiniens   sont   pass\u00e9s   par   les   ge\u00f4les   isra\u00e9liennes.   Amira   Souilem.                 <\/p>\n<p>\n                     Le   regard   triste,   elle   tient   le   portrait   d&rsquo;un   jeune   homme   dans   la   foule.   De   lui,   Rola Khaled Ghanem  dit   ne   plus   avoir   de nouvelles.                 <\/p>\n<p>\n                     \u00ab Ce jeune est mon fils. Il s&rsquo;appelle Yazan. Il a 20 ans. Les forces d&rsquo;occupation l&rsquo;ont arr\u00eat\u00e9 \u00e0 la maison il y a trois mois. Ils sont entr\u00e9s de fa\u00e7on tr\u00e8s brutale et l&rsquo;ont pris \u00e0 4 heures du matin. \u00c0 ce jour, je suis coup\u00e9e de mon fils. Son avocat ne peut le voir que par Zoom. Et nous, les proches, on n&rsquo;a ni le droit de le voir ni d&rsquo;entendre sa voix. \u00bb                 <\/p>\n<p>\n                     Comme   son   fils,  au  moins   9 900  Palestiniens   sont   d\u00e9tenus   dans   les   prisons   isra\u00e9liennes,   selon   les   chiffres   d&rsquo;ONG   palestiniennes.   Combattants,  militants  politiques,  mais   aussi   simples  \u00e9tudiants  ou   p\u00e8res  et   m\u00e8res  de   famille.   Dans   la   foule,   un   des   organisateurs   du   rassemblement.   Selon   lui,   les   conditions   de   d\u00e9tention   vont   en   se   d\u00e9t\u00e9riorant.                  <\/p>\n<p>\n                     \u00ab Avant,  on   critiquait   le   laisser-aller m\u00e9dical  parce   que   les   responsables   des   prisons   mettaient   du   temps   \u00e0   emmener   les   d\u00e9tenus   dans   une   clinique   s&rsquo;ils   allaient   mal.   Maintenant,   on   r\u00e9pertorie   des   crimes   m\u00e9dicaux   dans   les   prisons,  ainsi   que   des   disparitions   secr\u00e8tes. \u00bb                 <\/p>\n<p>\n                     Depuis   le   7   octobre   2023,   les   arrestations   se   sont   acc\u00e9l\u00e9r\u00e9es.   Des   chiffres   qui   ne   comprennent   pas   les   milliers   d&rsquo;arrestations   et   disparitions   arbitraires   \u00e0   Gaza,   pr\u00e9viennent   les   ONG   palestiniennes.   Amira   Souilem,  Ramallah,   RFI.                  <\/p>\n<p>\n                     Le   Jihad   islamique   a   publi\u00e9   une   vid\u00e9o   d&rsquo;un   otage   isra\u00e9lien   en   vie,   vid\u00e9o   dans   laquelle   il   s&rsquo;adresse   \u00e0   Benyamin   Netanyahu  et   Donald   Trump,  leur   demandant   d&rsquo;obtenir   sa   lib\u00e9ration.                  <\/p>\n<p>\n                     Les   pays   membres   de   l&rsquo;Organisation   mondiale   de   la   Sant\u00e9  sont   parvenus   \u00e0   un   accord   historique,   un   texte   sur   la   pr\u00e9paration   et   la   lutte   contre   les   pand\u00e9mies.   La   volont\u00e9   de   mieux   anticiper   ce   type   de   risque  fait   suite   au   Covid-19  et   \u00e0   ses   cons\u00e9quences   mondiales.   C&rsquo;\u00e9tait   il   y   a   cinq   ans.   Alors,   que   contient   exactement   cet   accord ?  Pour   quels   r\u00e9sultats ?  Je   vous   propose   d&rsquo;\u00e9couter   la   r\u00e9ponse   d&rsquo;Antoine   Flahault,   \u00e9pid\u00e9miologiste   et   directeur   de   l&rsquo;Institut   de   sant\u00e9   globale   \u00e0   la   facult\u00e9  de   m\u00e9decine   de   Gen\u00e8ve.                  <\/p>\n<p>\n                     \u00ab Il  y   a  un  proverbe   chinois   qui   dit :  \u00a0\u00bbIl  vaut   mieux   apprendre   \u00e0   p\u00eacher   des   poissons   que   donner   des   poissons.\u00a0\u00bb  Quelque   part,   on   est   un   peu   dans   cette   logique.   C&rsquo;est-\u00e0-dire que,  aujourd&rsquo;hui,  ce   qu&rsquo;on   a   vu   dans   la   pand\u00e9mie   de   Covid,  c&rsquo;est   que   la   collaboration   internationale   qui   s&rsquo;\u00e9tait   mise   en   place   un   peu   dans   l&rsquo;urgence,   sans   aucune   anticipation   r\u00e9elle,   a   conduit   \u00e0   donner   trop   tard,   trop   peu   des   surplus   de   vaccins   que   les   pays   riches   qui   les   fabriquaient   n&rsquo;avaient   pas   consomm\u00e9s.  On   voudrait   que   la   situation   soit   diff\u00e9rente   \u00e0   l&rsquo;avenir,   et,  notamment,  que   tous   les   pays,   en   tout   cas   tous   les   continents, on va dire,  puissent   \u00eatre   en   mesure   de   fabriquer   les   doses   de   vaccins,   mais   aussi,  d&rsquo;ailleurs,  les   tests,  et   aussi,  d&rsquo;ailleurs,  les   traitements   de   ce   trait\u00e9. \u00bb                 <\/p>\n<p>\n                     L&rsquo;\u00e9pid\u00e9miologiste  Antoine   Flahault,   invit\u00e9   de   Clotilde   Dumay  \u00e0   la   mi-journ\u00e9e.                 <\/p>\n<p>\n                     Et  ne   manquez   pas,  ce   soir,  notre   soir\u00e9e   sp\u00e9ciale   Ligue   des   champions  sur   RFI,  \u00e0   19   heures  temps  universel.  Le  Real   Madrid   affrontera   Arsenal.   Notre  reporter   au   stade   Santiago   Bernabeu   vous   fera   vivre   la   rencontre   et   l&rsquo;autre   rencontre   opposera   l&rsquo;Inter   Milan   et   le   Bayern   Munich.                  <\/p>\n<p>\n                     C&rsquo;est   la   fin   de   ce   journal.   R\u00e9\u00e9coutez-le  sur   francaisfacile.rfi.fr.                 <\/p>\n","protected":false},"excerpt":{"rendered":"RFI. Il est 18 heures \u00e0 Paris, 16 heures temps universel. Le Journal en fran\u00e7ais facile. Margaux Ratayzyk.&hellip;\n","protected":false},"author":2,"featured_media":29822,"comment_status":"","ping_status":"","sticky":false,"template":"","format":"standard","meta":{"footnotes":""},"categories":[1588],"tags":[47,11,10343,33,1777,674,3535,10342,12,473,1853,71,1851,1850,1852],"class_list":{"0":"post-29821","1":"post","2":"type-post","3":"status-publish","4":"format-standard","5":"has-post-thumbnail","7":"category-royaume-uni","8":"tag-actualite","9":"tag-actualites","10":"tag-all","11":"tag-economie","12":"tag-eu","13":"tag-europe","14":"tag-geopolitique","15":"tag-journal-en-francais-facile","16":"tag-news","17":"tag-royaume-uni","18":"tag-royaume-uni-de-grande-bretagne-et-dirlande-du-nord","19":"tag-sante","20":"tag-uk","21":"tag-united-kingdom","22":"tag-united-kingdom-of-great-britain-and-northern-ireland"},"share_on_mastodon":{"url":"https:\/\/pubeurope.com\/@fr\/114349285239839692","error":""},"_links":{"self":[{"href":"https:\/\/www.europesays.com\/fr\/wp-json\/wp\/v2\/posts\/29821","targetHints":{"allow":["GET"]}}],"collection":[{"href":"https:\/\/www.europesays.com\/fr\/wp-json\/wp\/v2\/posts"}],"about":[{"href":"https:\/\/www.europesays.com\/fr\/wp-json\/wp\/v2\/types\/post"}],"author":[{"embeddable":true,"href":"https:\/\/www.europesays.com\/fr\/wp-json\/wp\/v2\/users\/2"}],"replies":[{"embeddable":true,"href":"https:\/\/www.europesays.com\/fr\/wp-json\/wp\/v2\/comments?post=29821"}],"version-history":[{"count":0,"href":"https:\/\/www.europesays.com\/fr\/wp-json\/wp\/v2\/posts\/29821\/revisions"}],"wp:featuredmedia":[{"embeddable":true,"href":"https:\/\/www.europesays.com\/fr\/wp-json\/wp\/v2\/media\/29822"}],"wp:attachment":[{"href":"https:\/\/www.europesays.com\/fr\/wp-json\/wp\/v2\/media?parent=29821"}],"wp:term":[{"taxonomy":"category","embeddable":true,"href":"https:\/\/www.europesays.com\/fr\/wp-json\/wp\/v2\/categories?post=29821"},{"taxonomy":"post_tag","embeddable":true,"href":"https:\/\/www.europesays.com\/fr\/wp-json\/wp\/v2\/tags?post=29821"}],"curies":[{"name":"wp","href":"https:\/\/api.w.org\/{rel}","templated":true}]}}