{"id":298221,"date":"2025-08-05T14:09:10","date_gmt":"2025-08-05T14:09:10","guid":{"rendered":"https:\/\/www.europesays.com\/fr\/298221\/"},"modified":"2025-08-05T14:09:10","modified_gmt":"2025-08-05T14:09:10","slug":"150-caravanes-evacuees-dun-complexe-sportif-pres-de-bordeaux","status":"publish","type":"post","link":"https:\/\/www.europesays.com\/fr\/298221\/","title":{"rendered":"150 caravanes \u00e9vacu\u00e9es d\u2019un complexe sportif pr\u00e8s de Bordeaux"},"content":{"rendered":"<p>Le campement de caravanes illicite qui squattait le complexe sportif de Gujan-Mestras a \u00e9t\u00e9 \u00e9vacu\u00e9 par les forces de l\u2019ordre, lundi. La mairie estime que cette intervention rapide \u00e9tait n\u00e9cessaire et justifi\u00e9e.<\/p>\n<p class=\"fig-paragraph\"><a href=\"http:\/\/www.lefigaro.fr\/actualite-france\/gens-du-voyage-bruno-retailleau-envoie-une-circulaire-aux-prefets-contre-les-occupations-illicites-20250708\" data-fig-type=\"NewsFlash\" data-gtm-custom-categorie=\"navigation\" data-gtm-custom-action=\"crossclick\" data-gtm-custom-label=\"Contextuel\" data-gtm-event=\"customEventSPE\" data-fig-domain=\"LEFIGARO\" target=\"_blank\" rel=\"noopener\">Expuls\u00e9es<\/a>\u00a0une semaine apr\u00e8s leur arriv\u00e9e. Les plus de 150 caravanes qui avaient\u00a0<a href=\"http:\/\/www.lefigaro.fr\/bordeaux\/ils-ont-blesse-un-elu-en-forcant-le-passage-200-caravanes-de-gens-du-voyage-envahissent-un-complexe-sportif-pres-de-bordeaux-20250729\" data-fig-type=\"NewsFlash\" data-gtm-custom-categorie=\"navigation\" data-gtm-custom-action=\"crossclick\" data-gtm-custom-label=\"Contextuel\" data-gtm-event=\"customEventSPE\" data-fig-domain=\"LEFIGARO\" target=\"_blank\" rel=\"noopener\">envahi le complexe sportif<\/a>\u00a0de Gujan-Mestras en d\u00e9coupant les grillages \u00e0 la meuleuse le 27 juillet ont \u00e9t\u00e9\u00a0<a href=\"http:\/\/www.lefigaro.fr\/bordeaux\/rodeos-tronconneuse-coups-de-feu-pres-de-bordeaux-des-habitants-desesperes-par-les-nuisances-de-gens-du-voyage-20250405\" data-fig-type=\"NewsFlash\" data-gtm-custom-categorie=\"navigation\" data-gtm-custom-action=\"crossclick\" data-gtm-custom-label=\"Contextuel\" data-gtm-event=\"customEventSPE\" data-fig-domain=\"LEFIGARO\" target=\"_blank\" rel=\"noopener\">\u00e9vacu\u00e9es par les forces de l\u2019ordre<\/a>, lundi. 160 gendarmes, cinq d\u00e9panneuses et des drones ont \u00e9t\u00e9 mobilis\u00e9s par la pr\u00e9fecture de la Gironde pour mener \u00e0 bien cette op\u00e9ration. \u00abC\u2019\u00e9tait un si\u00e8ge impressionnant. La discussion est rapidement devenue tr\u00e8s tendue. Mais le sous-pr\u00e9fet et la gendarmerie ont \u00e9t\u00e9 tr\u00e8s fermes. Avec les gens du voyage, le rapport de force s\u2019impose\u00bb, d\u00e9crit Xavier Paris, le premier adjoint de la commune.<\/p>\n<p class=\"fig-paragraph\">Pour ce dernier, cette r\u00e9action rapide des services de l\u2019\u00c9tat \u00e9tait n\u00e9cessaire et justifi\u00e9e. Et pour cause\u00a0: cette communaut\u00e9 de gens du voyage avait d\u00e9j\u00e0 squatt\u00e9 les m\u00eames lieux l\u2019an dernier et ce, alors m\u00eame que des aires de grands passages sont disponibles. \u00ab\u00c0 ceci s\u2019ajoute l\u2019agression de notre \u00e9lu \u00e0 la s\u00e9curit\u00e9 &#8211;\u00a0bless\u00e9 \u00e0 leur arriv\u00e9e\u00a0-, la destruction des grillages \u00e0 la meuleuse et leurs branchements sauvages \u00e0 l\u2019eau et \u00e0 l\u2019\u00e9lectricit\u00e9 de la ville. La situation \u00e9tait purement et simplement insupportable pour la commune qui respecte \u00e0 la lettre la loi et le sch\u00e9ma d\u00e9partemental\u00bb, insiste Xavier Paris.<\/p>\n<p>                                    <a class=\"fig-a11y-skip a11y-hidden\" href=\"#fig-a11y-skip-main-inarticle\"><br \/>\n        Passer la publicit\u00e9<br \/>\n    <\/a><\/p>\n<p>\u00abIls sont capables de tout\u00bb<\/p>\n<p class=\"fig-paragraph\">Apr\u00e8s un quart d\u2019heure r\u00e9flexion, la communaut\u00e9 de gens du voyage a d\u00e9cid\u00e9 d\u2019\u00e9vacuer les lieux et de partir, bien que m\u00e9contente, en direction de l\u2019aire de grand passage de M\u00e9rignac. Hormis un lave-vaisselle abandonn\u00e9 dans un foss\u00e9, les infrastructures alentour n\u2019ont pas \u00e9t\u00e9 d\u00e9grad\u00e9es et la prairie avait \u00e9t\u00e9 nettoy\u00e9e \u00e0 leur d\u00e9part.<\/p>\n<p class=\"fig-paragraph\">\u00abMaintenant qu\u2019ils sont partis, cela va nous co\u00fbter de l\u2019argent. Nous allons devoir r\u00e9parer les grillages et encore am\u00e9liorer la s\u00e9curisation du site. Nous ferons tout pour qu\u2019ils ne reviennent pas&#8230; En sachant qu\u2019ils sont capables de tout\u00bb, tonne l\u2019\u00e9lu. La proc\u00e9dure judiciaire suit par ailleurs sont cours\u00a0: Bernard Collinet, l\u2019adjoint \u00e0 la s\u00e9curit\u00e9 a port\u00e9 plainte \u00e0 la suite de son agression, tandis que la mairie a enclench\u00e9 les actions juridiques n\u00e9cessaires pour obtenir r\u00e9paration de l\u2019effraction commise par les gens du voyage et de la destruction des grillages du complexe sportif.<\/p>\n","protected":false},"excerpt":{"rendered":"Le campement de caravanes illicite qui squattait le complexe sportif de Gujan-Mestras a \u00e9t\u00e9 \u00e9vacu\u00e9 par les forces&hellip;\n","protected":false},"author":2,"featured_media":298222,"comment_status":"","ping_status":"","sticky":false,"template":"","format":"standard","meta":{"footnotes":""},"categories":[2817],"tags":[1111,11,1997,37305,1777,674,5341,1011,27,2903,12,2219,25],"class_list":{"0":"post-298221","1":"post","2":"type-post","3":"status-publish","4":"format-standard","5":"has-post-thumbnail","7":"category-bordeaux","8":"tag-actu","9":"tag-actualites","10":"tag-bordeaux","11":"tag-caravane","12":"tag-eu","13":"tag-europe","14":"tag-expulsions","15":"tag-fr","16":"tag-france","17":"tag-gens-du-voyage","18":"tag-news","19":"tag-nouvelle-aquitaine","20":"tag-republique-francaise"},"share_on_mastodon":{"url":"https:\/\/pubeurope.com\/@fr\/114976559216778122","error":""},"_links":{"self":[{"href":"https:\/\/www.europesays.com\/fr\/wp-json\/wp\/v2\/posts\/298221","targetHints":{"allow":["GET"]}}],"collection":[{"href":"https:\/\/www.europesays.com\/fr\/wp-json\/wp\/v2\/posts"}],"about":[{"href":"https:\/\/www.europesays.com\/fr\/wp-json\/wp\/v2\/types\/post"}],"author":[{"embeddable":true,"href":"https:\/\/www.europesays.com\/fr\/wp-json\/wp\/v2\/users\/2"}],"replies":[{"embeddable":true,"href":"https:\/\/www.europesays.com\/fr\/wp-json\/wp\/v2\/comments?post=298221"}],"version-history":[{"count":0,"href":"https:\/\/www.europesays.com\/fr\/wp-json\/wp\/v2\/posts\/298221\/revisions"}],"wp:featuredmedia":[{"embeddable":true,"href":"https:\/\/www.europesays.com\/fr\/wp-json\/wp\/v2\/media\/298222"}],"wp:attachment":[{"href":"https:\/\/www.europesays.com\/fr\/wp-json\/wp\/v2\/media?parent=298221"}],"wp:term":[{"taxonomy":"category","embeddable":true,"href":"https:\/\/www.europesays.com\/fr\/wp-json\/wp\/v2\/categories?post=298221"},{"taxonomy":"post_tag","embeddable":true,"href":"https:\/\/www.europesays.com\/fr\/wp-json\/wp\/v2\/tags?post=298221"}],"curies":[{"name":"wp","href":"https:\/\/api.w.org\/{rel}","templated":true}]}}