{"id":298223,"date":"2025-08-05T14:10:15","date_gmt":"2025-08-05T14:10:15","guid":{"rendered":"https:\/\/www.europesays.com\/fr\/298223\/"},"modified":"2025-08-05T14:10:15","modified_gmt":"2025-08-05T14:10:15","slug":"collecte-a-domicile-dencombrants-haute-garonne-toulouse","status":"publish","type":"post","link":"https:\/\/www.europesays.com\/fr\/298223\/","title":{"rendered":"Collecte \u00e0 domicile d&rsquo;encombrants &#8211; Haute Garonne &#8211; Toulouse"},"content":{"rendered":"<p>                    <img width=\"1753\" height=\"1008\" src=\"https:\/\/www.europesays.com\/fr\/wp-content\/uploads\/2025\/08\/WhatsApp-Image-2025-08-05-at-15.14.36.jpeg\" class=\"img-fluid landscape wp-post-image\" alt=\"Les d\u00e9p\u00f4ts sauvage sont interdits\" itemprop=\"image\" decoding=\"async\" fetchpriority=\"high\"  \/>                    <\/p>\n<p itemprop=\"name\">\n                                                Les d\u00e9p\u00f4ts sauvage sont interdits<br \/>\n                         Cr\u00e9dits :<br \/>\n                            MS31\n                                                <\/p>\n<p data-olk-copy-source=\"MessageBody\">Pour permettre aux habitants d&rsquo;\u00e9vacuer plus facilement leurs encombrants (meubles ou \u00e9lectrom\u00e9nager volumineux, outil de bricolage thermique ou \u00e9lectrique, grand \u00e9quipement informatique&#8230;), notamment \u00e0 l&rsquo;occasion d&rsquo;un d\u00e9m\u00e9nagement et en compl\u00e9ment des solutions d\u00e9j\u00e0 existante (apport en d\u00e9chetterie, r\u00e9paration, reprise par un revendeur),Toulouse M\u00e9tropole leur propose, de prendre rendez-vous pour une collecte \u00e0 domicile.<\/p>\n<p>La prise de rendez-vous s&rsquo;effectue :<\/p>\n<p>en ligne, via le site de la Collectivit\u00e9 par t\u00e9l\u00e9phone, en appelant Allo Toulouse au 05 61 222 222, pour les personnes r\u00e9sidant \u00e0 Toulouse; en contactant Toulouse M\u00e9tropole Interventions au 0800 201 440, pour les habitants des 36 autres communes.<\/p>\n<p>La veille du rendez-vous, \u00e0 partir de 20h, les objets \u00e0 \u00e9vacuer seront d\u00e9pos\u00e9s soigneusement, \u00e0 l\u2019adresse indiqu\u00e9e, sur le trottoir, sans g\u00eaner la circulation pi\u00e9tonne. \u200bIls\u00a0doivent \u00eatre facilement identifiables et le num\u00e9ro de demande doit \u00eatre visible.\u200bSeuls les objets enregistr\u00e9s lors de la prise de rendez-vous seront collect\u00e9s, entre 5h et midi.<\/p>\n<p>Ce nouveau service permet de mettre en place une collecte s\u00e9lective favorisant le recyclage et le r\u00e9emploi des objets, conform\u00e9ment aux objectifs fix\u00e9s par la loi anti-gaspillage pour une \u00e9conomie circulaire (AGEC) aux Collectivit\u00e9s.<br \/>\n                Cet article est r\u00e9serv\u00e9 aux abonn\u00e9s.<\/p>\n<p class=\"signature\" itemscope=\"\" itemprop=\"Author\" itemtype=\"http:\/\/schema.org\/Person\">\n                VLoz\n            <\/p>\n","protected":false},"excerpt":{"rendered":"Les d\u00e9p\u00f4ts sauvage sont interdits Cr\u00e9dits : MS31 Pour permettre aux habitants d&rsquo;\u00e9vacuer plus facilement leurs encombrants (meubles&hellip;\n","protected":false},"author":2,"featured_media":298224,"comment_status":"","ping_status":"","sticky":false,"template":"","format":"standard","meta":{"footnotes":""},"categories":[2816],"tags":[1111,11,1777,674,1011,27,12,2680,301,25,2312],"class_list":{"0":"post-298223","1":"post","2":"type-post","3":"status-publish","4":"format-standard","5":"has-post-thumbnail","7":"category-toulouse","8":"tag-actu","9":"tag-actualites","10":"tag-eu","11":"tag-europe","12":"tag-fr","13":"tag-france","14":"tag-news","15":"tag-occitanie","16":"tag-premium","17":"tag-republique-francaise","18":"tag-toulouse"},"share_on_mastodon":{"url":"https:\/\/pubeurope.com\/@fr\/114976563324653255","error":""},"_links":{"self":[{"href":"https:\/\/www.europesays.com\/fr\/wp-json\/wp\/v2\/posts\/298223","targetHints":{"allow":["GET"]}}],"collection":[{"href":"https:\/\/www.europesays.com\/fr\/wp-json\/wp\/v2\/posts"}],"about":[{"href":"https:\/\/www.europesays.com\/fr\/wp-json\/wp\/v2\/types\/post"}],"author":[{"embeddable":true,"href":"https:\/\/www.europesays.com\/fr\/wp-json\/wp\/v2\/users\/2"}],"replies":[{"embeddable":true,"href":"https:\/\/www.europesays.com\/fr\/wp-json\/wp\/v2\/comments?post=298223"}],"version-history":[{"count":0,"href":"https:\/\/www.europesays.com\/fr\/wp-json\/wp\/v2\/posts\/298223\/revisions"}],"wp:featuredmedia":[{"embeddable":true,"href":"https:\/\/www.europesays.com\/fr\/wp-json\/wp\/v2\/media\/298224"}],"wp:attachment":[{"href":"https:\/\/www.europesays.com\/fr\/wp-json\/wp\/v2\/media?parent=298223"}],"wp:term":[{"taxonomy":"category","embeddable":true,"href":"https:\/\/www.europesays.com\/fr\/wp-json\/wp\/v2\/categories?post=298223"},{"taxonomy":"post_tag","embeddable":true,"href":"https:\/\/www.europesays.com\/fr\/wp-json\/wp\/v2\/tags?post=298223"}],"curies":[{"name":"wp","href":"https:\/\/api.w.org\/{rel}","templated":true}]}}