{"id":29823,"date":"2025-04-16T19:26:11","date_gmt":"2025-04-16T19:26:11","guid":{"rendered":"https:\/\/www.europesays.com\/fr\/29823\/"},"modified":"2025-04-16T19:26:11","modified_gmt":"2025-04-16T19:26:11","slug":"au-milieu-de-la-guerre-tarifaire-de-trump-le-prochain-chef-de-lallemagne-tient-confiance-au-libre-echange","status":"publish","type":"post","link":"https:\/\/www.europesays.com\/fr\/29823\/","title":{"rendered":"Au milieu de la guerre tarifaire de Trump, le prochain chef de l&rsquo;Allemagne tient confiance au libre-\u00e9change"},"content":{"rendered":"<p>Berlin \u2013 Arr\u00eatez-nous si vous avez d\u00e9j\u00e0 entendu celui-ci: un chef politique allemand \u00e0 la veille de la prise de pouvoir promet que le libre-\u00e9change est la r\u00e9ponse aux d\u00e9fis \u00e9conomiques du pays.<\/p>\n<p>L\u2019approche a fonctionn\u00e9 pendant des d\u00e9cennies apr\u00e8s la Seconde Guerre mondiale Wirtschaftswunder a propuls\u00e9 l\u2019Allemagne alors-ouest \u00e0 une prosp\u00e9rit\u00e9 in\u00e9gal\u00e9e.<\/p>\n<p>Maintenant, m\u00eame si le pr\u00e9sident Donald Trump lance la plus grande guerre commerciale d\u2019un si\u00e8cle, le prochain chancelier de l\u2019Allemagne, Friedrich Merz, parie que l\u2019Europe peut toujours conclure un accord de libre-\u00e9change avec les \u00c9tats-Unis. Celui qu\u2019il peut n\u00e9gocier en outre d\u2019une position de force.<\/p>\n<p>\u00ab\u00a0La meilleure chose que nous puissions faire est de travailler ensemble pour r\u00e9aliser aucun tarif sur le commerce transatlantique. Ensuite, le probl\u00e8me sera r\u00e9solu\u00a0\u00bb, a d\u00e9clar\u00e9 Merz dans une interview sur la cha\u00eene de t\u00e9l\u00e9vision RTL apr\u00e8s son syndicat chr\u00e9tien d\u00e9mocratique (CDU) la semaine derni\u00e8re pour former un gouvernement de coalition avec les sociaux-d\u00e9mocrates (SPD).<\/p>\n<p>Pour Merz, les vents contraires du commerce qui explosent \u00e0 travers l\u2019Atlantique ne pouvaient pas arriver \u00e0 un moment pire, avec la plus grande \u00e9conomie d\u2019Europe confront\u00e9e \u00e0 une troisi\u00e8me ann\u00e9e de r\u00e9cession. <\/p>\n<p>En plus de cela, en tant que principal exportateur de l\u2019UE, l\u2019Allemagne et son industrie automobile sont les plus expos\u00e9es aux tarifs universels de Trump \u2013 10% sur la plupart des marchandises, ainsi que 25% de pr\u00e9l\u00e8vements sur l\u2019acier, l\u2019aluminium et les voitures. (Trump la semaine derni\u00e8re a interrompu un tarif plus \u00e9lev\u00e9 et discr\u00e9tionnaire de 20% contre l\u2019UE pendant 90 jours pour ouvrir la voie \u00e0 des n\u00e9gociations commerciales.)<\/p>\n<p>Merz, 69 ans, a fait de longues carri\u00e8res dans les affaires et la politique en tant que champion de la relation commerciale transatlantique de 1,6 billion de dollars et de l\u2019alliance de l\u2019OTAN \u2013 qui a \u00e9t\u00e9 con\u00e7ue pour maintenir l\u2019Am\u00e9rique engag\u00e9e en Europe tout en gardant l\u2019Allemagne \u00aben bas\u00bb et en lui permettant de devenir une puissance d\u2019exportation. L\u2019avocat qualifi\u00e9 a dirig\u00e9 le pont de l\u2019Atlantique, un organisme sans but lucratif allemand, pendant une d\u00e9cennie, et entre autres r\u00f4les a pr\u00e9sid\u00e9 la branche allemande du g\u00e9ant des investissements am\u00e9ricain Blackrock.<\/p>\n<p>Un accord de libre-\u00e9change transatlantique \u00e9tait un terrain central de la politique \u00e9conomique que Merz a conclu sur le sentier de la campagne \u00e9lectorale. Le pacte de la politique du gouvernement entrant s\u2019efforce d\u2019un ALE avec les \u00c9tats-Unis \u00ab\u00e0 moyen terme\u00bb, tout en cherchant \u00e0 long terme \u00e0 \u00e9viter un conflit commercial et \u00e0 garantir la r\u00e9duction des droits d\u2019importation.<\/p>\n<p>Dans le m\u00eame temps, Merz a cherch\u00e9 \u00e0 projeter une image de force et de r\u00e9solution envers Washington. \u00ab\u00a0Le message cl\u00e9 \u00e0 Donald Trump est: l\u2019Allemagne est de retour sur la bonne voie\u00a0\u00bb, a-t-il d\u00e9clar\u00e9 en anglais en d\u00e9voilant l\u2019accord de coalition.<\/p>\n<p>Les signaux mixtes sont impossibles \u00e0 manquer.<\/p>\n<p>\u00ab\u00a0Merz semble vaciller ces derni\u00e8res semaines\u00a0\u00bb, a d\u00e9clar\u00e9 \u00e0 L\u2019Observatoire de l\u2019Europe, experte Laura von Daniels, l\u2019experte am\u00e9ricaine de l\u2019Institut international et de s\u00e9curit\u00e9. La chanceli\u00e8re entrante, a-t-elle dit, alterne entre d\u00e9fendre les liens plus proches des \u00c9tats-Unis et avertir Bruxelles pour se pr\u00e9parer pour la fin de la protection de l\u2019OTAN de Trump, tout en produisant l\u2019ind\u00e9pendance europ\u00e9enne.<\/p>\n<p>Merz monte enfin le sommet du pouvoir allemand apr\u00e8s des d\u00e9cennies dans le d\u00e9sert politique. Il s\u2019est fait un nom dans les ann\u00e9es 1990 en tant que faucon fiscal, pour \u00eatre mis \u00e0 l\u2019\u00e9cart par la centriste Angela Merkel, qui a ensuite r\u00e9gn\u00e9 pendant 16 ans.<\/p>\n<p>Il a finalement remport\u00e9 le premier emploi dans la CDU lors de sa troisi\u00e8me tentative \u00e0 la fin de 2021, a conduit le parti \u00e0 une faible victoire lors des \u00e9lections g\u00e9n\u00e9rales du 23 f\u00e9vrier avec moins de 30% des voix.<\/p>\n<p>Malgr\u00e9 leurs longues ann\u00e9es d\u2019opposition, Merz et ses conseillers semblent avoir peu d\u2019id\u00e9es sur la fa\u00e7on de lutter contre les vuln\u00e9rabilit\u00e9s de l\u2019\u00e9conomie allemande orient\u00e9e vers l\u2019exportation dans un monde o\u00f9 la Chine est d\u00e9j\u00e0 un rival syst\u00e9mique et les \u00c9tats-Unis deviennent hostiles.<\/p>\n<p>Oui, en lan\u00e7ant plus de 1 billion d\u2019euros pour la mise \u00e0 niveau de l\u2019infrastructure et du r\u00e9armature en d\u00e9composition de l\u2019Allemagne, Merz essaie de cr\u00e9er un moteur domestique pour la croissance. Mais quand il s\u2019agit de faire face au reste du monde, sa r\u00e9flexion sur le commerce ressemble \u00e0 l\u2019\u00e2ge d\u2019or de l\u2019Allemagne.<\/p>\n<p>\u00ab\u00a0En fait, j\u2019avais le sentiment avec le chapitre am\u00e9ricain (du pacte de la coalition) que ce n\u2019\u00e9tait pas du tout une description de la r\u00e9alit\u00e9\u00a0\u00bb, a d\u00e9clar\u00e9 Claudia Major, analyste \u00e9tranger et de d\u00e9fense de l\u2019Institut allemand des affaires internationales et de la s\u00e9curit\u00e9, \u00e0 L\u2019Observatoire de l\u2019Europe Berlin Playbook Podcast. \u00ab\u00a0C\u2019est plus une pri\u00e8re. C\u2019est presque comme une invocation du pass\u00e9 que nous savons tous ne pas revenir.\u00a0\u00bb<\/p>\n<p>Un accord de libre-\u00e9change \u00abest un v\u0153u pieux dans la situation mondiale actuelle\u00bb, a d\u00e9clar\u00e9 \u00e0 L\u2019Observatoire de l\u2019Europe Sandra Detzer, l\u00e9gislative du Parti vert de l\u2019opposition. <\/p>\n<p>Jusqu\u2019\u00e0 pr\u00e9sent, le commissaire du commerce Maro\u0161 \u0161ef\u010dovi\u010d \u2013 qui n\u00e9gocie au nom des 27 pays membres qui forment le march\u00e9 unique de l\u2019UE \u2013 n\u2019a pas r\u00e9ussi \u00e0 d\u00e9samorcer les tensions en trois cycles de pourparlers avec des responsables de l\u2019administration Trump.<\/p>\n<p>Une d\u00e9claration de la Commission sur les derni\u00e8res pourparlers de \u0160ef\u010dovi\u010d \u00e0 Washington a appel\u00e9 lundi les \u00c9tats-Unis \u00e0 adopter au s\u00e9rieux l\u2019offre du bloc de n\u00e9gocier les tarifs. \u00ab\u00a0Comme pour chaque n\u00e9gociation, cela doit \u00eatre un engagement de rue \/ bidirectionnel \u00e0 double sens, les deux parties apportant quelque chose \u00e0 la table\u00a0\u00bb, a d\u00e9clar\u00e9 le porte-parole de la Commission Trade, Olof Gill.<\/p>\n<p>Les experts du commerce affirment qu\u2019un accord rappelant l\u2019ambition du Partenariat transatlantique du commerce et des investissements (TTIP), o\u00f9 des pourparlers se fondaient il y a pr\u00e8s d\u2019une d\u00e9cennie, est aujourd\u2019hui hors de port\u00e9e.<\/p>\n<p>\u00ab\u00a0Nous ne vivons plus dans un monde dans lequel les experts du commerce passent des ann\u00e9es \u00e0 n\u00e9gocier les d\u00e9tails des chapitres individuels dans les salles de conf\u00e9rence \u00e0 Bruxelles et \u00e0 Washington\u00a0\u00bb, a d\u00e9clar\u00e9 Von Daniels. <\/p>\n<p>\u00ab\u00a0De nos jours, il s\u2019agit davantage de transactions sectorielles \u2013 des accords \u00e9troits, pas des m\u00e9ga-deals\u00a0\u00bb, a ajout\u00e9 Julian Hinz, professeur d\u2019\u00e9conomie \u00e0 l\u2019Universit\u00e9 de Bielefeld qui dirige \u00e9galement la recherche sur le commerce du Kiel Institute pour l\u2019\u00e9conomie mondiale.<\/p>\n<p>Merz semble avoir obtenu le m\u00e9mo, ces derniers jours, renvoyer ses appels \u00e0 un large ALE et soutenir une proposition du pr\u00e9sident de la Commission europ\u00e9enne Ursula von der Leyen pour un accord plus \u00e9troit avec les \u00c9tats-Unis pour r\u00e9duire les tarifs sur les biens industriels \u00e0 z\u00e9ro.<\/p>\n<p>Pour m\u00eame avoir une chance de le r\u00e9aliser, il aurait besoin de favoriser des liens avec d\u2019autres membres de l\u2019UE \u2013 et de vendre l\u2019\u00e9lite protectionniste de la France sur l\u2019id\u00e9e du commerce plus libre avec le reste du monde. \u00ab\u00a0Le nombre de pays nous contactant et disant:\u00a0\u00bb Nous voulons conclure tr\u00e8s rapidement des accords de libre-\u00e9change \u00ab\u00a0, n\u2019a jamais \u00e9t\u00e9 aussi \u00e9lev\u00e9 que maintenant. Alors faisons-le!\u00a0\u00bb Merz a d\u00e9clar\u00e9 \u00e0 l\u2019intervieweur de t\u00e9l\u00e9vision Caren Miosga dimanche.<\/p>\n<p>Merz devra \u00e9galement exercer son influence pour emp\u00eacher Trump de retirer d\u2019autres dirigeants europ\u00e9ens avec des offres d\u2019offres ch\u00e9rie. <\/p>\n<p>Le pr\u00e9sident am\u00e9ricain \u00ab\u00a0essaie de diviser les Europ\u00e9ens\u00a0\u00bb, a d\u00e9clar\u00e9 Sebastian Roloff, un l\u00e9gislateur qui a n\u00e9goci\u00e9 les parties \u00e9conomiques de l\u2019accord de coalition au nom des sociaux-d\u00e9mocrates.<\/p>\n<p>Sous r\u00e9serve de la CDU et du SPD approuvant l\u2019accord de coalition, Merz esp\u00e8re \u00eatre \u00e9lu chancelier le 6 mai. Il devrait se rendre \u00e0 Paris le lendemain pour des entretiens avec le pr\u00e9sident fran\u00e7ais Emmanuel Macron, selon des sources famili\u00e8res avec la question. <\/p>\n<p>Le commerce \u2013 gratuit ou non \u2013 sera \u00e0 l\u2019ordre du jour.<\/p>\n","protected":false},"excerpt":{"rendered":"Berlin \u2013 Arr\u00eatez-nous si vous avez d\u00e9j\u00e0 entendu celui-ci: un chef politique allemand \u00e0 la veille de la&hellip;\n","protected":false},"author":2,"featured_media":29824,"comment_status":"","ping_status":"","sticky":false,"template":"","format":"standard","meta":{"footnotes":""},"categories":[1587],"tags":[11,672,10344,10345,6388,10346,1804,10347,2932,8939,215,10348,10349,10350,1805,554,1803,75,10351,5949,10352,73,1777,674,10353,27,1801,10354,10355,10356,10357,10358,10359,10360,12,10361,10362,1802,10363,10364,10365,8666,8727,10366,10367,4932],"class_list":{"0":"post-29823","1":"post","2":"type-post","3":"status-publish","4":"format-standard","5":"has-post-thumbnail","7":"category-allemagne","8":"tag-actualites","9":"tag-allemagne","10":"tag-aluminum","11":"tag-americas","12":"tag-angela-merkel","13":"tag-bridges","14":"tag-bundesrepublik-deutschland","15":"tag-cars","16":"tag-cd","17":"tag-china","18":"tag-commerce","19":"tag-commerce-accords","20":"tag-commission","21":"tag-conflict","22":"tag-de","23":"tag-defense","24":"tag-deutschland","25":"tag-donald-trump","26":"tag-dumping-duties","27":"tag-elections","28":"tag-emmanuel-macron-t-friedrich-merz","29":"tag-etats-unis","30":"tag-eu","31":"tag-europe","32":"tag-exports","33":"tag-france","34":"tag-germany","35":"tag-growth","36":"tag-imports","37":"tag-industry","38":"tag-infrastructure","39":"tag-investment","40":"tag-maros-sefcovic","41":"tag-negotiations","42":"tag-news","43":"tag-otan-t-spd-t-transatlantic-trade-and-investment-partnership","44":"tag-policy","45":"tag-republique-federale-dallemagne","46":"tag-research","47":"tag-security","48":"tag-single-marche","49":"tag-steel","50":"tag-tarifs","51":"tag-trade-war","52":"tag-ursula-von-dre-dre-dreyleen","53":"tag-war"},"share_on_mastodon":{"url":"","error":"Validation failed: Text character limit of 500 exceeded"},"_links":{"self":[{"href":"https:\/\/www.europesays.com\/fr\/wp-json\/wp\/v2\/posts\/29823","targetHints":{"allow":["GET"]}}],"collection":[{"href":"https:\/\/www.europesays.com\/fr\/wp-json\/wp\/v2\/posts"}],"about":[{"href":"https:\/\/www.europesays.com\/fr\/wp-json\/wp\/v2\/types\/post"}],"author":[{"embeddable":true,"href":"https:\/\/www.europesays.com\/fr\/wp-json\/wp\/v2\/users\/2"}],"replies":[{"embeddable":true,"href":"https:\/\/www.europesays.com\/fr\/wp-json\/wp\/v2\/comments?post=29823"}],"version-history":[{"count":0,"href":"https:\/\/www.europesays.com\/fr\/wp-json\/wp\/v2\/posts\/29823\/revisions"}],"wp:featuredmedia":[{"embeddable":true,"href":"https:\/\/www.europesays.com\/fr\/wp-json\/wp\/v2\/media\/29824"}],"wp:attachment":[{"href":"https:\/\/www.europesays.com\/fr\/wp-json\/wp\/v2\/media?parent=29823"}],"wp:term":[{"taxonomy":"category","embeddable":true,"href":"https:\/\/www.europesays.com\/fr\/wp-json\/wp\/v2\/categories?post=29823"},{"taxonomy":"post_tag","embeddable":true,"href":"https:\/\/www.europesays.com\/fr\/wp-json\/wp\/v2\/tags?post=29823"}],"curies":[{"name":"wp","href":"https:\/\/api.w.org\/{rel}","templated":true}]}}