{"id":298235,"date":"2025-08-05T14:16:12","date_gmt":"2025-08-05T14:16:12","guid":{"rendered":"https:\/\/www.europesays.com\/fr\/298235\/"},"modified":"2025-08-05T14:16:12","modified_gmt":"2025-08-05T14:16:12","slug":"lyon-limmense-restaurant-dans-la-gare-des-brotteaux-aux-prix-juges-excessifs-deja-en-vente","status":"publish","type":"post","link":"https:\/\/www.europesays.com\/fr\/298235\/","title":{"rendered":"Lyon. L&rsquo;immense restaurant dans la gare des Brotteaux, aux prix jug\u00e9s excessifs, d\u00e9j\u00e0 en vente"},"content":{"rendered":"<p>            Par<br \/>\n        <strong><br \/>\n            <a href=\"https:\/\/actu.fr\/auteur\/emma-ressegaire\" title=\"Consulter tous les articles de Emma Ressegaire\" rel=\"nofollow noopener\" target=\"_blank\">Emma Ressegaire<\/a><br \/>\n        <\/strong><\/p>\n<p>        Publi\u00e9 le<\/p>\n<p>            5 ao\u00fbt 2025 \u00e0 16h00        <\/p>\n<p>Seulement deux ans apr\u00e8s son ouverture, <strong>l\u2019aventure semble toucher \u00e0 sa fin<\/strong> pour le <a href=\"https:\/\/actu.fr\/auvergne-rhone-alpes\/lyon_69123\/lyon-ce-restaurant-geant-et-magnifique-coco-ouvre-dans-l-ancienne-gare-des-brotteaux_59846357.html\" rel=\"nofollow noopener\" target=\"_blank\">restaurant CoCo Lyon<\/a>, situ\u00e9 dans le 6eme arrondissement de <a href=\"https:\/\/actu.fr\/auvergne-rhone-alpes\/lyon_69123\" rel=\"nofollow noopener\" target=\"_blank\">Lyon<\/a> au sein de la gare des Brotteaux. En effet, d\u2019apr\u00e8s nos confr\u00e8res de <a href=\"https:\/\/www.lyonpeople.com\/actualites-lyon\/actualites-gastronomiques\/lyon-aux-brotteaux-coco-sapprete-deja-a-prendre-un-billet-retour-2025-08-02.html\" rel=\"nofollow noopener\" target=\"_blank\">Lyon People<\/a>, Paris Society, groupe parisien propri\u00e9taire du restaurant, <strong>cherche d\u00e9j\u00e0 de nouveaux repreneurs<\/strong>. La cause ? <strong>Une fr\u00e9quentation insuffisante<\/strong> qui ne permet pas de rentabiliser l\u2019\u00e9tablissement. En effet, bien qu\u2019un engouement f\u00fbt constat\u00e9 \u00e0 son ouverture, CoCo Lyon n\u2019a pas su remplir sa salle notamment \u00e0 cause de <strong>prix jug\u00e9s excessifs<\/strong> par bon nombre de Lyonnais : supr\u00eame de volaille \u00e0 32 euros, souris d\u2019agneau confite \u00e0 40 euros ou encore \u00e0 filet de bar r\u00f4ti \u00e0 42 euros.<\/p>\n<p>6 millions d\u2019euros investis<\/p>\n<p class=\" wall-content\">Le groupe <a href=\"https:\/\/actu.fr\/auvergne-rhone-alpes\/lyon_69123\/coco-ce-restaurant-geant-de-500-places-qui-cartonne-a-paris-va-ouvrir-a-lyon_56808114.html\" rel=\"nofollow noopener\" target=\"_blank\">Paris Society<\/a> avait investi 6 millions d\u2019euros pour son nouveau <strong>projet de brasserie chic<\/strong> situ\u00e9 dans un lieu historique lyonnais. \u00a0<\/p>\n<p class=\" wall-content\">Et toujours selon Lyon People, le prochain acheteur devra \u00eatre plut\u00f4t fortun\u00e9 pour acqu\u00e9rir l\u2019\u00e9tablissement au <strong>loyer annuel de 369 000 euros<\/strong>. Paris Society en r\u00e9clamerait un peu moins de 4,7 millions d\u2019euros.<\/p>\n<p class=\" wall-content\">D\u00e8s son implantation \u00e0 Lyon, la question de s\u00e9duire les Lyonnais avec un concept parisien s\u2019est pos\u00e9e. \u00ab\u00a0Nous venons humblement, il n\u2019est pas question de faire de la cuisine lyonnaise. On essaie de donner notre interpr\u00e9tation de la cuisine fran\u00e7aise\u00a0\u00bb, r\u00e9pondait Alexandra de La Brosse, directrice de la communication du groupe lors de la pr\u00e9sentation du lieu en juillet 2023.<\/p>\n<p class=\" wall-content\">Nous avons tent\u00e9 de joindre l\u2019agence de communication du restaurant et un repr\u00e9sentant de l\u2019\u00e9tablissement qui n\u2019ont pas pu r\u00e9pondre \u00e0 nos question au sujet de la vente.<\/p>\n<p class=\" wall-content\">Suivez toute l\u2019actualit\u00e9 de vos villes et m\u00e9dias favoris en vous inscrivant \u00e0 <a href=\"https:\/\/moncompte.actu.fr\" title=\"D\u00e9couvez Mon Actu\" rel=\"nofollow noopener\" data-trk=\"{&quot;cta&quot;:{&quot;action&quot;:&quot;https:\\\/\\\/moncompte.actu.fr&quot;,&quot;category&quot;:&quot;mon compte&quot;,&quot;from&quot;:&quot;article footer&quot;,&quot;name&quot;:&quot;Mon actu&quot;,&quot;type&quot;:&quot;cta&quot;}}\" target=\"_blank\">Mon Actu<\/a>.<\/p>\n","protected":false},"excerpt":{"rendered":"Par Emma Ressegaire Publi\u00e9 le 5 ao\u00fbt 2025 \u00e0 16h00 Seulement deux ans apr\u00e8s son ouverture, l\u2019aventure semble&hellip;\n","protected":false},"author":2,"featured_media":298236,"comment_status":"","ping_status":"","sticky":false,"template":"","format":"standard","meta":{"footnotes":""},"categories":[1889],"tags":[1111,11,2430,33,1777,674,1011,27,1661,2428,12,25,1340],"class_list":{"0":"post-298235","1":"post","2":"type-post","3":"status-publish","4":"format-standard","5":"has-post-thumbnail","7":"category-lyon","8":"tag-actu","9":"tag-actualites","10":"tag-auvergne-rhone-alpes","11":"tag-economie","12":"tag-eu","13":"tag-europe","14":"tag-fr","15":"tag-france","16":"tag-gastronomie","17":"tag-lyon","18":"tag-news","19":"tag-republique-francaise","20":"tag-restaurant"},"share_on_mastodon":{"url":"https:\/\/pubeurope.com\/@fr\/114976586796499483","error":""},"_links":{"self":[{"href":"https:\/\/www.europesays.com\/fr\/wp-json\/wp\/v2\/posts\/298235","targetHints":{"allow":["GET"]}}],"collection":[{"href":"https:\/\/www.europesays.com\/fr\/wp-json\/wp\/v2\/posts"}],"about":[{"href":"https:\/\/www.europesays.com\/fr\/wp-json\/wp\/v2\/types\/post"}],"author":[{"embeddable":true,"href":"https:\/\/www.europesays.com\/fr\/wp-json\/wp\/v2\/users\/2"}],"replies":[{"embeddable":true,"href":"https:\/\/www.europesays.com\/fr\/wp-json\/wp\/v2\/comments?post=298235"}],"version-history":[{"count":0,"href":"https:\/\/www.europesays.com\/fr\/wp-json\/wp\/v2\/posts\/298235\/revisions"}],"wp:featuredmedia":[{"embeddable":true,"href":"https:\/\/www.europesays.com\/fr\/wp-json\/wp\/v2\/media\/298236"}],"wp:attachment":[{"href":"https:\/\/www.europesays.com\/fr\/wp-json\/wp\/v2\/media?parent=298235"}],"wp:term":[{"taxonomy":"category","embeddable":true,"href":"https:\/\/www.europesays.com\/fr\/wp-json\/wp\/v2\/categories?post=298235"},{"taxonomy":"post_tag","embeddable":true,"href":"https:\/\/www.europesays.com\/fr\/wp-json\/wp\/v2\/tags?post=298235"}],"curies":[{"name":"wp","href":"https:\/\/api.w.org\/{rel}","templated":true}]}}