{"id":298241,"date":"2025-08-05T14:20:14","date_gmt":"2025-08-05T14:20:14","guid":{"rendered":"https:\/\/www.europesays.com\/fr\/298241\/"},"modified":"2025-08-05T14:20:14","modified_gmt":"2025-08-05T14:20:14","slug":"du-livre-aux-series-tele-les-barbapapa-celebrent-55-ans-de-succes","status":"publish","type":"post","link":"https:\/\/www.europesays.com\/fr\/298241\/","title":{"rendered":"Du livre aux s\u00e9ries t\u00e9l\u00e9, les Barbapapa c\u00e9l\u00e8brent 55\u00a0ans de succ\u00e8s"},"content":{"rendered":"\n<p class=\"c-chapo \">\n  Cr\u00e9\u00e9s par les \u00e9crivains Annette Tison et Talus Taylor en 1970, adapt\u00e9s \u00e0 l&rsquo;\u00e9cran en 1974, ils connaissent une nouvelle jeunesse via une s\u00e9rie lanc\u00e9e en\u00a02019.\n<\/p>\n<p>            lire plus tard<\/p>\n<p id=\"dialog__title\" class=\"dialog__title\">Pour sauvegarder cet article, connectez-vous ou cr\u00e9ez un compte franceinfo<\/p>\n<p class=\"dialog__description\">Sans paiement. Sans abonnement.<\/p>\n<p>        Fermer la fen\u00eatre d\u2019activation des notifications France Info<\/p>\n<p>            cr\u00e9er votre compte<\/p>\n<p>            se connecter<\/p>\n<p>        Fermer la fen\u00eatre de pr\u00e9sentation<\/p>\n<p>    <img loading=\"lazy\" decoding=\"async\" class=\"signature__image lazyload\" width=\"100\" height=\"100\" data- alt=\"\" src=\"https:\/\/www.europesays.com\/fr\/wp-content\/uploads\/2025\/05\/64abd44855ee1_placeholder-36b69ec8.png\"\/><\/p>\n<p>          France T\u00e9l\u00e9visions &#8211; R\u00e9daction Culture<\/p>\n<p>    Publi\u00e9 le 05\/08\/2025 11:36<\/p>\n<p>        Temps de lecture : 4min<\/p>\n<p>    <img decoding=\"async\"  alt=\"Talus Taylor (1929-2015), le p\u00e8re des Barbapapa, le 17\u00a0mars\u00a02009, \u00e0 la brasserie Zeyer, \u00e0 Paris, o\u00f9 il a cr\u00e9\u00e9 les c\u00e9l\u00e8bres cr\u00e9atures avec son \u00e9pouse Annette Tison. (HUMBERTO DE OLIVEIRA\u00a0\/\u00a0MAXPPP)\" width=\"432\" height=\"243\" src=\"https:\/\/www.europesays.com\/fr\/wp-content\/uploads\/2025\/08\/maxpeopleworld860544-6891ca2f7e7fa191275761.jpg\" fetchpriority=\"high\"\/><\/p>\n<p>      Talus Taylor (1929-2015), le p\u00e8re des Barbapapa, le 17\u00a0mars\u00a02009, \u00e0 la brasserie Zeyer, \u00e0 Paris, o\u00f9 il a cr\u00e9\u00e9 les c\u00e9l\u00e8bres cr\u00e9atures avec son \u00e9pouse Annette Tison. (HUMBERTO DE OLIVEIRA\u00a0\/\u00a0MAXPPP)<\/p>\n<p>Les Barbapapa, cr\u00e9atures multicolores, \u00e9colos et changeant de forme \u00e0 volont\u00e9, traversent sans encombre les g\u00e9n\u00e9rations et les fronti\u00e8res depuis 55\u00a0ans, r\u00e9g\u00e9n\u00e9r\u00e9s par le nouveau souffle apport\u00e9 par les enfants de leurs cr\u00e9ateurs. \u00ab\u00a0Il y avait d\u00e9j\u00e0 tout dans les livres d&rsquo;origine\u00a0\u00bb, assure \u00e0 l&rsquo;AFP Alice Taylor, fille du discret couple franco-am\u00e9ricain form\u00e9 par Annette Tison, disparue en 2010, et <a href=\"https:\/\/www.franceinfo.fr\/culture\/tv\/le-papa-des-barbapapa-est-mort_838305.html\" rel=\"nofollow noopener\" target=\"_blank\">Talus Taylor, d\u00e9c\u00e9d\u00e9 en 2015<\/a>. <\/p>\n<p>Avec quelque 8\u00a0millions de livres vendus en France depuis 1970, les aventures de Barbapapa, Barbamama et leurs sept Barbab\u00e9b\u00e9s, traduites dans plus de 30\u00a0langues (pour pr\u00e8s de 80\u00a0titres), s&rsquo;\u00e9coulent \u00e0 un million d&rsquo;exemplaires chaque ann\u00e9e dans le monde, selon Les Livres du dragon d&rsquo;or, leur \u00e9diteur depuis\u00a02003.<\/p>\n<p>C\u00f4t\u00e9 t\u00e9l\u00e9vision, adapt\u00e9es \u00e0 l&rsquo;\u00e9cran d\u00e8s 1974 sur l&rsquo;ORTF, accompagn\u00e9es d&rsquo;un g\u00e9n\u00e9rique culte, elles se d\u00e9clinent depuis 2019 dans une nouvelle s\u00e9rie, <a href=\"https:\/\/www.youtube.com\/watch?v=GnK_thGNla0\" target=\"_blank\" rel=\"noopener nofollow\">Barbapapa en famille<\/a>, qui compte parmi les cinq dessins anim\u00e9s les plus populaires de TF1, et que la cha\u00eene Nickelodeon\u00a0Junior diffuse dans une centaine de pays.<\/p>\n<p>Les personnages en forme de poire et de quille ont m\u00eame suscit\u00e9 plus de 15\u00a0millions de publications en ligne en 2025, aid\u00e9s par une tendance TikTok, la \u00ab\u00a0barbatrend\u00a0\u00bb, consistant \u00e0 rajouter \u00ab\u00a0barba\u00a0\u00bb devant des mots&#8230; <\/p>\n<\/p>\n<p>Dans la nouvelle s\u00e9rie, plus de \u00ab\u00a0hup hup hup barbatruc\u00a0\u00bb avant une transformation, ni la voix du chanteur Ricet Barrier, <a href=\"https:\/\/www.franceinfo.fr\/culture\/musique\/chanson-francaise\/ricet-barrier-est-mort-la-france-perd-un-de-ses-derniers-chansonniers_3383559.html\" rel=\"nofollow noopener\" target=\"_blank\">disparu en 2011<\/a>, mais toujours les valeurs d&rsquo;entraide de cette famille pr\u00e9curseure en mati\u00e8re d&rsquo;\u00e9cologie, avec des histoires traitant du rapport aux \u00e9crans comme des dangers des algues vertes.<\/p>\n<p>D\u00e9j\u00e0, dans l&rsquo;album L&rsquo;Arche, paru en 1974 chez l&rsquo;\u00e9diteur pour la jeunesse L&rsquo;\u00c9cole des loisirs, les Barbapapa sauvaient des animaux malades de la pollution ou traqu\u00e9s par des humains, fuyant sur une autre plan\u00e8te. \u00ab\u00a0On a l&rsquo;impression qu&rsquo;ils parlent d&rsquo;aujourd&rsquo;hui, c&rsquo;est fou\u00a0\u00bb, s&rsquo;exclame Alice Taylor, qui \u00e9crit et r\u00e9alise avec son fr\u00e8re Thomas les nouveaux \u00e9pisodes produits par le studio tricolore Normaal.<\/p>\n<p>Leurs parents, discrets et avares en interviews, ont emport\u00e9 quelques myst\u00e8res sur leur parcours et leur cr\u00e9ation. \u00ab\u00a0Ils estimaient, et je ne suis pas loin de partager leur avis, que c&rsquo;est leur travail qui parle pour eux\u00a0\u00bb, justifie Alice Taylor. \u00c0 l&rsquo;origine professeur de math\u00e9matiques, <a href=\"https:\/\/www.franceinfo.fr\/culture\/mort-de-talus-taylor-quatre-choses-a-savoir-sur-les-barbapapa-et-leur-createur_838225.html\" rel=\"nofollow noopener\" target=\"_blank\">Talus Taylor<\/a> a \u00ab\u00a0beaucoup voyag\u00e9\u00a0\u00bb et \u00ab\u00a0fait plein de trucs\u00a0\u00bb avant l&rsquo;aventure Barbapapa, n\u00e9e de sa rencontre avec Annette Tison, architecte de formation au parcours \u00ab\u00a0plus lin\u00e9aire\u00a0\u00bb.<\/p>\n<p>Le couple se trouve au Zeyer, une brasserie parisienne, avec d&rsquo;autres \u00e9tudiants quand naissent les premi\u00e8res esquisses de cette \u00ab\u00a0esp\u00e8ce d&rsquo;animal qui change de forme\u00a0\u00bb. \u00ab\u00a0Cela se passe autour des ann\u00e9es\u00a01968 parce que mon p\u00e8re trouvait \u00e7a marrant d&rsquo;aller faire le zozo \u00e0 regarder les \u00e9tudiants sur les barricades.\u00a0\u00bb \u00ab\u00a0Lui n&rsquo;arrivait pas \u00e0 suivre parce que son fran\u00e7ais n&rsquo;\u00e9tait pas bon et il dessinait des \u00e2neries sur la serviette\u00a0\u00bb, ajoute la quinquag\u00e9naire.<\/p>\n<p>Le nom du personnage leur vient d&rsquo;une balade quand les enfants ont r\u00e9clam\u00e9 des barbes-\u00e0-papa et fait d\u00e9couvrir ce mot \u00e0 Talus Taylor. S&rsquo;ensuit un premier album, traduit en \u00ab\u00a0anglais, hollandais, japonais, et apr\u00e8s le tour du monde\u00a0\u00bb. La s\u00e9rie anim\u00e9e conna\u00eet deux saisons en 1974 et 1977, avant une nouvelle d\u00e9clinaison en 1999 au Japon. Depuis le d\u00e9but des ann\u00e9es 2000, TF1 g\u00e8re la marque pour les produits d\u00e9riv\u00e9s.<\/p>\n<p>Alice et Thomas Taylor, qui ont tous deux fait des \u00e9tudes d&rsquo;architecture, signent leurs premiers livres Barbapapa en 2015, avant de s&rsquo;atteler au nouveau dessin anim\u00e9, auquel certains scripts \u00e9crits par leur m\u00e8re ont servi de base. Thomas Taylor, qui vit \u00e0 l&rsquo;\u00e9tranger, s&rsquo;occupe davantage des sc\u00e9narios, et Alice plus du \u00ab\u00a0c\u00f4t\u00e9 graphique\u00a0\u00bb\u00a0: proportions des personnages, d\u00e9cors, transformations \u00ab\u00a0extr\u00eamement rigolotes \u00e0 faire\u00a0\u00bb.<\/p>\n<p>Un h\u00e9ritage que cette dipl\u00f4m\u00e9e de la section animation de l&rsquo;Ensad (Arts d\u00e9coratifs), invit\u00e9e \u00e0 \u00ab\u00a0faire du rangement\u00a0\u00bb dans l&rsquo;entreprise familiale au tournant du XXIe\u00a0si\u00e8cle, n&rsquo;envisageait pas forc\u00e9ment. \u00ab\u00a0La soci\u00e9t\u00e9 a \u00e9t\u00e9 cr\u00e9\u00e9e par ma m\u00e8re pour la gestion des droits d\u00e9riv\u00e9s et, au bout d&rsquo;un moment, elle m&rsquo;a dit\u00a0: &lsquo;Je vous laisse les cl\u00e9s, salut'\u00a0\u00bb, relate-t-elle, en riant.<\/p>\n","protected":false},"excerpt":{"rendered":"Cr\u00e9\u00e9s par les \u00e9crivains Annette Tison et Talus Taylor en 1970, adapt\u00e9s \u00e0 l&rsquo;\u00e9cran en 1974, ils connaissent&hellip;\n","protected":false},"author":2,"featured_media":298242,"comment_status":"","ping_status":"","sticky":false,"template":"","format":"standard","meta":{"footnotes":""},"categories":[1888],"tags":[1111,1928,11,1927,1777,674,1011,27,12,1926,626,1925,25],"class_list":{"0":"post-298241","1":"post","2":"type-post","3":"status-publish","4":"format-standard","5":"has-post-thumbnail","7":"category-paris","8":"tag-actu","9":"tag-actu-paris","10":"tag-actualites","11":"tag-actualites-paris","12":"tag-eu","13":"tag-europe","14":"tag-fr","15":"tag-france","16":"tag-news","17":"tag-news-paris","18":"tag-paris","19":"tag-paris-news","20":"tag-republique-francaise"},"share_on_mastodon":{"url":"https:\/\/pubeurope.com\/@fr\/114976602522778804","error":""},"_links":{"self":[{"href":"https:\/\/www.europesays.com\/fr\/wp-json\/wp\/v2\/posts\/298241","targetHints":{"allow":["GET"]}}],"collection":[{"href":"https:\/\/www.europesays.com\/fr\/wp-json\/wp\/v2\/posts"}],"about":[{"href":"https:\/\/www.europesays.com\/fr\/wp-json\/wp\/v2\/types\/post"}],"author":[{"embeddable":true,"href":"https:\/\/www.europesays.com\/fr\/wp-json\/wp\/v2\/users\/2"}],"replies":[{"embeddable":true,"href":"https:\/\/www.europesays.com\/fr\/wp-json\/wp\/v2\/comments?post=298241"}],"version-history":[{"count":0,"href":"https:\/\/www.europesays.com\/fr\/wp-json\/wp\/v2\/posts\/298241\/revisions"}],"wp:featuredmedia":[{"embeddable":true,"href":"https:\/\/www.europesays.com\/fr\/wp-json\/wp\/v2\/media\/298242"}],"wp:attachment":[{"href":"https:\/\/www.europesays.com\/fr\/wp-json\/wp\/v2\/media?parent=298241"}],"wp:term":[{"taxonomy":"category","embeddable":true,"href":"https:\/\/www.europesays.com\/fr\/wp-json\/wp\/v2\/categories?post=298241"},{"taxonomy":"post_tag","embeddable":true,"href":"https:\/\/www.europesays.com\/fr\/wp-json\/wp\/v2\/tags?post=298241"}],"curies":[{"name":"wp","href":"https:\/\/api.w.org\/{rel}","templated":true}]}}