{"id":298243,"date":"2025-08-05T14:21:11","date_gmt":"2025-08-05T14:21:11","guid":{"rendered":"https:\/\/www.europesays.com\/fr\/298243\/"},"modified":"2025-08-05T14:21:11","modified_gmt":"2025-08-05T14:21:11","slug":"ce-qui-sest-passe-a-paris-nous-ne-pouvons-pas-nous-permettre-que-cela-se-reproduise-a-six-mois-des-jeux-olympiques-litalie-et-les-organisateurs-optimistes","status":"publish","type":"post","link":"https:\/\/www.europesays.com\/fr\/298243\/","title":{"rendered":"\u00ab\u00a0Ce qui s&rsquo;est pass\u00e9 \u00e0 Paris, nous ne pouvons pas nous permettre que cela se reproduise\u00a0\u00bb A six mois des Jeux olympiques, l&rsquo;Italie et les organisateurs optimistes"},"content":{"rendered":"<p class=\"mb-4 text-lg md:leading-8 break-words\">A six mois du coup d&rsquo;envoi des prochains JO d&rsquo;hiver (6-22 f\u00e9vrier 2026) et apr\u00e8s six ans de montagnes russes, leurs organisateurs entrevoient le sommet: \u00ab\u00a0Organiser des Jeux, c&rsquo;est complexe, mais nous avan\u00e7ons en toute confiance\u00a0\u00bb, assure \u00e0 l&rsquo;AFP le patron du comit\u00e9 d&rsquo;organisation Milano Cortina 2026.<\/p>\n<p class=\"mb-4 text-lg md:leading-8 break-words\">Depuis peu, les Jeux olympiques et paralympiques 2026 ont leurs m\u00e9dailles. Ils auront bient\u00f4t leurs Villages olympiques \u00e0 Milan et Cortina d&rsquo;Ampezzo, en attendant l&rsquo;ensemble des sites sportifs en configuration olympique d\u00e9but 2026 au plus tard.<\/p>\n<p class=\"mb-4 text-lg md:leading-8 break-words\">\u00ab\u00a0Les pr\u00e9paratifs avancent conform\u00e9ment au calendrier que nous avons \u00e9tabli. Nous sommes actuellement dans la phase centrale de la mise en oeuvre op\u00e9rationnelle\u00a0\u00bb, r\u00e9sume pour l&rsquo;AFP Andrea Varnier.<\/p>\n<p class=\"mb-4 text-lg md:leading-8 break-words\">\u00ab\u00a0Organiser un \u00e9v\u00e9nement comme des Jeux, c&rsquo;est complexe, les d\u00e9fis font partie du processus, mais nous avan\u00e7ons en toute confiance\u00a0\u00bb, insiste le patron des troisi\u00e8mes JO italiens de l&rsquo;histoire, apr\u00e8s Rome en 1960 (\u00e9t\u00e9) et Turin en 2006 (hiver).<\/p>\n<p class=\"mb-4 text-lg md:leading-8 break-words\">M\u00eame optimisme du c\u00f4t\u00e9 de la Simico, la soci\u00e9t\u00e9 publique de livraison des ouvrages olympiques: \u00ab\u00a0Tous les chantiers sportifs pr\u00e9vus seront achev\u00e9s avant le d\u00e9but des JO\u00a0\u00bb, a-t-elle martel\u00e9 la semaine derni\u00e8re.<\/p>\n<p class=\"mb-4 text-lg md:leading-8 break-words\">Le d\u00e9fi olympique n&rsquo;est peut-\u00eatre pas encore tout \u00e0 fait gagn\u00e9, mais il revient de loin, notamment apr\u00e8s la p\u00e9riode Covid qui a tout gel\u00e9.<\/p>\n<p>5,2 milliards d&rsquo;euros<\/p>\n<p class=\"mb-4 text-lg md:leading-8 break-words\">Pour \u00e9viter les constructions nouvelles, pour r\u00e9duire leur impact environnemental et pour une facture finale \u00e9valu\u00e9e \u00e0 5,2 milliards d&rsquo;euros (3,5 Mds pour les infrastructures et depuis mars 1,7 Md, contre 1,5 initialement, pour les Jeux eux-m\u00eames), loin des \u00e9ditions pharaoniques de Sotchi (2014), Pyeongchang (2018) ou P\u00e9kin (2022), les organisateurs italiens, pr\u00e9f\u00e9r\u00e9s en 2019 \u00e0 une candidature su\u00e9doise, ont utilis\u00e9 tr\u00e8s majoritairement des sites de comp\u00e9tition d\u00e9j\u00e0 existants (11 sur 13).<\/p>\n<p class=\"mb-4 text-lg md:leading-8 break-words\">Cons\u00e9quence, ces JO pr\u00e9sentent une carte de sites \u00e9clat\u00e9e en sept zones s&rsquo;\u00e9talant des Dolomites \u00e0 la plaine du P\u00f4 en passant par la V\u00e9n\u00e9tie, avec Bormio et Cortina pour le ski alpin, Anterselva pour le biathlon, le Val di Fiemme pour le ski nordique, Livigno pour le snowboard et le ski freestyle.<\/p>\n<p class=\"mb-4 text-lg md:leading-8 break-words\">Pour les sports de glace, qui se d\u00e9rouleront \u00e0 Milan, Milano Cortina 2026 transformera en patinoire un nouveau complexe multisports en cours de construction. L&rsquo;anneau de patinage de vitesse sera temporairement install\u00e9 dans un palais des congr\u00e8s, structure provisoire qui \u00e9vitera aux organisateurs de se retrouver apr\u00e8s la quinzaine olympique avec une installation co\u00fbteuse \u00e0 entretenir et peu utilis\u00e9e.<\/p>\n<p class=\"mb-4 text-lg md:leading-8 break-words\">En la mati\u00e8re, ils ont longtemps eu une imposante \u00e9pine dans le pied avec la piste de bobsleigh, luge et skeleton de Cortina: sa construction d\u00e9cid\u00e9e tardivement pour des raisons politiques, a \u00e9t\u00e9 men\u00e9e \u00e0 bien en un temps record et la piste a \u00e9t\u00e9 pr\u00e9-homologu\u00e9e fin mars.<\/p>\n<p class=\"mb-4 text-lg md:leading-8 break-words\">En attendant que les reines du ski alpin Mikaela Shiffrin, Lindsey Vonn et Federica Brignone, bless\u00e9e gravement \u00e0 une jambe en fin de saison, s&rsquo;expliquent \u00e0 Cortina ou que la star du patinage artistique Ilia Malinin brille sur la glace de Milan, elles savent d\u00e9sormais pourquoi elles se battent.<\/p>\n<p class=\"mb-4 text-lg md:leading-8 break-words\">Les m\u00e9dailles qui les font r\u00eaver p\u00e9seront 420 grammes pour les m\u00e9dailles de bronze, 500 grammes pour celles en or et en argent.<\/p>\n<p>Villages olympiques livr\u00e9s en octobre<\/p>\n<p class=\"mb-4 text-lg md:leading-8 break-words\">Une certitude, les m\u00e9daill\u00e9s des prochains JO ne conna\u00eetront pas les m\u00e9saventures de leurs coll\u00e8gues des Jeux de Paris: quelque 220 m\u00e9dailles, qui renfermaient un petit bout de la tour Eiffel, ont d\u00fb \u00eatre remplac\u00e9s, car les r\u00e9compenses ont vite noirci ou se sont vite oxyd\u00e9es.<\/p>\n<p class=\"mb-4 text-lg md:leading-8 break-words\">\u00ab\u00a0Ce qui s&rsquo;est pass\u00e9 \u00e0 Paris, nous ne pouvons pas nous permettre que cela se reproduise\u00a0\u00bb, a expliqu\u00e9 \u00e0 l&rsquo;AFP lors de leur pr\u00e9sentation mi-juillet leur conceptrice Raffaella Pani\u00e8.<\/p>\n<p class=\"mb-4 text-lg md:leading-8 break-words\">La question de l&rsquo;h\u00e9bergement, qui pose bien des probl\u00e8mes -logistiques et financier- \u00e0 tout organisateur de JO, semble \u00eatre r\u00e9gl\u00e9e.<\/p>\n<p class=\"mb-4 text-lg md:leading-8 break-words\">Le Village de Milan, six b\u00e2timents de sept \u00e9tages reconvertis en r\u00e9sidence universitaire apr\u00e8s les Jeux, est termin\u00e9. Il sera livr\u00e9 \u00ab\u00a0d\u00e9but octobre\u00a0\u00bb et sa construction n&rsquo;a pas \u00e9t\u00e9 perturb\u00e9e par les r\u00e9cents d\u00e9boires judiciaires de son promoteur, le groupe Coima. A Cortina, ce sont 377 modules pr\u00e9-fabriqu\u00e9s qui seront install\u00e9s d&rsquo;ici fin octobre.<\/p>\n<p class=\"mb-4 text-lg md:leading-8 break-words\">Reste une question \u00e0 laquelle personne, pas m\u00eame le service m\u00e9t\u00e9orologique italien interrog\u00e9 par l&rsquo;AFP, n&rsquo;a pour l&rsquo;instant de r\u00e9ponse: y aura-t-il assez de neige en f\u00e9vrier prochain? \u00ab\u00a0Nous serons pr\u00eats\u00a0\u00bb, balayent les organisateurs.<\/p>\n<p class=\"mb-4 text-lg md:leading-8 break-words\"><a href=\"https:\/\/rmcsport.bfmtv.com\/jeux-olympiques\/ce-qui-s-est-passe-a-paris-nous-ne-pouvons-pas-nous-permettre-que-cela-se-reproduise-a-six-mois-des-jeux-olympiques-l-italie-et-les-organisateurs-optimistes_AD-202508050327.html#xtor=AL-68\" rel=\"nofollow noopener\" target=\"_blank\" data-ylk=\"slk:Article original publi\u00e9 sur RMC Sport;elm:context_link;itc:0;sec:content-canvas\" class=\"link \">Article original publi\u00e9 sur RMC Sport<\/a><\/p>\n","protected":false},"excerpt":{"rendered":"A six mois du coup d&rsquo;envoi des prochains JO d&rsquo;hiver (6-22 f\u00e9vrier 2026) et apr\u00e8s six ans de&hellip;\n","protected":false},"author":2,"featured_media":298244,"comment_status":"","ping_status":"","sticky":false,"template":"","format":"standard","meta":{"footnotes":""},"categories":[1888],"tags":[1111,1928,11,1927,43836,43834,1777,674,1011,27,41539,43835,12,1926,43837,626,1925,25],"class_list":{"0":"post-298243","1":"post","2":"type-post","3":"status-publish","4":"format-standard","5":"has-post-thumbnail","7":"category-paris","8":"tag-actu","9":"tag-actu-paris","10":"tag-actualites","11":"tag-actualites-paris","12":"tag-cortina-dampezzo","13":"tag-des-jeux","14":"tag-eu","15":"tag-europe","16":"tag-fr","17":"tag-france","18":"tag-les-jeux","19":"tag-milano-cortina","20":"tag-news","21":"tag-news-paris","22":"tag-organisateurs","23":"tag-paris","24":"tag-paris-news","25":"tag-republique-francaise"},"share_on_mastodon":{"url":"https:\/\/pubeurope.com\/@fr\/114976606377503468","error":""},"_links":{"self":[{"href":"https:\/\/www.europesays.com\/fr\/wp-json\/wp\/v2\/posts\/298243","targetHints":{"allow":["GET"]}}],"collection":[{"href":"https:\/\/www.europesays.com\/fr\/wp-json\/wp\/v2\/posts"}],"about":[{"href":"https:\/\/www.europesays.com\/fr\/wp-json\/wp\/v2\/types\/post"}],"author":[{"embeddable":true,"href":"https:\/\/www.europesays.com\/fr\/wp-json\/wp\/v2\/users\/2"}],"replies":[{"embeddable":true,"href":"https:\/\/www.europesays.com\/fr\/wp-json\/wp\/v2\/comments?post=298243"}],"version-history":[{"count":0,"href":"https:\/\/www.europesays.com\/fr\/wp-json\/wp\/v2\/posts\/298243\/revisions"}],"wp:featuredmedia":[{"embeddable":true,"href":"https:\/\/www.europesays.com\/fr\/wp-json\/wp\/v2\/media\/298244"}],"wp:attachment":[{"href":"https:\/\/www.europesays.com\/fr\/wp-json\/wp\/v2\/media?parent=298243"}],"wp:term":[{"taxonomy":"category","embeddable":true,"href":"https:\/\/www.europesays.com\/fr\/wp-json\/wp\/v2\/categories?post=298243"},{"taxonomy":"post_tag","embeddable":true,"href":"https:\/\/www.europesays.com\/fr\/wp-json\/wp\/v2\/tags?post=298243"}],"curies":[{"name":"wp","href":"https:\/\/api.w.org\/{rel}","templated":true}]}}