{"id":29825,"date":"2025-04-16T19:27:11","date_gmt":"2025-04-16T19:27:11","guid":{"rendered":"https:\/\/www.europesays.com\/fr\/29825\/"},"modified":"2025-04-16T19:27:11","modified_gmt":"2025-04-16T19:27:11","slug":"trois-licencies-de-guipavas-participeront-aux-championnats-deurope-de-luttes-celtiques-ce-week-end","status":"publish","type":"post","link":"https:\/\/www.europesays.com\/fr\/29825\/","title":{"rendered":"Trois licenci\u00e9s de Guipavas participeront aux championnats d\u2019Europe de luttes celtiques ce week-end"},"content":{"rendered":"<p>Ils sont trois lutteurs du Skol Gouren Gwipavaz (Guipavas) \u00e0 avoir d\u00e9croch\u00e9 leur s\u00e9lection pour les <a href=\"https:\/\/www.letelegramme.fr\/finistere\/saint-renan-29290\/saint-renan-sera-la-capitale-europeenne-du-gouren-samedi-et-dimanche-6799737.php\" target=\"_blank\" rel=\"noopener\">championnats d\u2019Europe de luttes celtiques<\/a> (le gouren, lutte bretonne, et le back-hold, lutte \u00e9cossaise), qui se d\u00e9rouleront \u00e0 Saint-Renan les samedi\u00a019 et dimanche 20 avril 2025. <\/p>\n<p>\u00ab\u00a0Cette comp\u00e9tition, qui n\u2019avait plus eu lieu depuis la crise sanitaire li\u00e9e \u00e0 la pand\u00e9mie de covid, reprend cette ann\u00e9e, les skolio\u00f9 du Nord-Finist\u00e8re ayant d\u00e9cid\u00e9 de relever ce d\u00e9fi\u00a0\u00bb, indique Jean-Yves L\u2019Her, pr\u00e9sident du skol de Guipavas.<\/p>\n<p>Les trois lutteurs s\u00e9lectionn\u00e9s participeront \u00e0 la comp\u00e9tition dans l\u2019\u00e9quipe de Bretagne\u00a0: il s\u2019agira de Vincenzo Charnaux-Christ, pour les espoirs de moins de 68 kg, de Cl\u00e9ment Priol, en senior de moins de 74 kg, et de Baptiste L\u2019Her, en senior de moins de 90 kg.<\/p>\n<p>Deux premi\u00e8res s\u00e9lections en \u00e9quipe de Bretagne<\/p>\n<p>Le premier est licenci\u00e9 \u00e0 Guipavas depuis seulement trois saisons, \u00ab\u00a0il a su apprendre et montrer rapidement ses valeurs il est champion en gouren en 2024 et en back-hold en 2024 et 2025\u00a0\u00bb, commente Jean-Yves L\u2019Her. Quant \u00e0 Cl\u00e9ment Priol, c\u2019est un lutteur confirm\u00e9 qui a \u00e9t\u00e9 entra\u00eeneur dans le club local et qui, malgr\u00e9 de multiples titres de champions de gouren et de back-hold, n\u2019avait jamais \u00e9t\u00e9 s\u00e9lectionn\u00e9 en \u00e9quipe de Bretagne, contrairement \u00e0 Baptiste L\u2019Her, qui a d\u00e9j\u00e0 quatre participations au championnat d\u2019Europe au sein de cette \u00e9quipe. <\/p>\n<p>Quatre titres pour Baptiste L\u2019Her<\/p>\n<p>\u00ab\u00a0Baptiste compte quatre titres europ\u00e9ens en espoir en \u00e9quipe de Bretagne, en 2014, 2016 et 2018 en gouren ainsi en 2018 en back-hold\u00a0: ce sera donc sa premi\u00e8re participation en confirm\u00e9. Il est aussi entra\u00eeneur au club pour les jeunes ainsi que pour les adultes\u00a0\u00bb, pr\u00e9cise Jean-Yves L\u2019Her, son p\u00e8re, sans \u00e9grainer les titres de Baptiste mais en rappelant qu\u2019en 2025, il a fini en t\u00eate du Challenge de Bretagne individuel et champion de Bretagne de back-hold. <\/p>\n<p>\u00ab\u00a0Nos trois lutteurs et l\u2019\u00e9quipe de Bretagne ont besoin de tous les encouragements\u00a0\u00bb, conclut Jean-Yves L\u2019Her.<\/p>\n<p>Pratique<\/p>\n<p class=\"note\">Championnats d\u2019Europe de luttes celtiques, salle de Tr\u00e9visquin, \u00e0 Saint-Renan, les samedi 19 et dimanche 20 avril, de 9\u00a0h\u00a030 \u00e0 19\u00a0h. Billetterie sur <a href=\"https:\/\/www.gouren.bzh\/homepage\/billetterie\" target=\"_blank\" rel=\"noopener\">gouren.bzh\/homepage\/billetterie<\/a> (5 \u20ac par jour \u00e0 partir de 6 ans, 8 \u20ac pour les deux jours \u00e0 partir de 6 ans).<\/p>\n","protected":false},"excerpt":{"rendered":"Ils sont trois lutteurs du Skol Gouren Gwipavaz (Guipavas) \u00e0 avoir d\u00e9croch\u00e9 leur s\u00e9lection pour les championnats d\u2019Europe&hellip;\n","protected":false},"author":2,"featured_media":29826,"comment_status":"","ping_status":"","sticky":false,"template":"","format":"standard","meta":{"footnotes":""},"categories":[1586],"tags":[11,1777,674,1011,27,10369,10368,12,25],"class_list":{"0":"post-29825","1":"post","2":"type-post","3":"status-publish","4":"format-standard","5":"has-post-thumbnail","7":"category-europe","8":"tag-actualites","9":"tag-eu","10":"tag-europe","11":"tag-fr","12":"tag-france","13":"tag-gouren","14":"tag-guipavas","15":"tag-news","16":"tag-republique-francaise"},"share_on_mastodon":{"url":"https:\/\/pubeurope.com\/@fr\/114349293243589694","error":""},"_links":{"self":[{"href":"https:\/\/www.europesays.com\/fr\/wp-json\/wp\/v2\/posts\/29825","targetHints":{"allow":["GET"]}}],"collection":[{"href":"https:\/\/www.europesays.com\/fr\/wp-json\/wp\/v2\/posts"}],"about":[{"href":"https:\/\/www.europesays.com\/fr\/wp-json\/wp\/v2\/types\/post"}],"author":[{"embeddable":true,"href":"https:\/\/www.europesays.com\/fr\/wp-json\/wp\/v2\/users\/2"}],"replies":[{"embeddable":true,"href":"https:\/\/www.europesays.com\/fr\/wp-json\/wp\/v2\/comments?post=29825"}],"version-history":[{"count":0,"href":"https:\/\/www.europesays.com\/fr\/wp-json\/wp\/v2\/posts\/29825\/revisions"}],"wp:featuredmedia":[{"embeddable":true,"href":"https:\/\/www.europesays.com\/fr\/wp-json\/wp\/v2\/media\/29826"}],"wp:attachment":[{"href":"https:\/\/www.europesays.com\/fr\/wp-json\/wp\/v2\/media?parent=29825"}],"wp:term":[{"taxonomy":"category","embeddable":true,"href":"https:\/\/www.europesays.com\/fr\/wp-json\/wp\/v2\/categories?post=29825"},{"taxonomy":"post_tag","embeddable":true,"href":"https:\/\/www.europesays.com\/fr\/wp-json\/wp\/v2\/tags?post=29825"}],"curies":[{"name":"wp","href":"https:\/\/api.w.org\/{rel}","templated":true}]}}