{"id":298251,"date":"2025-08-05T14:25:13","date_gmt":"2025-08-05T14:25:13","guid":{"rendered":"https:\/\/www.europesays.com\/fr\/298251\/"},"modified":"2025-08-05T14:25:13","modified_gmt":"2025-08-05T14:25:13","slug":"quand-la-memoire-devient-une-arme-politique-lukraine-doit-se-battre-pour-ecrire-son-histoire","status":"publish","type":"post","link":"https:\/\/www.europesays.com\/fr\/298251\/","title":{"rendered":"Quand la m\u00e9moire devient une arme politique, l\u2019Ukraine doit se battre pour \u00e9crire son histoire"},"content":{"rendered":"<p>      <img fetchpriority=\"high\" decoding=\"async\" class=\"mx-auto\" src=\"data:image\/svg+xml,%3Csvg%20xmlns%3D%27http%3A%2F%2Fwww.w3.org%2F2000%2Fsvg%27%20fill%3D%22%23e4e4e4%22%20viewBox%3D%270%200%20510%20340%27%20width%3D%22510%22%20height%3D%22340%22%3E%3Cpath%20d%3D%27M0%200h510v340H0z%27%2F%3E%3C%2Fsvg%3E\"  loading=\"eager\" width=\"510\" height=\"340\" data-oncrawl-image-size=\"510x340\" alt=\"C\u00e9r\u00e9monie d\u2019hommage \u00e0 Stepan Bandera,  \u00e0 Lviv, en Ukraine, le 1\u1d49\u02b3\u00a0janvier 2025.  Ce h\u00e9ros de l\u2019opposition aux Sovi\u00e9tiques, un des dirigeants de l\u2019Organisation des nationalistes ukrainiens (OUN), \u00e9tait aussi un collaborateur des nazis, explique l\u2019historien Fr\u00e9d\u00e9ric Sall\u00e9e.\"\/>      <\/p>\n<p class=\"latino-100m text-grey-600\">\n            C\u00e9r\u00e9monie d\u2019hommage \u00e0 Stepan Bandera,  \u00e0 Lviv, en Ukraine, le 1\u1d49\u02b3\u00a0janvier 2025.  Ce h\u00e9ros de l\u2019opposition aux Sovi\u00e9tiques, un des dirigeants de l\u2019Organisation des nationalistes ukrainiens (OUN), \u00e9tait aussi un collaborateur des nazis, explique l\u2019historien Fr\u00e9d\u00e9ric Sall\u00e9e.\u00a0UKRINFORM\/SIPA        <\/p>\n<p>        Lire\u00a0plus\u00a0tard      <\/p>\n<p><a aria-label=\"Nous suivre sur Google News\" href=\"https:\/\/news.google.com\/publications\/CAAqBwgKMJe4nQkw3dFs?hl=fr&amp;gl=FR&amp;ceid=FR%3Afr\" target=\"_blank\" data-piano=\"Page_Article,Sous_date_publi,Nous_suivre_sur_google_news,1er_clic,action\" class=\"btn btn--small btn--tertiary btn--icon-only\" rel=\"noopener\"><\/p>\n<p>      Google Actualit\u00e9s<br \/>\n  <\/a><\/p>\n<p>  Partager<\/p>\n<p>        Facebook<\/p>\n<p>        Bluesky<\/p>\n<p>        E-mail<\/p>\n<p>        Copier le lien<\/p>\n<p>      Envoyer<\/p>\n<p>      S\u2019abonner pour lire    <\/p>\n<p class=\"node__paragraphe antonia-750r text-grey-800 pb-24 pb-md-30\">\nEn Ukraine, l\u2019Histoire du XXe si\u00e8cle est devenue un champ de bataille. On y dispute le souvenir des morts et le destin des vivants. Anatoly Podolsky tient la premi\u00e8re ligne de cette lutte. \u00ab\u00a0Face \u00e0 la Russie, la m\u00e9moire de l\u2019Holocauste est vitale pour notre pays\u00a0\u00bb, explique le directeur du Centre ukrainien d\u2019Etudes sur l\u2019Holocauste. Cette ONG, implant\u00e9e \u00e0 Kiev depuis 2002, se consacre \u00e0 l\u2019enseignement de la Shoah dans un pays o\u00f9 plus d\u2019un million et demi de juifs furent extermin\u00e9s par les nazis<strong> <\/strong>\u2013 avant que cette histoire ne soit \u00e9touff\u00e9e sous l\u2019\u00e8re sovi\u00e9tique.<\/p>\n<p class=\"node__paragraphe antonia-750r text-grey-800 pb-8\">\nL\u2019invasion russe de f\u00e9vrier 2022 a boulevers\u00e9 la fa\u00e7on d\u2019enseigner ces massacres\u00a0: depuis trois ans, la barbarie contemporaine r\u00e9veille les \u00e9chos d\u2019hier. Qu\u2019est-ce qu\u2019un g\u00e9nocide\u00a0? Comment parler de la d\u00e9portation\u00a0? Des ghettos\u00a0? La m\u00e9moire devient une arme politique. Chaque bellig\u00e9rant accuse l\u2019aut\u2026<\/p>\n<p>  <img loading=\"lazy\" decoding=\"async\" class=\"floating-img\" src=\"https:\/\/www.europesays.com\/fr\/wp-content\/uploads\/2025\/07\/img-paywall@2x.png\" width=\"142\" height=\"91\" alt=\"\"\/><\/p>\n<p class=\"latino-100m text-blue-400\">Article r\u00e9serv\u00e9 aux abonn\u00e9s.<\/p>\n<p>          Se connecter<\/p>\n<p class=\"pb-16 text-center antonia-1850c\">Offre d\u2019\u00e9t\u00e9\u00a0:<br \/>1\u20ac\/mois pendant 6\u00a0mois<\/p>\n<p>\n        S&rsquo;abonner\n      <\/p>\n<p>          D\u00e9couvrir toutes nos offres<\/p>\n","protected":false},"excerpt":{"rendered":"C\u00e9r\u00e9monie d\u2019hommage \u00e0 Stepan Bandera, \u00e0 Lviv, en Ukraine, le 1\u1d49\u02b3\u00a0janvier 2025. Ce h\u00e9ros de l\u2019opposition aux Sovi\u00e9tiques,&hellip;\n","protected":false},"author":2,"featured_media":298252,"comment_status":"","ping_status":"","sticky":false,"template":"","format":"standard","meta":{"footnotes":""},"categories":[1590],"tags":[17,11,10268,43838,6475,31353,1777,674,131,280,74,12,316,220],"class_list":{"0":"post-298251","1":"post","2":"type-post","3":"status-publish","4":"format-standard","5":"has-post-thumbnail","7":"category-ukraine","8":"tag-17","9":"tag-actualites","10":"tag-arme","11":"tag-battre","12":"tag-devient","13":"tag-ecrire","14":"tag-eu","15":"tag-europe","16":"tag-guerre-en-ukraine","17":"tag-memoire","18":"tag-monde","19":"tag-news","20":"tag-politique","21":"tag-ukraine"},"share_on_mastodon":{"url":"https:\/\/pubeurope.com\/@fr\/114976622099423074","error":""},"_links":{"self":[{"href":"https:\/\/www.europesays.com\/fr\/wp-json\/wp\/v2\/posts\/298251","targetHints":{"allow":["GET"]}}],"collection":[{"href":"https:\/\/www.europesays.com\/fr\/wp-json\/wp\/v2\/posts"}],"about":[{"href":"https:\/\/www.europesays.com\/fr\/wp-json\/wp\/v2\/types\/post"}],"author":[{"embeddable":true,"href":"https:\/\/www.europesays.com\/fr\/wp-json\/wp\/v2\/users\/2"}],"replies":[{"embeddable":true,"href":"https:\/\/www.europesays.com\/fr\/wp-json\/wp\/v2\/comments?post=298251"}],"version-history":[{"count":0,"href":"https:\/\/www.europesays.com\/fr\/wp-json\/wp\/v2\/posts\/298251\/revisions"}],"wp:featuredmedia":[{"embeddable":true,"href":"https:\/\/www.europesays.com\/fr\/wp-json\/wp\/v2\/media\/298252"}],"wp:attachment":[{"href":"https:\/\/www.europesays.com\/fr\/wp-json\/wp\/v2\/media?parent=298251"}],"wp:term":[{"taxonomy":"category","embeddable":true,"href":"https:\/\/www.europesays.com\/fr\/wp-json\/wp\/v2\/categories?post=298251"},{"taxonomy":"post_tag","embeddable":true,"href":"https:\/\/www.europesays.com\/fr\/wp-json\/wp\/v2\/tags?post=298251"}],"curies":[{"name":"wp","href":"https:\/\/api.w.org\/{rel}","templated":true}]}}