{"id":298254,"date":"2025-08-05T14:27:16","date_gmt":"2025-08-05T14:27:16","guid":{"rendered":"https:\/\/www.europesays.com\/fr\/298254\/"},"modified":"2025-08-05T14:27:16","modified_gmt":"2025-08-05T14:27:16","slug":"qantas-nomme-une-nouvelle-directrice-regionale-pour-le-royaume-uni-leurope-le-moyen-orient-et-lafrique","status":"publish","type":"post","link":"https:\/\/www.europesays.com\/fr\/298254\/","title":{"rendered":"Qantas nomme une nouvelle directrice r\u00e9gionale pour le Royaume-Uni, l\u2019Europe, le Moyen-Orient et l\u2019Afrique"},"content":{"rendered":"<p class=\"article-surtitle\">Actualit\u00e9s<\/p>\n<p>\n\t    Publi\u00e9 le : 05.08.2025<\/p>\n<p>        Derni\u00e8re Mise \u00e0 jour : 05.08.2025\n          <\/p>\n<p style=\"text-align:justify; margin-bottom:11px\"><b>D\u00e8s ao\u00fbt 2025, Darsh Chapman dirigera les activit\u00e9s depuis le bureau londonien de la compagnie. Elle succ\u00e8de \u00e0 Georgia Blackburn, qui a accompagn\u00e9 les \u00e9quipes r\u00e9gionales au cours des trois derni\u00e8res ann\u00e9es<\/b><\/p>\n<p>\u00a0<\/p>\n<p style=\"text-align:justify; margin-bottom:11px\">Gr\u00e2ce \u00e0 une expertise d\u00e9velopp\u00e9e \u00e0 la t\u00eate de la fonction <b>Global Airports de Qantas depuis 2021<\/b>, ainsi qu&rsquo;\u00e0 des responsabilit\u00e9s ant\u00e9rieures au sein du service Ventes et Distribution, Darsh Chapman dispose d\u2019un profil op\u00e9rationnel et commercial solide.<\/p>\n<p style=\"text-align:justify; margin-bottom:11px\">\u00ab Ayant collabor\u00e9 \u00e9troitement avec nos \u00e9quipes a\u00e9roportuaires et commerciales \u00e0 l\u2019\u00e9chelle mondiale, je suis impatiente de renforcer nos relations avec nos partenaires et parties prenantes dans la r\u00e9gion, alors que <b>nous poursuivons notre croissance<\/b> et offrons des exp\u00e9riences exceptionnelles \u00e0 nos clients. \u00bb, se r\u00e9jouit <a href=\"https:\/\/www.linkedin.com\/in\/darsh-chapman-8685a723\/?originalSubdomain=au\" style=\"color:#0563c1; text-decoration:underline\" rel=\"nofollow noopener\" target=\"_blank\">Darsh Chapman<\/a>, Directrice R\u00e9gionale.<\/p>\n<p style=\"text-align:justify; margin-bottom:11px\">\u00a0<\/p>\n<p style=\"text-align:justify; margin-bottom:11px\"><b>Une expansion strat\u00e9gique dans la r\u00e9gion<\/b><\/p>\n<p style=\"text-align:justify; margin-bottom:11px\">Cette nouvelle nomination s\u2019inscrit dans un contexte de croissance pour <a href=\"https:\/\/www.qantas.com\/fr\/fr.html\" style=\"color:#0563c1; text-decoration:underline\" rel=\"nofollow noopener\" target=\"_blank\">Qantas<\/a> dans plusieurs zones cl\u00e9s. <b>La compagnie vient de f\u00eater une ann\u00e9e de vols directs entre Paris et Perth et pr\u00e9voit d\u2019ouvrir une nouvelle liaison entre Johannesburg et Perth d\u00e8s d\u00e9cembre<\/b>. <\/p>\n<p style=\"text-align:justify; margin-bottom:11px\">\n<p>      \t\t<img decoding=\"async\" src=\"https:\/\/www.europesays.com\/fr\/wp-content\/uploads\/2025\/08\/1754404036_828_image.jpg\" alt=\"\"\/><\/p>\n<p style=\"text-align:justify; margin-bottom:11px\">Par ailleurs, les pr\u00e9paratifs du Projet Sunrise avancent : ce projet ambitieux r<b>eliera la c\u00f4te est australienne \u00e0 Londres sans escale.<\/b><\/p>\n<p style=\"text-align:justify; margin-bottom:11px\">\u00a0<\/p>\n<p style=\"text-align:justify; margin-bottom:11px\"><b>Un r\u00f4le tourn\u00e9 vers la croissance et l\u2019influence<\/b><\/p>\n<p style=\"text-align:justify; margin-bottom:11px\">Dans ses nouvelles fonctions, Darsh Chapman concentrera ses efforts sur l\u2019\u00e9largissement de la pr\u00e9sence de Qantas, aussi bien sur les march\u00e9s historiques que dans les zones \u00e0 fort potentiel. Elle contribuera \u00e9galement \u00e0 <b>renforcer l\u2019image de marque de Qantas et \u00e0 approfondir les collaborations<\/b> avec les partenaires strat\u00e9giques en Europe, au Moyen-Orient, en Afrique et au Royaume-Uni.<\/p>\n<p style=\"text-align:justify; margin-bottom:11px\">\u00ab Elle apporte une expertise op\u00e9rationnelle approfondie gr\u00e2ce <b>\u00e0 sa direction de nos a\u00e9roports mondiaux<\/b>, combin\u00e9e \u00e0 une solide exp\u00e9rience commerciale et une excellente connaissance de notre entreprise et de nos clients. Darsh jouera un r\u00f4le cl\u00e9 alors que nous continuons \u00e0 <b>renforcer notre pr\u00e9sence et nos partenariats sur ces march\u00e9s strat\u00e9giques<\/b>, en s\u2019appuyant sur les bases solides \u00e9tablies durant le mandat de Georgia. \u00bb, d\u00e9clare <a href=\"https:\/\/www.linkedin.com\/in\/kathrynerobertson\/?originalSubdomain=au\" style=\"color:#0563c1; text-decoration:underline\" rel=\"nofollow noopener\" target=\"_blank\">Kathryn Robertson<\/a>, Directrice Ex\u00e9cutive Ventes et Distribution Globales chez Qantas.<\/p>\n<p style=\"text-align:justify; margin-bottom:11px\">\u00a0<\/p>\n<p style=\"text-align:justify; margin-bottom:11px\">\u00a0<\/p>\n<p style=\"text-align:justify; margin-bottom:11px\">\u00a0<\/p>\n","protected":false},"excerpt":{"rendered":"Actualit\u00e9s Publi\u00e9 le : 05.08.2025 Derni\u00e8re Mise \u00e0 jour : 05.08.2025 D\u00e8s ao\u00fbt 2025, Darsh Chapman dirigera les&hellip;\n","protected":false},"author":2,"featured_media":298255,"comment_status":"","ping_status":"","sticky":false,"template":"","format":"standard","meta":{"footnotes":""},"categories":[1588],"tags":[11,1777,674,12,473,1853,1851,1850,1852],"class_list":{"0":"post-298254","1":"post","2":"type-post","3":"status-publish","4":"format-standard","5":"has-post-thumbnail","7":"category-royaume-uni","8":"tag-actualites","9":"tag-eu","10":"tag-europe","11":"tag-news","12":"tag-royaume-uni","13":"tag-royaume-uni-de-grande-bretagne-et-dirlande-du-nord","14":"tag-uk","15":"tag-united-kingdom","16":"tag-united-kingdom-of-great-britain-and-northern-ireland"},"share_on_mastodon":{"url":"https:\/\/pubeurope.com\/@fr\/114976630250512888","error":""},"_links":{"self":[{"href":"https:\/\/www.europesays.com\/fr\/wp-json\/wp\/v2\/posts\/298254","targetHints":{"allow":["GET"]}}],"collection":[{"href":"https:\/\/www.europesays.com\/fr\/wp-json\/wp\/v2\/posts"}],"about":[{"href":"https:\/\/www.europesays.com\/fr\/wp-json\/wp\/v2\/types\/post"}],"author":[{"embeddable":true,"href":"https:\/\/www.europesays.com\/fr\/wp-json\/wp\/v2\/users\/2"}],"replies":[{"embeddable":true,"href":"https:\/\/www.europesays.com\/fr\/wp-json\/wp\/v2\/comments?post=298254"}],"version-history":[{"count":0,"href":"https:\/\/www.europesays.com\/fr\/wp-json\/wp\/v2\/posts\/298254\/revisions"}],"wp:featuredmedia":[{"embeddable":true,"href":"https:\/\/www.europesays.com\/fr\/wp-json\/wp\/v2\/media\/298255"}],"wp:attachment":[{"href":"https:\/\/www.europesays.com\/fr\/wp-json\/wp\/v2\/media?parent=298254"}],"wp:term":[{"taxonomy":"category","embeddable":true,"href":"https:\/\/www.europesays.com\/fr\/wp-json\/wp\/v2\/categories?post=298254"},{"taxonomy":"post_tag","embeddable":true,"href":"https:\/\/www.europesays.com\/fr\/wp-json\/wp\/v2\/tags?post=298254"}],"curies":[{"name":"wp","href":"https:\/\/api.w.org\/{rel}","templated":true}]}}