{"id":298260,"date":"2025-08-05T14:30:13","date_gmt":"2025-08-05T14:30:13","guid":{"rendered":"https:\/\/www.europesays.com\/fr\/298260\/"},"modified":"2025-08-05T14:30:13","modified_gmt":"2025-08-05T14:30:13","slug":"tibo-inshape-avoue-avoir-eu-du-mal-a-etre-fier-de-la-nouvelle-carriere-de-juju-fitcats-jai-le-syndrome-du-personnage-principal","status":"publish","type":"post","link":"https:\/\/www.europesays.com\/fr\/298260\/","title":{"rendered":"Tibo InShape avoue avoir eu du mal \u00e0 \u00eatre fier de la nouvelle carri\u00e8re de Juju Fitcats : \u00ab\u00a0J\u2019ai le syndrome du personnage principal\u00a0\u00bb"},"content":{"rendered":"<p>Vid\u00e9aste reconnue en France, Juju Fitcats s\u2019est lanc\u00e9e dans un nouveau d\u00e9fi fin 2023. Apr\u00e8s avoir s\u00e9duit le public sur YouTube et les r\u00e9seaux sociaux, cette sp\u00e9cialiste de nutrition sportive a tent\u00e9 sa chance dans le grand bain de l\u2019animation t\u00e9l\u00e9 en prenant les r\u00eanes de   <a href=\"https:\/\/www.programme-television.org\/news\/tv\/emissions-tele\/je-suis-contente-de-pouvoir-amener-un-peu-de-fraicheur-juju-fitcats-se-confie-sur-son-arrivee-dans-la-france-a-un-incroyable-talent-exclu-4718541\" target=\"_blank\" rel=\"noopener nofollow\">l\u2019\u00e9mission de deuxi\u00e8me partie de soir\u00e9e de La France a un incroyable talent<\/a>. Une exp\u00e9rience r\u00e9ussie qui a pouss\u00e9 la cha\u00eene \u00e0 lui proposer d\u2019autres programmes, comme l\u2019after des Traitres (copr\u00e9sent\u00e9 avec Hugo Manos) ou encore le nouveau jeu de la cha\u00eene 99 \u00e0 battre copr\u00e9sent\u00e9 avec Eric Antoine.\u00a0<\/p>\n<p><a id=\"eztoc103257589_1\"\/>La r\u00e9action de Tibo InShape \u00e0 la nouvelle carri\u00e8re de Juju Fitcats\u00a0<\/p>\n<p>Si Juju Fitcats est ravie d\u2019avoir su trouver sa place \u00e0 la t\u00e9l\u00e9vision, son mari, lui, a eu davantage de mal \u00e0 s\u2019int\u00e9resser \u00e0 sa nouvelle vie d\u2019animatrice. Interrog\u00e9 dans le podcast   <a href=\"https:\/\/www.gdiy.fr\/podcast\/tibo-inshape\/\" target=\"_blank\" rel=\"noopener nofollow\">G\u00e9n\u00e9ration Do It Yourself<\/a>, le YouTubeur   <a href=\"https:\/\/www.programme-television.org\/news\/cinema\/casting\/rien-a-foutre-de-ta-depression-tibo-inshape-derape-sur-tiktok-puis-s-excuse-4688182\" target=\"_blank\" rel=\"noopener nofollow\">Tibo InShape<\/a> avoue ainsi qu\u2019il a eu quelques difficult\u00e9s, au d\u00e9part, \u00e0 \u00eatre fier d\u2019elle. \u00ab\u00a0J\u2019avais un peu de mal \u00e0 l\u2019accompagner et \u00e0 \u00eatre 100% diff\u00e9rent d\u2019elle. J\u2019ai d\u00fb apprendre \u00e0 \u00eatre fier d\u2019elle et \u00e0 me dire Thibaud, tu prends deux heures de temps pour ne pas travailler pour toi, mais la voir elle et la voir \u00e9panouie r\u00e9ussir dans son domaine. Au d\u00e9but, de notre relation, je me disais : \u00ab\u00a0Deux heures pour la regarder, mais je m\u2019en fous, j\u2019ai autre chose \u00e0 faire, je peux taffer\u00a0\u00bb\u00a0\u00bb, explique-t-il \u00e0 c\u0153ur ouvert en avouant qu\u2019il \u00e9tait peut-\u00eatre \u00ab\u00a0un peu trop concentr\u00e9 sur lui-m\u00eame\u00a0\u00bb. \u00ab\u00a0Toute l\u2019\u00e9nergie qui repose sur moi, je devais \u00eatre productif tout le temps\u00a0\u00bb, pr\u00e9cise-t-il.<\/p>\n<p><a id=\"eztoc103257589_2\"\/>Tibo InShape atteint du \u00ab\u00a0syndrome du personnage principal\u00a0\u00bb\u00a0<\/p>\n<p>Sans langue de bois, le sp\u00e9cialiste fitness ne cache pas qu\u2019il souffre du \u00ab\u00a0syndrome du personnage principal\u00a0\u00bb. \u00ab\u00a0J\u2019ai un probl\u00e8me l\u00e0-dessus, regarder des reportages sur des personnes inspirantes, j\u2019ai du mal \u00e0 les lancer (\u2026) Moi je ferai un reportage sur ma gueule et les autres le regarderont\u00a0\u00bb, d\u00e9taille-t-il ainsi sans filtre. \u00ab\u00a0Je ne joue pas \u00e0 des jeux vid\u00e9o, je ne vais pas souvent au cin\u00e9ma, je ne vais pas forc\u00e9ment au th\u00e9\u00e2tre, je vais voir deux ou trois humoristes de temps en temps\u2026 Mais assez rapidement, et j\u2019ai peut-\u00eatre un probl\u00e8me l\u00e0-dessus &#8211; je ne sais pas si \u00e7a s\u2019appelle le syndrome du personnage principal -, quand je vois quelqu\u2019un sur sc\u00e8ne, je me dis pourquoi je vais le regarder et payer alors que je pourrais \u00eatre sur sc\u00e8ne et raconter ce que j\u2019ai \u00e0 raconter\u00a0\u00bb, poursuit-il en pr\u00e9cisant qu\u2019il pense la m\u00eame chose lorsqu\u2019il va au cin\u00e9ma. \u00ab\u00a0Du coup c\u2019est triste, car tu ne peux pas avoir de plaisirs simples. Mais d\u2019un c\u00f4t\u00e9 \u00e7a te stimule car tu as envie de r\u00e9ussir et tenter des choses\u00a0\u00bb, conclut-il.<\/p>\n","protected":false},"excerpt":{"rendered":"Vid\u00e9aste reconnue en France, Juju Fitcats s\u2019est lanc\u00e9e dans un nouveau d\u00e9fi fin 2023. Apr\u00e8s avoir s\u00e9duit le&hellip;\n","protected":false},"author":2,"featured_media":298261,"comment_status":"","ping_status":"","sticky":false,"template":"","format":"standard","meta":{"footnotes":""},"categories":[1586],"tags":[11,1777,674,1779,1011,27,12,25,1778,364],"class_list":{"0":"post-298260","1":"post","2":"type-post","3":"status-publish","4":"format-standard","5":"has-post-thumbnail","7":"category-europe","8":"tag-actualites","9":"tag-eu","10":"tag-europe","11":"tag-european-union","12":"tag-fr","13":"tag-france","14":"tag-news","15":"tag-republique-francaise","16":"tag-ue","17":"tag-union-europeenne"},"share_on_mastodon":{"url":"https:\/\/pubeurope.com\/@fr\/114976641771696274","error":""},"_links":{"self":[{"href":"https:\/\/www.europesays.com\/fr\/wp-json\/wp\/v2\/posts\/298260","targetHints":{"allow":["GET"]}}],"collection":[{"href":"https:\/\/www.europesays.com\/fr\/wp-json\/wp\/v2\/posts"}],"about":[{"href":"https:\/\/www.europesays.com\/fr\/wp-json\/wp\/v2\/types\/post"}],"author":[{"embeddable":true,"href":"https:\/\/www.europesays.com\/fr\/wp-json\/wp\/v2\/users\/2"}],"replies":[{"embeddable":true,"href":"https:\/\/www.europesays.com\/fr\/wp-json\/wp\/v2\/comments?post=298260"}],"version-history":[{"count":0,"href":"https:\/\/www.europesays.com\/fr\/wp-json\/wp\/v2\/posts\/298260\/revisions"}],"wp:featuredmedia":[{"embeddable":true,"href":"https:\/\/www.europesays.com\/fr\/wp-json\/wp\/v2\/media\/298261"}],"wp:attachment":[{"href":"https:\/\/www.europesays.com\/fr\/wp-json\/wp\/v2\/media?parent=298260"}],"wp:term":[{"taxonomy":"category","embeddable":true,"href":"https:\/\/www.europesays.com\/fr\/wp-json\/wp\/v2\/categories?post=298260"},{"taxonomy":"post_tag","embeddable":true,"href":"https:\/\/www.europesays.com\/fr\/wp-json\/wp\/v2\/tags?post=298260"}],"curies":[{"name":"wp","href":"https:\/\/api.w.org\/{rel}","templated":true}]}}