{"id":29827,"date":"2025-04-16T19:28:08","date_gmt":"2025-04-16T19:28:08","guid":{"rendered":"https:\/\/www.europesays.com\/fr\/29827\/"},"modified":"2025-04-16T19:28:08","modified_gmt":"2025-04-16T19:28:08","slug":"une-conference-pour-tout-savoir-sur-catherine-de-cleves","status":"publish","type":"post","link":"https:\/\/www.europesays.com\/fr\/29827\/","title":{"rendered":"Une conf\u00e9rence pour tout savoir sur Catherine de Cl\u00e8ves"},"content":{"rendered":"<p>            Par<br \/>\n        <strong><br \/>\n            <a href=\"https:\/\/actu.fr\/auteur\/jerome-buresi\" title=\"Consulter tous les articles de J\u00e9r\u00f4me Buresi\" rel=\"nofollow noopener\" target=\"_blank\">J\u00e9r\u00f4me Buresi<\/a><br \/>\n        <\/strong><\/p>\n<p>        Publi\u00e9 le<\/p>\n<p>            16 avr. 2025 \u00e0 20h30        <\/p>\n<p>Les <b>Amys du Vieil Eu <\/b>vous invitent \u00e0 une conf\u00e9rence donn\u00e9e par <b>Claude Grimmer-Fontange<\/b> sur Catherine de Cl\u00e8ves, Dame d\u2019Eu.\u00a0<\/p>\n<p class=\" wall-content\">Celle-ci est ma\u00eetresse de conf\u00e9rences honoraire en histoire moderne \u00e0 l\u2019universit\u00e9 Clermont-Auvergne.<\/p>\n<p class=\" wall-content\">Elle vient de publier un ouvrage intitul\u00e9 Les princesses de Cl\u00e8ves, \u00catre s\u0153urs dans les guerres de Religion, paru chez Fayard.<\/p>\n<p class=\" wall-content\">La conf\u00e9rence aura lieu, \u00e0 <a href=\"https:\/\/actu.fr\/normandie\/eu_76255\" rel=\"nofollow noopener\" target=\"_blank\">Eu<\/a>, en <b>Seine-Maritime<\/b>, le jeudi 17 avril 2025,\u00a0<\/p>\n<p>\u00ab Catherine, ma s\u0153ur pr\u00e9f\u00e9r\u00e9e \u00bb<\/p>\n<p class=\" wall-content\">Elles \u00e9taient trois s\u0153urs qui s\u2019aimaient et se d\u00e9chiraient au temps des <b>guerres de Religion.<\/b><\/p>\n<p class=\" wall-content\">\u00ab C\u2019est une conf\u00e9rence in\u00e9dite. Je n\u2019aime pas me r\u00e9p\u00e9ter \u00bb, souligne l\u2019auteure. Elle souhaite \u00e9voquer plusieurs points dans cette pr\u00e9sentation : \u00ab En premier lieu, je vais parler de la mani\u00e8re dont j\u2019ai r\u00e9dig\u00e9 le livre, parler des sources, du travail de recherches. Puis je vais parler des trois s\u0153urs, Henriette, Catherine et Marie \u00bb.<\/p>\n<p>Vid\u00e9os : en ce moment sur Actu<\/p>\n<p class=\" wall-content\">Elle ajoute malicieusement : \u00ab Enfin, je dirai pourquoi Catherine de Cl\u00e8ves est ma s\u0153ur pr\u00e9f\u00e9r\u00e9e \u00bb.<\/p>\n<p class=\" wall-content\">Catherine de Cl\u00e8ves a entretenu un lien affectif avec Eu et choisira d\u2019y \u00eatre inhum\u00e9e. \u00ab Elle a v\u00e9cu dans la famille de son mari, sous la domination de sa belle-m\u00e8re. Eu, c\u2019\u00e9tait vraiment chez elle \u00bb.<\/p>\n<p class=\" wall-content\">C\u2019est dans le cadre de recherches sur la famille en g\u00e9n\u00e9ral que son int\u00e9r\u00eat a \u00e9t\u00e9 \u00e9veill\u00e9 sur ces trois figures historiques. \u00ab Un groupe de recherches de la Sorbonne travaille sur la population de Charleville, aujourd\u2019hui Charleville-M\u00e9zi\u00e8res. Le fondateur de la ville est Charles de Gonzague, duc de Nevers qui \u00e9tait le fils d\u2019Henriette de Cl\u00e8ves \u00bb.<\/p>\n<p class=\" wall-content\">Elle a d\u2019abord publi\u00e9 un ouvrage sur Charles de Gonzague.<\/p>\n<p class=\" wall-content\">Ce sont les relations entre les trois femmes \u00e9nergiques, s\u00e9par\u00e9es par des convictions religieuses diff\u00e9rentes, mais changeantes, qui sont au c\u0153ur de ce nouveau livre.<\/p>\n<p>Le programme<\/p>\n<p class=\" wall-content\">La conf\u00e9rence aura lieu le jeudi 17\u00a0avril, \u00e0 18 h, \u00e0 la salle du carrosse du ch\u00e2teau d\u2019Eu. Elle sera suivie d\u2019une s\u00e9ance de d\u00e9dicaces avec la Maison de la Presse.<\/p>\n<p class=\" wall-content\">Un caf\u00e9 rencontre avec l\u2019auteure aura lieu le vendredi 18 avril, \u00e0 10 h 30, \u00e0 librairie l\u2019Encre Marine, rue Paul Bignon, \u00e0 Eu.<\/p>\n<p class=\" wall-content\">Suivez toute l\u2019actualit\u00e9 de vos villes et m\u00e9dias favoris en vous inscrivant \u00e0 <a href=\"https:\/\/moncompte.actu.fr\" title=\"D\u00e9couvez Mon Actu\" rel=\"nofollow noopener\" data-trk=\"{&quot;cta&quot;:{&quot;action&quot;:&quot;https:\\\/\\\/moncompte.actu.fr&quot;,&quot;category&quot;:&quot;mon compte&quot;,&quot;from&quot;:&quot;article footer&quot;,&quot;name&quot;:&quot;Mon actu&quot;,&quot;type&quot;:&quot;cta&quot;}}\" target=\"_blank\">Mon Actu<\/a>.<\/p>\n","protected":false},"excerpt":{"rendered":"Par J\u00e9r\u00f4me Buresi Publi\u00e9 le 16 avr. 2025 \u00e0 20h30 Les Amys du Vieil Eu vous invitent \u00e0&hellip;\n","protected":false},"author":2,"featured_media":29828,"comment_status":"","ping_status":"","sticky":false,"template":"","format":"standard","meta":{"footnotes":""},"categories":[1586],"tags":[11,1777,674,1779,1011,27,937,1652,12,2551,25,1778,364,3587],"class_list":{"0":"post-29827","1":"post","2":"type-post","3":"status-publish","4":"format-standard","5":"has-post-thumbnail","7":"category-europe","8":"tag-actualites","9":"tag-eu","10":"tag-europe","11":"tag-european-union","12":"tag-fr","13":"tag-france","14":"tag-histoire","15":"tag-loisirs-culture","16":"tag-news","17":"tag-patrimoine","18":"tag-republique-francaise","19":"tag-ue","20":"tag-union-europeenne","21":"tag-villes-soeurs"},"share_on_mastodon":{"url":"https:\/\/pubeurope.com\/@fr\/114349297023804212","error":""},"_links":{"self":[{"href":"https:\/\/www.europesays.com\/fr\/wp-json\/wp\/v2\/posts\/29827","targetHints":{"allow":["GET"]}}],"collection":[{"href":"https:\/\/www.europesays.com\/fr\/wp-json\/wp\/v2\/posts"}],"about":[{"href":"https:\/\/www.europesays.com\/fr\/wp-json\/wp\/v2\/types\/post"}],"author":[{"embeddable":true,"href":"https:\/\/www.europesays.com\/fr\/wp-json\/wp\/v2\/users\/2"}],"replies":[{"embeddable":true,"href":"https:\/\/www.europesays.com\/fr\/wp-json\/wp\/v2\/comments?post=29827"}],"version-history":[{"count":0,"href":"https:\/\/www.europesays.com\/fr\/wp-json\/wp\/v2\/posts\/29827\/revisions"}],"wp:featuredmedia":[{"embeddable":true,"href":"https:\/\/www.europesays.com\/fr\/wp-json\/wp\/v2\/media\/29828"}],"wp:attachment":[{"href":"https:\/\/www.europesays.com\/fr\/wp-json\/wp\/v2\/media?parent=29827"}],"wp:term":[{"taxonomy":"category","embeddable":true,"href":"https:\/\/www.europesays.com\/fr\/wp-json\/wp\/v2\/categories?post=29827"},{"taxonomy":"post_tag","embeddable":true,"href":"https:\/\/www.europesays.com\/fr\/wp-json\/wp\/v2\/tags?post=29827"}],"curies":[{"name":"wp","href":"https:\/\/api.w.org\/{rel}","templated":true}]}}