{"id":298270,"date":"2025-08-05T14:38:19","date_gmt":"2025-08-05T14:38:19","guid":{"rendered":"https:\/\/www.europesays.com\/fr\/298270\/"},"modified":"2025-08-05T14:38:19","modified_gmt":"2025-08-05T14:38:19","slug":"le-calendrier-complet-de-la-saison-2025-26-de-la-boulangere-wonderligue-devoile-trois-derbies-pour-commencer","status":"publish","type":"post","link":"https:\/\/www.europesays.com\/fr\/298270\/","title":{"rendered":"Le calendrier complet de la saison 2025\/26 de La Boulang\u00e8re Wonderligue d\u00e9voil\u00e9 : trois derbies pour commencer !"},"content":{"rendered":"<p>La Commission de 5\u00d75 de la FFBB a d\u00e9voil\u00e9 le calendrier qui attend les douze \u00e9quipes engag\u00e9es en Boulang\u00e8re Wonderligue lors de la prochaine saison.<\/p>\n<blockquote class=\"twitter-tweet\" data-width=\"550\" data-dnt=\"true\">\n<p lang=\"fr\" dir=\"ltr\">\ud83d\udea8 Le calendrier de la saison 2025\/2026 de <a href=\"https:\/\/twitter.com\/hashtag\/LaBoulangereWonderligue?src=hash&amp;ref_src=twsrc%5Etfw\" rel=\"nofollow noopener\" target=\"_blank\">#LaBoulangereWonderligue<\/a> vient d&rsquo;\u00eatre d\u00e9voil\u00e9.<\/p>\n<p>En savoir plus \u27a1\ufe0f <a href=\"https:\/\/t.co\/j7G1VPR3mk\" rel=\"nofollow\">https:\/\/t.co\/j7G1VPR3mk<\/a> <a href=\"https:\/\/t.co\/yIinW7gaKT\" rel=\"nofollow\">pic.twitter.com\/yIinW7gaKT<\/a><\/p>\n<p>\u2014 LFB (@basketlfb) <a href=\"https:\/\/twitter.com\/basketlfb\/status\/1950886690307862560?ref_src=twsrc%5Etfw\" rel=\"nofollow noopener\" target=\"_blank\">July 31, 2025<\/a><\/p>\n<\/blockquote>\n<p>Le championnat d\u00e9bute mercredi 1er octobre avec cinq rencontres au lieu de six, dont trois derbies. Le sixi\u00e8me match, cens\u00e9 opposer Villeneuve-d\u2019Ascq aux promues toulousaines, a quant \u00e0 lui \u00e9t\u00e9 d\u00e9cal\u00e9 au 26 janvier 2026 (sous r\u00e9serve d\u2019une date ant\u00e9rieure possible) car les Nordistes sont engag\u00e9es ce m\u00eame premier octobre en Supercoupe d\u2019Europe. Les tenantes du titre de Basket Landes remettent officiellement leur couronne en jeu \u00e0 domicile, lors de la r\u00e9ception de Landerneau<\/p>\n<p><b>Programme de la journ\u00e9e 1 (<\/b>Mercredi 1er octobre 2025<b>)<\/b><\/p>\n<ul>\n<li style=\"font-weight:400\" aria-level=\"1\">Charleville-M\u00e9zi\u00e8res \u2013 Lattes Montpellier<\/li>\n<li style=\"font-weight:400\" aria-level=\"1\">Basket Landes \u2013 Landerneau<\/li>\n<li style=\"font-weight:400\" aria-level=\"1\">Chartres \u2013 Bourges<\/li>\n<li style=\"font-weight:400\" aria-level=\"1\">Lyon \u2013 Charnay<\/li>\n<li style=\"font-weight:400\" aria-level=\"1\">Roche Vend\u00e9e \u2013 Angers<\/li>\n<\/ul>\n<p><strong>Tarbes bel et bien absent,<\/strong><br \/>\n<strong>un derby d\u2019entr\u00e9e pour le rep\u00each\u00e9 chartrain<\/strong><\/p>\n<p>S\u2019il nous r\u00e9serve des affiches all\u00e9chantes d\u2019entr\u00e9e, le calendrier confirme une nouvelle fois la rel\u00e9gation prononc\u00e9e \u00e0 l\u2019encontre du club de Tarbes, qui avait indiquait que son \u201ccombat continue\u201d pour se maintenir il y a encore quelques jours. L\u2019\u00e9quipe de Chartres, rep\u00each\u00e9e, entame sa saison en Boulang\u00e8re Wonderligue en accueillant Bourges, pour le derby du Centre Val-de-Loire.<\/p>\n<p>LIRE AUSSI<\/p>\n<p><a href=\"https:\/\/www.bebasket.fr\/le-combat-continue-pour-tarbes-malgre-la-nouvelle-confirmation-de-sa-retrogradation\" rel=\"nofollow noopener\" target=\"_blank\"> <img decoding=\"async\" class=\"page-infos-image\" src=\"https:\/\/www.europesays.com\/fr\/wp-content\/uploads\/2025\/07\/si-tarbes-a-realise-une-superbe-campagne-2024-2025-au-point-datteindre-la-finale-la-situation-financ.jpeg\" alt=\"Les dirigeants de Tarbes ont communiqu\u00e9 sur leur situation et ont ouvert la porte \u00e0 un maintien, soulignant que \u201cLe TGB Basket n\u2019est pas mort\u201d.\"\/> <\/a><\/p>\n<p>La saison r\u00e9guli\u00e8re compos\u00e9e de 22 journ\u00e9es s\u2019\u00e9tend du mercredi 1er octobre 2025 au samedi 28 mars 2026. Les play-offs sont programm\u00e9s \u00e0 partir du 4 ou 5 avril 2026 pour le match aller des quarts de finales, et le 11 ou 12 avril pour le retour. Les demi-finales auront elles lieu les 29 avril et 2 mai ; avant les finales les 9 et 15 mai, avec si n\u00e9cessaire une belle le 17 mai 2026. Les play-downs se tiendront pour leur part les 4, 11 et 29 avril, puis les 2, 6 et 12 mai 2026.<\/p>\n<p>Le calendrier complet, disponible sur <a href=\"https:\/\/competitions.ffbb.com\/competitions\/lbwl?phase=200000002872456&amp;poule=200000003017633&amp;journee=1\" rel=\"nofollow noopener\" target=\"_blank\">le site de la F\u00e9d\u00e9ration Fran\u00e7aise de Basketball<\/a> , peut \u00eatre amen\u00e9 \u00e0 \u00e9voluer d\u2019ici le d\u00e9but de saison, en fonction des diffusions TV sur Sport en France.<\/p>\n<p>LIRE AUSSI<\/p>\n<p><a href=\"https:\/\/www.bebasket.fr\/le-calendrier-complet-de-la-saison-2025-26-de-betclic-elite\" rel=\"nofollow noopener\" target=\"_blank\"> <img decoding=\"async\" class=\"page-infos-image\" src=\"https:\/\/www.europesays.com\/fr\/wp-content\/uploads\/2025\/08\/53800271980-e76c85a5fa-k-1f067018-fa69-64e4-8e20-d5bda0a03920.jpg\" alt=\"Betclic \u00c9LITE - La LNB a d\u00e9voil\u00e9 le calendrier complet de la saison 2025\/26, qui d\u00e9marrera le week-end du 27-28 septembre. Demandez le programme !\"\/> <\/a><\/p>\n<p><script async src=\"https:\/\/platform.twitter.com\/widgets.js\" charset=\"utf-8\"><\/script><\/p>\n","protected":false},"excerpt":{"rendered":"La Commission de 5\u00d75 de la FFBB a d\u00e9voil\u00e9 le calendrier qui attend les douze \u00e9quipes engag\u00e9es en&hellip;\n","protected":false},"author":2,"featured_media":298271,"comment_status":"","ping_status":"","sticky":false,"template":"","format":"standard","meta":{"footnotes":""},"categories":[1414],"tags":[1465,1464,1011,27,60],"class_list":{"0":"post-298270","1":"post","2":"type-post","3":"status-publish","4":"format-standard","5":"has-post-thumbnail","7":"category-basket","8":"tag-basket","9":"tag-basketball","10":"tag-fr","11":"tag-france","12":"tag-sports"},"share_on_mastodon":{"url":"https:\/\/pubeurope.com\/@fr\/114976673513851445","error":""},"_links":{"self":[{"href":"https:\/\/www.europesays.com\/fr\/wp-json\/wp\/v2\/posts\/298270","targetHints":{"allow":["GET"]}}],"collection":[{"href":"https:\/\/www.europesays.com\/fr\/wp-json\/wp\/v2\/posts"}],"about":[{"href":"https:\/\/www.europesays.com\/fr\/wp-json\/wp\/v2\/types\/post"}],"author":[{"embeddable":true,"href":"https:\/\/www.europesays.com\/fr\/wp-json\/wp\/v2\/users\/2"}],"replies":[{"embeddable":true,"href":"https:\/\/www.europesays.com\/fr\/wp-json\/wp\/v2\/comments?post=298270"}],"version-history":[{"count":0,"href":"https:\/\/www.europesays.com\/fr\/wp-json\/wp\/v2\/posts\/298270\/revisions"}],"wp:featuredmedia":[{"embeddable":true,"href":"https:\/\/www.europesays.com\/fr\/wp-json\/wp\/v2\/media\/298271"}],"wp:attachment":[{"href":"https:\/\/www.europesays.com\/fr\/wp-json\/wp\/v2\/media?parent=298270"}],"wp:term":[{"taxonomy":"category","embeddable":true,"href":"https:\/\/www.europesays.com\/fr\/wp-json\/wp\/v2\/categories?post=298270"},{"taxonomy":"post_tag","embeddable":true,"href":"https:\/\/www.europesays.com\/fr\/wp-json\/wp\/v2\/tags?post=298270"}],"curies":[{"name":"wp","href":"https:\/\/api.w.org\/{rel}","templated":true}]}}