{"id":298272,"date":"2025-08-05T14:39:31","date_gmt":"2025-08-05T14:39:31","guid":{"rendered":"https:\/\/www.europesays.com\/fr\/298272\/"},"modified":"2025-08-05T14:39:31","modified_gmt":"2025-08-05T14:39:31","slug":"motogp-la-renaissance-inesperee-et-familiale-de-marc-marquez","status":"publish","type":"post","link":"https:\/\/www.europesays.com\/fr\/298272\/","title":{"rendered":"MotoGP: la renaissance inesp\u00e9r\u00e9e et familiale de Marc Marquez"},"content":{"rendered":"<p>Saison 2025 de MotoGP \u2013 <\/p>\n<p>Bris\u00e9 de partout, voici comment Marc Marquez a ressuscit\u00e9<\/p>\n<p class=\"ContentHead_lead____SsS link_regular__O0hk0 link_externalicon-big__ZdPgo link_externalicon__qcwXs\">Avec son fr\u00e8re Alex, le sextuple champion du monde de MotoGP r\u00e9alise un super d\u00e9but de saison apr\u00e8s des ann\u00e9es de gal\u00e8re \u00e0 la suite de multiples op\u00e9rations au bras droit.<\/p>\n<p><img loading=\"lazy\" decoding=\"async\" src=\"https:\/\/www.europesays.com\/fr\/wp-content\/uploads\/2025\/07\/2URpnq0qaBYBEC61cHh7hH.jpg\"  width=\"100\" height=\"100\"  alt=\"Julien Culet\" class=\"AuthorImage_root__WCxj_ ContentMetaInfo_authorimage__Mp4LD AuthorImage_-content-head__3qDob\" style=\"background-color:#828282\"\/>Publi\u00e9: 31.03.2025, 11h05<img decoding=\"async\" loading=\"eager\" fetchpriority=\"high\" src=\"https:\/\/www.europesays.com\/fr\/wp-content\/uploads\/2025\/08\/2kg2TZhi45mB28eBVBd0uw.jpg\" alt=\"Le pilote espagnol Ducati, Marc Marquez, chute lors de la deuxi\u00e8me s\u00e9ance d\u2019essais libres du MotoGP au Grand Prix de Catalogne, Circuit de Catalunya, le 25 mai 2024.\" title=\"Le pilote espagnol Ducati, Marc Marquez, chute lors de la deuxi\u00e8me s\u00e9ance d\u2019essais libres du MotoGP au Grand Prix de Catalogne, Circuit de Catalunya, le 25 mai 2024.\" class=\"ResponsiveImage_root__ZDz10 responsive-image\" style=\"background-color:#7E7874\"\/><\/p>\n<p>Marc Marquez l\u2019a d\u2019abord emport\u00e9 dans les deux courses en Tha\u00eflande d\u00e9but mars avant d\u2019encha\u00eener en Argentine, deux semaines plus tard.<\/p>\n<p>AFP<\/p>\n<p>Abonnez-vous d\u00e8s maintenant et profitez de la fonction de lecture audio.<a href=\"https:\/\/bottalk.io\/\" class=\"BottalkPaywall_bottalklink__KDtuf\" target=\"_blank\" rel=\"noreferrer nofollow noopener\">BotTalk<\/a><strong class=\"SummaryList_title__8uifR\">En bref:<\/strong><\/p>\n<ul class=\"SummaryList_list__pEa7M\">\n<li>Apr\u00e8s une grave blessure en 2020 et des ann\u00e9es de gal\u00e8re, Marc Marquez r\u00e9alise un retour triomphal au plus haut niveau en MotoGP.<\/li>\n<li>Les fr\u00e8res Marquez dominent le d\u00e9but de saison avec quatre doubl\u00e9s en autant de courses.<\/li>\n<li>Marc Marquez a subi de nombreuses op\u00e9rations et a failli prendre sa retraite.<\/li>\n<li>Le champion catalan se rapproche d\u00e9sormais des records de Valentino Rossi et de Giacomo Agostini.<\/li>\n<\/ul>\n<p class=\"ArticleParagraph_root__lhFZo ArticleContainer_content-width__FRl7F link_focus__0ZMwx link_externalicon-big__ZdPgo link_externalicon__qcwXs ArticleElement_article-element__q93eL\">Grand Prix de Jerez 2020, 22e\u00a0tour: le sextuple champion du monde de MotoGP Marc Marquez chute violemment et passe par-dessus sa Honda. Il se rel\u00e8ve avec une fracture de l\u2019hum\u00e9rus droit et c\u2019est le d\u00e9but d\u2019une longue descente aux enfers pour l\u2019Espagnol. Cinq ans plus tard, nous assistons en ce d\u00e9but de saison 2025 \u00e0 l\u2019extraordinaire renaissance du pilote. Il \u00e9tait tout bonnement invaincu en quatre courses, avant le Grand Prix des Am\u00e9riques de ce week-end.<\/p>\n<p class=\"EmbedBlocker_hint__uEF_d\">\u00c0 ce stade, vous trouverez des contenus externes suppl\u00e9mentaires. Si vous acceptez que des cookies soient plac\u00e9s par des fournisseurs externes et que des donn\u00e9es personnelles soient ainsi transmises \u00e0 ces derniers, vous devez autoriser tous les cookies et afficher directement le contenu externe.<\/p>\n<p>Autoriser les cookiesPlus d&rsquo;infos<\/p>\n<p class=\"ArticleParagraph_root__lhFZo ArticleContainer_content-width__FRl7F link_focus__0ZMwx link_externalicon-big__ZdPgo link_externalicon__qcwXs ArticleElement_article-element__q93eL\">Pourtant, nombreux \u00e9taient ceux qui le pensaient incapable de revenir au plus haut niveau apr\u00e8s le calvaire que lui a fait vivre son bras droit. Lui-m\u00eame a song\u00e9 \u00e0 tout arr\u00eater, alors qu\u2019il n\u2019a aujourd\u2019hui que 32\u00a0ans. \u00ab\u00c9videmment que j\u2019ai pens\u00e9 \u00e0 prendre ma retraite, expliquait-il dans une vid\u00e9o sur son retour. Je me suis dit qu\u2019autant de souffrance, \u00e7a n\u2019en valait pas le coup.\u00bb<\/p>\n<p>Multiples interventions chirurgicales<\/p>\n<p class=\"ArticleParagraph_root__lhFZo ArticleContainer_content-width__FRl7F link_focus__0ZMwx link_externalicon-big__ZdPgo link_externalicon__qcwXs ArticleElement_article-element__q93eL\">Il faut dire que le champion espagnol a davantage fr\u00e9quent\u00e9 les salles d\u2019op\u00e9ration que la premi\u00e8re marche du podium entre 2020 et 2022. Et il a d\u00fb apprendre une patience qui lui faisait d\u00e9faut.<\/p>\n<p class=\"ArticleParagraph_root__lhFZo ArticleContainer_content-width__FRl7F link_focus__0ZMwx link_externalicon-big__ZdPgo link_externalicon__qcwXs ArticleElement_article-element__q93eL\">Marc Marquez reconna\u00eet ainsi avoir commis \u00abl\u2019erreur de sa vie\u00bb en voulant \u00e0 tout prix remonter en selle trois jours seulement apr\u00e8s sa chute de Jerez. Il avait tent\u00e9 de participer \u00e0 la course suivante, l\u2019hum\u00e9rus tout juste maintenu par des plaques et des vis. Les essais n\u2019ont pas \u00e9t\u00e9 concluants et cela a aggrav\u00e9 encore sa blessure.<\/p>\n<p><img decoding=\"async\" loading=\"lazy\" src=\"https:\/\/www.europesays.com\/fr\/wp-content\/uploads\/2025\/08\/A5dssI0LKGZ9wNd6Td5W_4.jpg\" alt=\"Marc Marquez du Repsol Honda Team fait le signe de la victoire lors du Grand Prix d\u2019Andalousie \u00e0 Jerez, le 26 juillet 2020.\" title=\"Marc Marquez du Repsol Honda Team fait le signe de la victoire lors du Grand Prix d\u2019Andalousie \u00e0 Jerez, le 26 juillet 2020.\" class=\"ResponsiveImage_root__ZDz10 responsive-image\" style=\"background-color:#93949F\"\/><\/p>\n<p>Marc Marquez le 26 juillet 2020, alors qu\u2019il esp\u00e8re participer \u00e0 la deuxi\u00e8me course de la saison, moins d\u2019une semaine apr\u00e8s s\u2019\u00eatre fractur\u00e9 l\u2019hum\u00e9rus droit.<\/p>\n<p>AFP<\/p>\n<p class=\"ArticleParagraph_root__lhFZo ArticleContainer_content-width__FRl7F link_focus__0ZMwx link_externalicon-big__ZdPgo link_externalicon__qcwXs ArticleElement_article-element__q93eL\">Le Catalan ne voulait juste pas se rendre compte que sa carri\u00e8re si parfaite jusqu\u2019ici connaissait un s\u00e9rieux coup d\u2019arr\u00eat. Avec huit titres en dix ans toutes cat\u00e9gories confondues et des p\u00e9riodes de domination insolentes, il \u00e9tait parti pour battre tous les records. \u00abJ&rsquo;avais une carri\u00e8re de r\u00eave jusqu&rsquo;en 2020, confie-t-il <a href=\"https:\/\/www.espn.co.uk\/racing\/story\/_\/id\/35615778\/how-marquez-woke-nightmare-dream-career-became\" class=\"HtmlText_root__A1OSq\" target=\"_blank\" rel=\"noopener noreferrer nofollow\">\u00e0 ESPN<\/a>. Et puis, du jour au lendemain, et pendant les deux ann\u00e9es qui ont suivi, \u00e7a a \u00e9t\u00e9 un cauchemar.\u00bb<\/p>\n<p class=\"ArticleParagraph_root__lhFZo ArticleContainer_content-width__FRl7F link_focus__0ZMwx link_externalicon-big__ZdPgo link_externalicon__qcwXs ArticleElement_article-element__q93eL\">Un cauchemar d\u2019abord fait de trois op\u00e9rations en 2020. Entre une plaque qui a cass\u00e9 apr\u00e8s sa tentative pr\u00e9matur\u00e9e de retour, des greffes osseuses et une infection, Marc Marquez aura tout connu. <a class=\"HtmlText_root__A1OSq\" href=\"https:\/\/www.24heures.ch\/marc-marquez-ou-le-triomphe-de-la-passion-603471948123\" rel=\"nofollow noopener\" target=\"_blank\">Quand il revient en 2021,<\/a> son talent exceptionnel lui permet de <a class=\"HtmlText_root__A1OSq\" href=\"https:\/\/www.24heures.ch\/remy-gardner-fait-le-break-en-moto2-504585488126\" rel=\"nofollow noopener\" target=\"_blank\">remporter trois courses<\/a>, mais il est clairement diminu\u00e9 avec son bras.<\/p>\n<p class=\"ArticleParagraph_root__lhFZo ArticleContainer_content-width__FRl7F link_focus__0ZMwx link_externalicon-big__ZdPgo link_externalicon__qcwXs ArticleElement_article-element__q93eL\">Pour Alberto Puig, son team principal chez Honda \u00e0 ce moment, \u00abil roule avec, je ne dirais pas un seul bras, mais plut\u00f4t avec un bras et demi. Je pense qu&rsquo;il n&rsquo;y a qu&rsquo;un seul homme qui peut faire \u00e7a et c&rsquo;est lui.\u00bb La douleur l\u2019emp\u00eache de bien manier sa monture de 1000\u00a0cm\u00b3 et, lanc\u00e9 \u00e0 plus de 350\u00a0km\/h, cela ne pardonne pas. Marquez conna\u00eet 22 chutes en l\u2019espace de 14 courses. On doute alors de sa capacit\u00e9 \u00e0 retrouver son niveau.<\/p>\n<p>L\u2019op\u00e9ration de la derni\u00e8re chance<\/p>\n<p class=\"ArticleParagraph_root__lhFZo ArticleContainer_content-width__FRl7F link_focus__0ZMwx link_externalicon-big__ZdPgo link_externalicon__qcwXs ArticleElement_article-element__q93eL\">Et ce n\u2019est gu\u00e8re mieux en 2022. Il est de nouveau stopp\u00e9 par une chute qui lui provoque des probl\u00e8mes de vision puisqu\u2019on lui diagnostique une diplopie. L\u2019Espagnol voit double et doit donc renoncer \u00e0 deux courses.<\/p>\n<p class=\"ArticleParagraph_root__lhFZo ArticleContainer_content-width__FRl7F link_focus__0ZMwx link_externalicon-big__ZdPgo link_externalicon__qcwXs ArticleElement_article-element__q93eL\">Puis le sextuple champion du monde met fin pr\u00e9matur\u00e9ment \u00e0 sa saison et d\u00e9cide de tenter l\u2019op\u00e9ration de la derni\u00e8re chance pour son bras. \u00abLorsque j&rsquo;ai consult\u00e9 les m\u00e9decins, j&rsquo;ai dit: \u00abFaites-moi savoir si nous avons une solution, sinon je prendrai ma retraite\u00bb, car la situation ne cessait d&#8217;empirer\u00bb, raconte-t-il \u00e0 ESPN.<\/p>\n<p class=\"ArticleParagraph_root__lhFZo ArticleContainer_content-width__FRl7F link_focus__0ZMwx link_externalicon-big__ZdPgo link_externalicon__qcwXs ArticleElement_article-element__q93eL\">Un sp\u00e9cialiste am\u00e9ricain lui propose alors de tout refaire. Se basant sur une impression en 3D du bras mutil\u00e9, il constate que l\u2019hum\u00e9rus s\u2019est tr\u00e8s mal remis. Le traitement est lourd: on recasse l\u2019os, on le fait pivoter de 34\u00a0degr\u00e9s et on maintient le tout avec une plaque et de nombreuses vis.<\/p>\n<p class=\"EmbedBlocker_hint__uEF_d\">\u00c0 ce stade, vous trouverez des contenus externes suppl\u00e9mentaires. Si vous acceptez que des cookies soient plac\u00e9s par des fournisseurs externes et que des donn\u00e9es personnelles soient ainsi transmises \u00e0 ces derniers, vous devez autoriser tous les cookies et afficher directement le contenu externe.<\/p>\n<p>Autoriser les cookiesPlus d&rsquo;infos<\/p>\n<p class=\"ArticleParagraph_root__lhFZo ArticleContainer_content-width__FRl7F link_focus__0ZMwx link_externalicon-big__ZdPgo link_externalicon__qcwXs ArticleElement_article-element__q93eL\">Marc Marquez en garde d\u2019impressionnantes cicatrices, mais l\u2019intervention lui a permis de retrouver des sensations normales. Et c\u2019est en 2024 que le ph\u00e9nix catalan a commenc\u00e9 \u00e0 prendre son envol. Apr\u00e8s onze saisons au guidon d\u2019une Honda, il passe sur une Ducati du team Gresini. Et, malgr\u00e9 une machine datant de l\u2019ann\u00e9e pr\u00e9c\u00e9dente, il remonte sur la premi\u00e8re marche du podium le 1er\u00a0septembre en Aragon. C\u2019est la fin d\u2019une interminable attente de 1043\u00a0jours depuis sa pr\u00e9c\u00e9dente victoire, le 24\u00a0octobre 2021.<\/p>\n<p class=\"ArticleParagraph_root__lhFZo ArticleContainer_content-width__FRl7F link_focus__0ZMwx link_externalicon-big__ZdPgo link_externalicon__qcwXs ArticleElement_article-element__q93eL\">Troisi\u00e8me du championnat avec trois victoires au compteur, Marc Marquez est promu dans l\u2019\u00e9quipe Ducati principale, pr\u00e9f\u00e9r\u00e9 au champion du monde 2024 Jorge Martin. Il retrouve donc cette ann\u00e9e une machine \u00e0 la hauteur de son talent et ce qu\u2019il d\u00e9montre en ce d\u00e9but de saison est exceptionnel. On retrouve un Marquez qui encha\u00eene les victoires comme on l\u2019a connu au sommet de sa carri\u00e8re. Cette ann\u00e9e, il a r\u00e9alis\u00e9 un d\u00e9but de championnat tonitruant, avec deux week-ends parfaits, en remportant les deux courses prints et les deux Grands Prix. Au Texas, il a une nouvelle fois remport\u00e9 le sprint mais est tomb\u00e9, sans gravit\u00e9, ce dimanche.<\/p>\n<p>Un triomphe familial des Marquez<\/p>\n<p class=\"ArticleParagraph_root__lhFZo ArticleContainer_content-width__FRl7F link_focus__0ZMwx link_externalicon-big__ZdPgo link_externalicon__qcwXs ArticleElement_article-element__q93eL\">Comme si l\u2019histoire n\u2019\u00e9tait pas suffisamment belle, \u00e0 chaque fois que Marc l\u2019a emport\u00e9, cela a \u00e9t\u00e9 devant son petit fr\u00e8re Alex, rest\u00e9 lui dans \u00abl\u2019\u00e9quipe B\u00bb de Ducati, le team Gresini. Il fait donc un d\u00e9but de saison inesp\u00e9r\u00e9, lui qui a toujours \u00e9t\u00e9 dans l\u2019ombre fraternelle. Marc et Alex, extr\u00eamement proches dans la vie, sont \u00e0 la f\u00eate et se permettent de c\u00e9l\u00e9brer leurs doubl\u00e9s en dansant apr\u00e8s la course quand leurs adversaires se demandent jusqu\u2019o\u00f9 ira la fratrie. Apr\u00e8s la chute du grand fr\u00e8re ce dimanche, Alex Marquez a m\u00eame pris la t\u00eate du championnat pour la premi\u00e8re fois de sa carri\u00e8re. Il attend encore de pouvoir d\u00e9crocher sa premi\u00e8re victoire.<\/p>\n<p class=\"EmbedBlocker_hint__uEF_d\">\u00c0 ce stade, vous trouverez des contenus externes suppl\u00e9mentaires. Si vous acceptez que des cookies soient plac\u00e9s par des fournisseurs externes et que des donn\u00e9es personnelles soient ainsi transmises \u00e0 ces derniers, vous devez autoriser tous les cookies et afficher directement le contenu externe.<\/p>\n<p>Autoriser les cookiesPlus d&rsquo;infos<\/p>\n<p class=\"ArticleParagraph_root__lhFZo ArticleContainer_content-width__FRl7F link_focus__0ZMwx link_externalicon-big__ZdPgo link_externalicon__qcwXs ArticleElement_article-element__q93eL\">Et l\u2019arriv\u00e9e de Marc Marquez au guidon de la Ducati officielle \u00e9clipse totalement le <a class=\"HtmlText_root__A1OSq\" href=\"https:\/\/www.24heures.ch\/motocyclisme-bagnaia-remporte-le-gp-de-valence-et-le-titre-mondial-443624559026\" rel=\"nofollow noopener\" target=\"_blank\">double champion du monde<\/a> Francesco Bagnaia. \u00abPecco\u00bb r\u00e9gnait en ma\u00eetre incontest\u00e9 dans l\u2019\u00e9quipe de Bologne ces derni\u00e8res ann\u00e9es, mais l\u2019Italien doit d\u00e9sormais se contenter de suivre \u00e0 distance l\u2019envol\u00e9e des Marquez.<\/p>\n<p class=\"ArticleParagraph_root__lhFZo ArticleContainer_content-width__FRl7F link_focus__0ZMwx link_externalicon-big__ZdPgo link_externalicon__qcwXs ArticleElement_article-element__q93eL\">Selon l\u2019actuel pilote d\u2019essai Honda, l\u2019exp\u00e9riment\u00e9 allemand <a href=\"https:\/\/www.gpone.com\/it\/2025\/03\/24\/motogp\/bradl-marquez-ha-di-nuovo-laura-dinvincibile-bagnaia-gia-numero-2-in-ducati.html-0\" class=\"HtmlText_root__A1OSq\" target=\"_blank\" rel=\"noopener noreferrer nofollow\">Stefan Bradl<\/a>, nous sommes revenus au pic de la carri\u00e8re de Marc Marquez. \u00abPour la premi\u00e8re fois depuis des ann\u00e9es, j\u2019ai ressenti cette aura d\u2019invincibilit\u00e9 qui entourait Marc chez Honda. Elle est d\u00e9sormais palpable dans le garage Ducati, aupr\u00e8s des m\u00e9dias, des fans. Pecco est clairement le num\u00e9ro\u00a02.\u00bb<\/p>\n<p class=\"EmbedBlocker_hint__uEF_d\">\u00c0 ce stade, vous trouverez des contenus externes suppl\u00e9mentaires. Si vous acceptez que des cookies soient plac\u00e9s par des fournisseurs externes et que des donn\u00e9es personnelles soient ainsi transmises \u00e0 ces derniers, vous devez autoriser tous les cookies et afficher directement le contenu externe.<\/p>\n<p>Autoriser les cookiesPlus d&rsquo;infos<\/p>\n<p class=\"ArticleParagraph_root__lhFZo ArticleContainer_content-width__FRl7F link_focus__0ZMwx link_externalicon-big__ZdPgo link_externalicon__qcwXs ArticleElement_article-element__q93eL\">Si cela devait durer, ce sont les l\u00e9gendes de la discipline qui pourraient trembler. Avec six titres en cat\u00e9gorie reine, le Catalan est \u00e0 une longueur de Valentino Rossi et \u00e0 deux de Giacomo Agostini.<\/p>\n<p class=\"ArticleParagraph_root__lhFZo ArticleContainer_content-width__FRl7F link_focus__0ZMwx link_externalicon-big__ZdPgo link_externalicon__qcwXs ArticleElement_article-element__q93eL\">En termes de victoires, en remportant sa 90e course, Marc Marquez s\u2019est aussi rapproch\u00e9 du total de ses deux illustres pr\u00e9d\u00e9cesseurs (115 pour Rossi et 122 pour Agostini). \u00abJe le vois d\u00e9passer les records de Valentino, et j\u2019esp\u00e8re qu\u2019il n\u2019atteindra pas les miens, a r\u00e9agi Giacomo Agostini \u00e0 \u00abLa Repubblica\u00bb. S\u2019il y parvient, je serai toutefois le premier \u00e0 le f\u00e9liciter pour cet exploit, car les records sont faits pour \u00eatre battus.\u00bb<\/p>\n<p class=\"DynamicTeaser_boxtitle__B6piN\">Nos articles sur le MotoGP<\/p>\n<p><strong>Julien Culet<\/strong> est responsable de la rubrique Suisse-Monde-Economie. Il a rejoint la rubrique Suisse en 2018 en tant que correspondant \u00e0 Gen\u00e8ve pour \u00abLe Matin Dimanche\u00bb. Il a auparavant travaill\u00e9 durant 5 ans au sein de la r\u00e9daction du \u00ab20 minutes\u00bb.<a class=\"ArticleAuthorBio_moreinfo__cqyvz link_underlinelink__K5Zr0\" rel=\"author nofollow noopener\" href=\"https:\/\/www.24heures.ch\/author\/65608802\/julien-culet\" target=\"_blank\">Plus d&rsquo;infos<\/a><a href=\"https:\/\/twitter.com\/julienclt\" rel=\"nofollow noopener\" target=\"_blank\">@JulienClt<\/a><\/p>\n<p class=\"Feedback_root__fr_Mi ArticleContainer_content-width__FRl7F\">Vous avez trouv\u00e9 une erreur?<a href=\"mailto:tes_correction@tamedia.ch?subject=Avis%20d'erreur%20%7C%20Julien%20Culet%20%7C%20Bris%C3%A9%20de%20partout%2C%20voici%20comment%20Marc%20Marquez%20a%20ressuscit%C3%A9&amp;body=J'ai%20trouv%C3%A9%20une%20erreur%20dans%20cet%20article%3A%20https%3A%2F%2Fwww.24heures.ch%2Fmotogp-la-renaissance-inesperee-et-familiale-de-marc-marquez-792735016022\" class=\"Feedback_feedbacklink__VyDCi link_underlinelink__K5Zr0\">Merci de nous la signaler.<\/a><\/p>\n<p>3 commentaires<\/p>\n<p><script async src=\"https:\/\/platform.twitter.com\/widgets.js\" charset=\"utf-8\"><\/script><\/p>\n","protected":false},"excerpt":{"rendered":"Saison 2025 de MotoGP \u2013 Bris\u00e9 de partout, voici comment Marc Marquez a ressuscit\u00e9 Avec son fr\u00e8re Alex,&hellip;\n","protected":false},"author":2,"featured_media":298273,"comment_status":"","ping_status":"","sticky":false,"template":"","format":"standard","meta":{"footnotes":""},"categories":[1413],"tags":[1011,27,1457,1456,60,2300],"class_list":{"0":"post-298272","1":"post","2":"type-post","3":"status-publish","4":"format-standard","5":"has-post-thumbnail","7":"category-moto","8":"tag-fr","9":"tag-france","10":"tag-moto","11":"tag-motocycle","12":"tag-sports","13":"tag-stats-seo"},"share_on_mastodon":{"url":"https:\/\/pubeurope.com\/@fr\/114976677204700839","error":""},"_links":{"self":[{"href":"https:\/\/www.europesays.com\/fr\/wp-json\/wp\/v2\/posts\/298272","targetHints":{"allow":["GET"]}}],"collection":[{"href":"https:\/\/www.europesays.com\/fr\/wp-json\/wp\/v2\/posts"}],"about":[{"href":"https:\/\/www.europesays.com\/fr\/wp-json\/wp\/v2\/types\/post"}],"author":[{"embeddable":true,"href":"https:\/\/www.europesays.com\/fr\/wp-json\/wp\/v2\/users\/2"}],"replies":[{"embeddable":true,"href":"https:\/\/www.europesays.com\/fr\/wp-json\/wp\/v2\/comments?post=298272"}],"version-history":[{"count":0,"href":"https:\/\/www.europesays.com\/fr\/wp-json\/wp\/v2\/posts\/298272\/revisions"}],"wp:featuredmedia":[{"embeddable":true,"href":"https:\/\/www.europesays.com\/fr\/wp-json\/wp\/v2\/media\/298273"}],"wp:attachment":[{"href":"https:\/\/www.europesays.com\/fr\/wp-json\/wp\/v2\/media?parent=298272"}],"wp:term":[{"taxonomy":"category","embeddable":true,"href":"https:\/\/www.europesays.com\/fr\/wp-json\/wp\/v2\/categories?post=298272"},{"taxonomy":"post_tag","embeddable":true,"href":"https:\/\/www.europesays.com\/fr\/wp-json\/wp\/v2\/tags?post=298272"}],"curies":[{"name":"wp","href":"https:\/\/api.w.org\/{rel}","templated":true}]}}