{"id":298277,"date":"2025-08-05T14:42:10","date_gmt":"2025-08-05T14:42:10","guid":{"rendered":"https:\/\/www.europesays.com\/fr\/298277\/"},"modified":"2025-08-05T14:42:10","modified_gmt":"2025-08-05T14:42:10","slug":"en-attendant-thauvin-pierre-sage-a-deja-recadre-plusieurs-joueurs","status":"publish","type":"post","link":"https:\/\/www.europesays.com\/fr\/298277\/","title":{"rendered":"en attendant Thauvin, Pierre Sage a d\u00e9j\u00e0 recadr\u00e9 plusieurs joueurs !"},"content":{"rendered":"<p><strong>Pierre Sage a tenu \u00e0 recadrer certains jeunes du <a href=\"https:\/\/www.butfootballclub.fr\/612450-rc-lens-mercato-cest-officiel-pour-pouilly-les-sang-et-or-le-remercient\/\" rel=\"noopener nofollow\" target=\"_blank\">RC Lens<\/a>. L\u2019entra\u00eeneur des Sang et Or estime que tous n\u2019ont pas encore compris les exigences du haut niveau et que seuls les plus investis auront leur chance cette saison.\u00a0<\/strong><\/p>\n<p>Pierre Sage ne m\u00e2che d\u00e9j\u00e0 plus ses mots au <a href=\"https:\/\/www.butfootballclub.fr\/612362-rc-lens-mercato-un-depart-et-une-arrivee-officialises\/\" rel=\"noopener nofollow\" target=\"_blank\">RC Lens<\/a>. Alors que la pr\u00e9paration touche \u00e0 sa fin, l\u2019ancien coach de l\u2019OL a profit\u00e9 de la derni\u00e8re s\u00e9ance ouverte \u00e0 la presse pour faire passer un message aux jeunes du club.\u00a0<\/p>\n<p>Selon La Voix du Nord, il a rappel\u00e9 que la porte du groupe professionnel reste ouverte, mais que seuls ceux qui montrent envie et discipline franchiront le cap. \u00ab Quelques-uns ont su la saisir, d\u2019autres devront s\u2019\u00e9toffer et il faudra pour certains, comme Jeremy Agbonifo, comprendre ce qu\u2019on attend d\u2019eux et ce qu\u2019ils veulent faire de leur carri\u00e8re \u00bb, pr\u00e9cise La Voix du Nord.\u00a0<\/p>\n<p>Pas de complaisance chez Sage\u00a0<\/p>\n<p>Ce discours s\u2019inscrit dans la continuit\u00e9 de ce que le coach souhaite mettre en place : une \u00e9quipe comp\u00e9titive, o\u00f9 l\u2019engagement prime sur le talent brut. Si certains jeunes comme Bermont, Sylla, ou encore Fofana ont d\u00e9j\u00e0 marqu\u00e9 des points durant la pr\u00e9paration, d\u2019autres semblent encore loin des standards exig\u00e9s en Ligue 1. L\u2019exemple d\u2019Agbonifo, r\u00e9guli\u00e8rement cit\u00e9, illustre ces attentes : l\u2019ailier est dot\u00e9 d\u2019un potentiel certain, mais doit franchir un cap dans son implication pour esp\u00e9rer int\u00e9grer la rotation.<\/p>\n<p>Pour Sage, la jeunesse est une chance mais aussi un d\u00e9fi. Le <a href=\"https:\/\/www.butfootballclub.fr\/612415-rc-lens-mercato-abdulhamid-provoque-un-depart\/\" rel=\"noopener nofollow\" target=\"_blank\">RC Lens<\/a> a choisi de miser sur la formation, mais l\u2019entra\u00eeneur veut \u00e9viter toute complaisance. Avec une saison o\u00f9 les Sang et Or ambitionnent de retrouver les places europ\u00e9ennes, la concurrence sera rude, et le coach ne souhaite pas accorder de passe-droit. De son c\u00f4t\u00e9, L\u2019\u00c9quipe confirme que le dossier Thauvin est en bonne voie autour d\u2019un contrat de trois ans et d\u2019une place centrale (et axiale) dans le projet de Sage.<\/p>\n","protected":false},"excerpt":{"rendered":"Pierre Sage a tenu \u00e0 recadrer certains jeunes du RC Lens. L\u2019entra\u00eeneur des Sang et Or estime que&hellip;\n","protected":false},"author":2,"featured_media":298278,"comment_status":"","ping_status":"","sticky":false,"template":"","format":"standard","meta":{"footnotes":""},"categories":[1410],"tags":[11,448,63,1011,27,66,3388,12,60,10662],"class_list":{"0":"post-298277","1":"post","2":"type-post","3":"status-publish","4":"format-standard","5":"has-post-thumbnail","7":"category-football","8":"tag-actualites","9":"tag-champions-league","10":"tag-football","11":"tag-fr","12":"tag-france","13":"tag-ligue-1","14":"tag-matchs","15":"tag-news","16":"tag-sports","17":"tag-transferts"},"share_on_mastodon":{"url":"https:\/\/pubeurope.com\/@fr\/114976688892161403","error":""},"_links":{"self":[{"href":"https:\/\/www.europesays.com\/fr\/wp-json\/wp\/v2\/posts\/298277","targetHints":{"allow":["GET"]}}],"collection":[{"href":"https:\/\/www.europesays.com\/fr\/wp-json\/wp\/v2\/posts"}],"about":[{"href":"https:\/\/www.europesays.com\/fr\/wp-json\/wp\/v2\/types\/post"}],"author":[{"embeddable":true,"href":"https:\/\/www.europesays.com\/fr\/wp-json\/wp\/v2\/users\/2"}],"replies":[{"embeddable":true,"href":"https:\/\/www.europesays.com\/fr\/wp-json\/wp\/v2\/comments?post=298277"}],"version-history":[{"count":0,"href":"https:\/\/www.europesays.com\/fr\/wp-json\/wp\/v2\/posts\/298277\/revisions"}],"wp:featuredmedia":[{"embeddable":true,"href":"https:\/\/www.europesays.com\/fr\/wp-json\/wp\/v2\/media\/298278"}],"wp:attachment":[{"href":"https:\/\/www.europesays.com\/fr\/wp-json\/wp\/v2\/media?parent=298277"}],"wp:term":[{"taxonomy":"category","embeddable":true,"href":"https:\/\/www.europesays.com\/fr\/wp-json\/wp\/v2\/categories?post=298277"},{"taxonomy":"post_tag","embeddable":true,"href":"https:\/\/www.europesays.com\/fr\/wp-json\/wp\/v2\/tags?post=298277"}],"curies":[{"name":"wp","href":"https:\/\/api.w.org\/{rel}","templated":true}]}}