{"id":298279,"date":"2025-08-05T14:43:11","date_gmt":"2025-08-05T14:43:11","guid":{"rendered":"https:\/\/www.europesays.com\/fr\/298279\/"},"modified":"2025-08-05T14:43:11","modified_gmt":"2025-08-05T14:43:11","slug":"gary-le-fils-unique-de-thierry-roland-quil-a-eu-avec-une-grande-figure-de-la-tele-a-pris-une-voie-etonnante-loin-du-sport-et-de-la-tele","status":"publish","type":"post","link":"https:\/\/www.europesays.com\/fr\/298279\/","title":{"rendered":"Gary, le fils unique de Thierry Roland, qu\u2019il a eu avec une grande figure de la t\u00e9l\u00e9, a pris une voie \u00e9tonnante, loin du sport et de la t\u00e9l\u00e9"},"content":{"rendered":"<p>Il est n\u00e9 sous les feux de la rampe, mais a choisi de s\u2019en \u00e9loigner. Gary, fils de Thierry Roland, c\u00e9l\u00e8bre voix du football, et d\u2019une animatrice t\u00e9l\u00e9 tr\u00e8s connue, a d\u00e9cid\u00e9 de mener une vie bien diff\u00e9rente. Et le moins que l\u2019on puisse dire, c\u2019est que son parcours \u00e9tonne.<\/p>\n<p>On le pensait promis \u00e0 une carri\u00e8re dans les m\u00e9dias ou le sport, tant il baigne dans un univers de c\u00e9l\u00e9brit\u00e9 depuis l\u2019enfance. Et pour cause, <strong>Gary est le fils unique<\/strong> de Thierry Roland, figure embl\u00e9matique du <strong>commentaire sportif fran\u00e7ais<\/strong>, et de Fran\u00e7oise, ancienne pr\u00e9sentatrice de t\u00e9l\u00e9vision. Pourtant, \u00e0 rebours des attentes, Gary a pris un virage radical. Il a pr\u00e9f\u00e9r\u00e9 suivre ses propres passions, loin du micro et des cam\u00e9ras. Un choix de vie audacieux qui intrigue autant qu\u2019il inspire. Qui est vraiment Gary Roland, et que fait-il aujourd\u2019hui ?<\/p>\n<p> \t\t\t  Gary Roland a choisi une vie \u00e0 contre-pied de l\u2019h\u00e9ritage familial   Un 4 ao\u00fbt, le souvenir d&rsquo;une voix inoubliable  <\/p>\n<p>Ce 4 ao\u00fbt 2025, Thierry Roland aurait f\u00eat\u00e9 ses 88 ans. Ic\u00f4ne du <a href=\"https:\/\/www.pleinevie.fr\/loisirs\/tele-radio\/equipe-de-france-feminine-de-football-le-porte-drapeau-du-sport-feminin-2115.html\" target=\"_blank\" rel=\"noopener\">journalisme sportif<\/a>, il a comment\u00e9 13 Coupes du monde et marqu\u00e9 des g\u00e9n\u00e9rations de t\u00e9l\u00e9spectateurs par son franc-parler et sa passion vibrante du football. Mais depuis sa disparition en juin 2012, suite \u00e0 un AVC, c\u2019est son fils Gary, discret et loin des projecteurs, qui <strong>perp\u00e9tue sa m\u00e9moire<\/strong> \u00e0 sa mani\u00e8re, bien loin des stades et des micros. \u00c0 41 ans, il \u00e9volue dans un tout autre univers, en rupture totale avec l\u2019h\u00e9ritage m\u00e9diatique de son p\u00e8re.<\/p>\n<p>    Un enfant de la t\u00e9l\u00e9\u2026 mais pas du sport  <\/p>\n<p>D\u2019apr\u00e8s <a href=\"https:\/\/www.purepeople.com\/article\/thierry-roland-gary-le-fils-quil-a-eu-avec-une-grande-figure-de-la-tele-a-fait-carriere-tres-loin-des-ecrans-dans-un-business-tres-francais_a540902\/1\" target=\"_blank\" rel=\"noopener\">Purepeople<\/a>, <strong>Gary <\/strong>est le fruit de l\u2019union entre Thierry Roland et Fran\u00e7oise Boulain, figure bien connue de la t\u00e9l\u00e9vision. Il a grandi dans un environnement berc\u00e9 par les commentaires de son p\u00e8re, mais aussi par la discr\u00e9tion d\u2019un homme plus simple que mondain. Si Thierry Roland adorait transmettre sa passion du sport, il ne l\u2019a jamais impos\u00e9e. Gary n\u2019a pas suivi ses traces. Apr\u00e8s des \u00e9tudes prestigieuses \u00e0 l\u2019ESSEC, il a fait ses armes dans l\u2019h\u00f4tellerie de luxe \u00e0 New York, puis tent\u00e9 l\u2019immobilier, sans jamais trouver <strong>sa v\u00e9ritable voie<\/strong>\u2026 jusqu\u2019\u00e0 une r\u00e9v\u00e9lation.<\/p>\n<p>  Quand le vin devient un nouveau terrain de jeu  <\/p>\n<p>C\u2019est finalement dans un domaine typiquement fran\u00e7ais que Gary Roland a trouv\u00e9 sa voie : <strong>le vin<\/strong>. Il fonde avec Cl\u00e9mence Beljean \u00ab\u00a0Class\u00e9s DiVins\u00a0\u00bb, une agence de conseil et de repr\u00e9sentation dans les vins, champagnes et spiritueux. Ensemble, ils m\u00ealent passion, savoir-faire et souvenirs familiaux. Pour Gary, l\u2019univers du vin n\u2019est pas qu\u2019un business : c\u2019est un h\u00e9ritage sensoriel transmis d\u00e8s l\u2019enfance, dans la cave familiale. Une mani\u00e8re po\u00e9tique de faire vivre autrement <strong>le souvenir de son p\u00e8re<\/strong>, \u00e0 travers les ar\u00f4mes, les c\u00e9pages\u2026 et la convivialit\u00e9.<\/p>\n<p>     Le fils de Thierry Roland s\u2019\u00e9panouit dans un univers particulier   Le soir o\u00f9 tout a bascul\u00e9  <\/p>\n<p>Le 16 juin 2012, Thierry Roland <strong>s\u2019\u00e9teint dans son sommeil<\/strong> apr\u00e8s avoir regard\u00e9 un match de l\u2019\u00e9quipe de France. Quelques heures plus t\u00f4t, Gary avait \u00e9chang\u00e9 avec lui : \u00ab\u00a0On s\u2019appelle demain\u00a0\u00bb, lui avait-il dit pour la premi\u00e8re fois. Ce fut leur derni\u00e8re conversation. \u00c0 partir de ce moment, la vie de Gary prend un virage. Profond\u00e9ment marqu\u00e9, il d\u00e9cide de se recentrer sur l\u2019essentiel, quitte \u00e0 abandonner une carri\u00e8re toute trac\u00e9e dans l\u2019immobilier. Il choisit de se consacrer \u00e0 une <strong>activit\u00e9 porteuse de sens<\/strong>, en lien avec la m\u00e9moire paternelle.<\/p>\n<p>  Le portrait d\u2019un p\u00e8re hors normes  <\/p>\n<p>Quatre ans apr\u00e8s la disparition de son p\u00e8re, Gary confiait \u00e0 Paris Match son admiration pour un papa \u00ab\u00a0tr\u00e8s pote\u00a0\u00bb, d\u00e9tendu, toujours dans le second degr\u00e9. Thierry Roland, derri\u00e8re le micro comme \u00e0 la maison, n\u2019\u00e9tait pas une star, mais <strong>un homme chaleureux<\/strong>, fid\u00e8le \u00e0 lui-m\u00eame. Jogging \u00e0 la maison, blagueur, il se sentait plus \u00e0 l\u2019aise au bistrot qu\u2019en mondanit\u00e9. Sa veuve, Fran\u00e7oise Boulain, \u00e9voque un homme \u00ab\u00a0nature en toutes circonstances\u00a0\u00bb, sauf le jour de sa L\u00e9gion d\u2019honneur, o\u00f9 l\u2019\u00e9motion avait pris le dessus. <strong>Un papa et un mari aim\u00e9.<\/strong><\/p>\n<p>     Des hommages \u00e0 la hauteur du personnage  <\/p>\n<p>\u00c0 l\u2019annonce de sa disparition, le monde du sport et de la politique avait salu\u00e9 Thierry Roland. Michel Platini parlait de <strong>\u00ab\u00a0la voix du foot\u00a0\u00bb<\/strong>, Jean-Michel Larqu\u00e9 pleurait un duo manqu\u00e9, et Fran\u00e7ois Hollande rendait hommage \u00e0 un <strong>commentateur passionn\u00e9<\/strong>. Sa famille, elle, retenait l\u2019homme simple, joyeux, entier. Treize ans plus tard, \u00a0loin du bruit m\u00e9diatique, mais avec, toujours, le souvenir d\u2019un p\u00e8re passionn\u00e9, vivant, libre. Et dans chaque bouteille qu\u2019il s\u00e9lectionne, peut-\u00eatre un clin d\u2019\u0153il \u00e0 cette voix qui continue de r\u00e9sonner dans les c\u0153urs.<\/p>\n","protected":false},"excerpt":{"rendered":"Il est n\u00e9 sous les feux de la rampe, mais a choisi de s\u2019en \u00e9loigner. Gary, fils de&hellip;\n","protected":false},"author":2,"featured_media":298280,"comment_status":"","ping_status":"","sticky":false,"template":"","format":"standard","meta":{"footnotes":""},"categories":[1359],"tags":[10281,58,59,1011,27,973],"class_list":{"0":"post-298279","1":"post","2":"type-post","3":"status-publish","4":"format-standard","5":"has-post-thumbnail","7":"category-people","8":"tag-buzz-nonli","9":"tag-divertissement","10":"tag-entertainment","11":"tag-fr","12":"tag-france","13":"tag-people"},"share_on_mastodon":{"url":"https:\/\/pubeurope.com\/@fr\/114976692916082346","error":""},"_links":{"self":[{"href":"https:\/\/www.europesays.com\/fr\/wp-json\/wp\/v2\/posts\/298279","targetHints":{"allow":["GET"]}}],"collection":[{"href":"https:\/\/www.europesays.com\/fr\/wp-json\/wp\/v2\/posts"}],"about":[{"href":"https:\/\/www.europesays.com\/fr\/wp-json\/wp\/v2\/types\/post"}],"author":[{"embeddable":true,"href":"https:\/\/www.europesays.com\/fr\/wp-json\/wp\/v2\/users\/2"}],"replies":[{"embeddable":true,"href":"https:\/\/www.europesays.com\/fr\/wp-json\/wp\/v2\/comments?post=298279"}],"version-history":[{"count":0,"href":"https:\/\/www.europesays.com\/fr\/wp-json\/wp\/v2\/posts\/298279\/revisions"}],"wp:featuredmedia":[{"embeddable":true,"href":"https:\/\/www.europesays.com\/fr\/wp-json\/wp\/v2\/media\/298280"}],"wp:attachment":[{"href":"https:\/\/www.europesays.com\/fr\/wp-json\/wp\/v2\/media?parent=298279"}],"wp:term":[{"taxonomy":"category","embeddable":true,"href":"https:\/\/www.europesays.com\/fr\/wp-json\/wp\/v2\/categories?post=298279"},{"taxonomy":"post_tag","embeddable":true,"href":"https:\/\/www.europesays.com\/fr\/wp-json\/wp\/v2\/tags?post=298279"}],"curies":[{"name":"wp","href":"https:\/\/api.w.org\/{rel}","templated":true}]}}