{"id":298283,"date":"2025-08-05T14:45:20","date_gmt":"2025-08-05T14:45:20","guid":{"rendered":"https:\/\/www.europesays.com\/fr\/298283\/"},"modified":"2025-08-05T14:45:20","modified_gmt":"2025-08-05T14:45:20","slug":"video-sorj-chalandon-tournees-generales-en-librairie-le-livre-des-kells","status":"publish","type":"post","link":"https:\/\/www.europesays.com\/fr\/298283\/","title":{"rendered":"(Vid\u00e9o) Sorj Chalandon, Tourn\u00e9es g\u00e9n\u00e9rales en librairie, Le livre des Kells"},"content":{"rendered":"<p>                                <a href=\"https:\/\/www.echodumardi.com\/culture-loisirs\/video-sorj-chalandon-tournees-generales-en-librairie-le-livre-des-kells\/?print=pdf\" class=\"pdfprnt-button pdfprnt-button-pdf\" target=\"_blank\" rel=\"nofollow noopener\"><img decoding=\"async\" src=\"https:\/\/www.europesays.com\/fr\/wp-content\/uploads\/2025\/05\/pdf_button.jpg\" alt=\"image_pdf\" title=\"View PDF\"\/><\/a><a href=\"https:\/\/www.echodumardi.com\/culture-loisirs\/video-sorj-chalandon-tournees-generales-en-librairie-le-livre-des-kells\/?print=print\" class=\"pdfprnt-button pdfprnt-button-print\" target=\"_blank\" rel=\"nofollow noopener\"><\/p>\n<p><strong>Sorj Chalandon, journaliste et \u00e9crivain de grand renom sera re\u00e7u \u00e0 la <a href=\"https:\/\/www.facebook.com\/librairie.lettresvives\" target=\"_blank\" rel=\"noreferrer noopener nofollow\">Librairie Lettres vives<\/a>, chez Eric Dumas \u00e0 Tarascon mercredi 27 ao\u00fbt o\u00f9 il pr\u00e9sentera <a href=\"https:\/\/www.grasset.fr\/livre\/le-livre-de-kells-9782246843214\/\" target=\"_blank\" rel=\"noreferrer noopener nofollow\">Le livre des Kells<\/a>.<\/strong><\/p>\n<p>Le livre des Kells est le 12e roman de Sorj Chalandon. C\u2019est aussi celui de sa renaissance alors qu\u2019il a fui sa famille et surtout un p\u00e8re violent-le minotaure-. Sorj a 16 ans et part de Lyon pour arriver \u00e0 Paris o\u00f9 durant un an, il connaitra la mis\u00e8re, la rue, le froid, la faim, la soif et la peur. Il va dormir partout, dans les caves, dans les greniers, dans les recoins de rues, avec, toujours un couteau \u00e0 port\u00e9e de main au ca o\u00f9. \u00ab\u00a0La plus grande difficult\u00e9 , n\u2019\u00eatre ni une proie et ne pas devenir un pr\u00e9dateur.\u00a0\u00bb Il livre, ici, le maillon manquant de son existence. Un exercice difficile et tr\u00e8s intime.<\/p>\n<p><strong>La gauche prol\u00e9tarienne<\/strong><br \/>Une nouvelle famille, des militants de la gauche prol\u00e9tarienne, l\u2019extr\u00eame gauche, va lui tendre la main, pour partager, ensemble, solidarit\u00e9 et valeurs. Il rejoint en 1973 Lib\u00e9ration, apr\u00e8s la dissolution de la gauche prol\u00e9tarienne et la mort de Pierre Overney, tu\u00e9 par un vigile de l\u2019usine Renault qui sera ensuite \u00e0 son tour assassin\u00e9 par un commando des Nanap \u2013noyaux arm\u00e9s pour l\u2019autonomie populaire-.<\/p>\n<p><img loading=\"lazy\" decoding=\"async\" width=\"542\" height=\"733\" src=\"https:\/\/www.europesays.com\/fr\/wp-content\/uploads\/2025\/08\/1754324660671blob.png\" alt=\"\" class=\"wp-image-129961\"  \/><\/p>\n<p><strong>Le livre des Kells<\/strong><br \/>Le livre des Kells fait r\u00e9f\u00e9rence \u00e0 un ouvrage, chef d\u2019\u0153uvre du christianisme irlandais, inachev\u00e9, un manuscrit enlumin\u00e9, r\u00e9dig\u00e9 en langue latine par des moines de culture celtique, autour de l\u2019an 800, contenant les 4 \u00e9vangiles du nouveau testament, visible \u00e0 Dublin en Irlande.<br \/>Source <a href=\"https:\/\/maitron.fr\/overney-pierre-maxime-elie\/,%20notice%20OVERNEY%20Pierre,%20Maxime,%20Elie%20par%20Robert%20Kosmann,%20version%20mise%20en%20ligne%20le%206%20mai%202014,%20derni\u00e8re%20modification%20le%207%20octobre%202024.\" target=\"_blank\" rel=\"noreferrer noopener nofollow\">ici<\/a>.<\/p>\n<p><strong>Que fait-on lorsque l\u2019on trouve le monde injuste\u00a0?<\/strong><br \/>\u00abOn quitte le monde de la violence pour cr\u00e9er un journal\u00a0: Lib\u00e9ration. En septembre 1973. Kells -le h\u00e9ros du livre- comme moi est pass\u00e9 d\u2019un enfant battu \u00e0 un homme droit. Enfin je l\u2019esp\u00e8re.\u00bb Sorj sera fondateur, journaliste, chroniqueur judiciaire, puis r\u00e9dacteur en chef adjoint de Lib\u00e9ration de 1973 \u00e0 f\u00e9vrier 2007. Il a \u00e9t\u00e9 formateur au centre de formation des journalistes entre entre 2007 et 2009 puis journaliste au Canard encha\u00een\u00e9.<\/p>\n<p><strong><a href=\"https:\/\/www.livredepoche.com\/auteur\/sorj-chalandon\/\" target=\"_blank\" rel=\"noreferrer noopener nofollow\">Sorj Chalandon<\/a><\/strong><br \/>Sorj Chalandon est cet immense journaliste et \u00e9crivain fran\u00e7ais qui a re\u00e7u un grand nombre de distinctions comme le prix Goncourt des lyc\u00e9ens en 2013 pour \u2018Le 4e mur\u2019, \u2018Retour \u00e0 Killybegs\u2019 grand prix du roman de l\u2019Acad\u00e9mie fran\u00e7aise en 2011 qui est le 2e livre que Sorj Chaladon consacre \u00e0 Denis Donaldson apr\u00e8s \u2018Mon traitre\u2019. Denis Donaldson -1950 \u00e0 Belfast-avril 2006 \u00e0 Glenties-, membre de l\u2019Ira provisoire (Arm\u00e9e R\u00e9publicaine Irlandaise), organisation paramilitaire qui militait pour l\u2019ind\u00e9pendance de l\u2019Irlande du Nord et l\u2019instauration d\u2019un Etat r\u00e9publicain libre sur l\u2019ensemble de l\u2019ile\u00a0: la nouvelle Irlande. Sorj Chalandon a re\u00e7u le prix M\u00e9dicis avec \u2018Une promesse\u2019, en 2006 ; Le prix Albert Londres pour ses reportages sur l\u2019Irlande du nord et le proc\u00e8s de Klauss Barbie. Tous ses livres sont publi\u00e9s chez Grasset.<\/p>\n<p><strong>Il est aussi un ami de Pierre Goldman<\/strong><br \/>Il a couvert le 1er proc\u00e8s de Pierre Goldman, le demi-fr\u00e8re de Jean-Jacques Goldman le chanteur-compositeur et musicien-, en tant que dessinateur de presse. Pierre Goldman (juin 44-septembre 1979) fut militant d\u2019extr\u00eame gauche. Il fut accus\u00e9 de trois agressions \u00e0 main arm\u00e9e et du meurtre en d\u00e9cembre 1969 de deux pharmaciennes lors d\u2019une tentative de hold-up. Il est condamn\u00e9 \u00e0 la r\u00e9clusion criminelle \u00e0 perp\u00e9tuit\u00e9 en d\u00e9cembre 1974. Le jugement est cass\u00e9 en 1975 pour vice de forme et Pierre Goldman est acquitt\u00e9 en 1976. Il \u00e9crit, durant sa d\u00e9tention, \u2018Souvenirs obscurs d\u2019un juif polonais n\u00e9 en France\u2019 qui obtient un vif succ\u00e8s. Il a collabor\u00e9 en tant que journaliste \u00e0 Lib\u00e9ration. Il est assassin\u00e9 en 1979. L\u2019acte est revendiqu\u00e9 par \u2018Honneur de la Police\u2019, un groupuscule d\u2019extr\u00eame droite, mais son assassinat n\u2019a pas \u00e9t\u00e9 \u00e9lucid\u00e9.<\/p>\n<p><strong>Les infos pratiques<\/strong><br \/>Sorj Chalandon. Tourn\u00e9es g\u00e9n\u00e9rales en librairies. Le livre des Kells. Mercredi 27 ao\u00fbt. 18h ouverture des portes. 18h30 rencontre et d\u00e9dicaces. Chez Eric Dumas. Librairie Lettres vives. 60, rue des Halles \u00e0 Tarascon. R\u00e9servation obligatoire. 04 90 91 00 10. <\/p><\/p>\n","protected":false},"excerpt":{"rendered":"Sorj Chalandon, journaliste et \u00e9crivain de grand renom sera re\u00e7u \u00e0 la Librairie Lettres vives, chez Eric Dumas&hellip;\n","protected":false},"author":2,"featured_media":298284,"comment_status":"","ping_status":"","sticky":false,"template":"","format":"standard","meta":{"footnotes":""},"categories":[1357],"tags":[1379,58,59,1011,27,1380],"class_list":{"0":"post-298283","1":"post","2":"type-post","3":"status-publish","4":"format-standard","5":"has-post-thumbnail","7":"category-livres","8":"tag-books","9":"tag-divertissement","10":"tag-entertainment","11":"tag-fr","12":"tag-france","13":"tag-livres"},"share_on_mastodon":{"url":"https:\/\/pubeurope.com\/@fr\/114976700847478024","error":""},"_links":{"self":[{"href":"https:\/\/www.europesays.com\/fr\/wp-json\/wp\/v2\/posts\/298283","targetHints":{"allow":["GET"]}}],"collection":[{"href":"https:\/\/www.europesays.com\/fr\/wp-json\/wp\/v2\/posts"}],"about":[{"href":"https:\/\/www.europesays.com\/fr\/wp-json\/wp\/v2\/types\/post"}],"author":[{"embeddable":true,"href":"https:\/\/www.europesays.com\/fr\/wp-json\/wp\/v2\/users\/2"}],"replies":[{"embeddable":true,"href":"https:\/\/www.europesays.com\/fr\/wp-json\/wp\/v2\/comments?post=298283"}],"version-history":[{"count":0,"href":"https:\/\/www.europesays.com\/fr\/wp-json\/wp\/v2\/posts\/298283\/revisions"}],"wp:featuredmedia":[{"embeddable":true,"href":"https:\/\/www.europesays.com\/fr\/wp-json\/wp\/v2\/media\/298284"}],"wp:attachment":[{"href":"https:\/\/www.europesays.com\/fr\/wp-json\/wp\/v2\/media?parent=298283"}],"wp:term":[{"taxonomy":"category","embeddable":true,"href":"https:\/\/www.europesays.com\/fr\/wp-json\/wp\/v2\/categories?post=298283"},{"taxonomy":"post_tag","embeddable":true,"href":"https:\/\/www.europesays.com\/fr\/wp-json\/wp\/v2\/tags?post=298283"}],"curies":[{"name":"wp","href":"https:\/\/api.w.org\/{rel}","templated":true}]}}