{"id":298285,"date":"2025-08-05T14:46:09","date_gmt":"2025-08-05T14:46:09","guid":{"rendered":"https:\/\/www.europesays.com\/fr\/298285\/"},"modified":"2025-08-05T14:46:09","modified_gmt":"2025-08-05T14:46:09","slug":"programmation-evenementielle-pour-la-commemoration-des-bombardements-atomiques-de-hiroshima-et-de-nagasaki-francetelevisions-fr","status":"publish","type":"post","link":"https:\/\/www.europesays.com\/fr\/298285\/","title":{"rendered":"Programmation \u00e9v\u00e9nementielle pour la comm\u00e9moration des bombardements atomiques de Hiroshima et de Nagasaki &#8211; francetelevisions.fr"},"content":{"rendered":"<ol>\n<li><a href=\"https:\/\/news.google.com\/rss\/articles\/CBMi_AFBVV95cUxQZjBLTTJkcmNYVDJ2bFRlYUtXRXZUaHgxa0h2b3oxOHd2WWt1V21BcFVYZjZyZ2dWSlFxZWZsRldfNmNrWFNYUWdNQ1lpakNxcjFXa0pONzZQRHN3OGh2NE5RZVZ4dU9QeHZ1RFhfb1I5VUdfY19FdFZKUi1WSExsRFlyMndac0xMSm01N2hNX0NNdkFtZTFPemJWa2J2UEpwb3JUSm1JUmFsa1BFc3JaZ21vSmRuUFpCdXdMUGUxYTlkTktlOC1xc0lBZ2NheERLUGg4NmRCWnFuOXFzM25LV3lBLThDb3VpQklNM2ZDeXZibUVHTXNrSWowcEY?oc=5\" target=\"_blank\" rel=\"nofollow noopener\">Programmation \u00e9v\u00e9nementielle pour la comm\u00e9moration des bombardements atomiques de Hiroshima et de Nagasaki<\/a>&nbsp;&nbsp;francetelevisions.fr<\/li>\n<li><a href=\"https:\/\/news.google.com\/rss\/articles\/CBMi0AFBVV95cUxOdUZIbDFPVk5femlfTGZlbzhwVXJmaTlzdnBrM21pMW9DZVlqRHJuVmVidEF1QWtObkM2TUpGbjFEbE5QWEVmcHlFbHMzemRuajh0WVpfbGVqQ1VuSURnMU5sckx1VkU0aHBhQXpBemx5OWRTRnY0MGxTaEpQNXdWb2JNQUdDY25yRTkzbjhoclhYMVJUUjA2MlpwN09HcHpPb3ZCRUc4bElzdzlBdmVhQ2ZlUnJfbGRUWXBfNGk4ZHg0ZzVFY01ZMXducjRORmhP?oc=5\" target=\"_blank\" rel=\"nofollow noopener\">La France a-t-elle oubli\u00e9 Hiroshima et Nagasaki ?<\/a>&nbsp;&nbsp;Lib\u00e9ration<\/li>\n<li><a href=\"https:\/\/news.google.com\/rss\/articles\/CBMi1gFBVV95cUxPeDJwRU5oYXFueElaUDdKQlZRSXpmX18tRWdnSWxMaE81NFByTXBnMmEtRjFTYU5TdDBqcTFUdnhyZHBMak8zbmRuZDJKWEJDN1VOc0Y4Y3g1VENDaVZNZVpDd0hoQ2h4MHJKMFczT2twTU4xRWQ3dHZpTjA5NVd3Z3N6bVJpVm9MSkVac25kdGxiQkJteTJxZ1phX2JjZFlWa2pNYlMyZll2WUlyeFM1Ml9iYXAwS3NiYUlISmRqV2pvdVRwYVdEcnhmWGUxRFlKXzN5Y3FB?oc=5\" target=\"_blank\" rel=\"nofollow noopener\">Hiroshima, 80 ans apr\u00e8s : au Japon, le d\u00e9bat sur l\u2019arme nucl\u00e9aire n\u2019est plus tabou<\/a>&nbsp;&nbsp;L&rsquo;Express<\/li>\n<li><a href=\"https:\/\/news.google.com\/rss\/articles\/CBMivAJBVV95cUxObUM5ME92WkNNZ2tSOW94c0tXcUVRUVZQZk11Y0pvTkpyRWxmSF9KUlBkSGd1Ql9EOXBsN3RScGNtdDJZNkdNODVydTlDWmU5RDVKb3dJbVJYbUJQTmNZd1dyUXhDVVgwcGxfT3FQeFVRcG9oRjZuLVM0eGp0U2t6RzRxNjZ2Y1VYTzJEZ1JuU3NucGVhcExwNU9hOC14UE9Kcm1yYWRsUmJyZTh0SkxHajVOaEhwbUN4NzJmUHlyMGhxSXBYMUE5TFN4dEMtY2dGaXozNURLbllWd2ZqQ3JtVC0zNF9ISWdybWpCbkhUSjBCTXdVMllWVGd5QzZpMlBjd3N5dlJrVlJQLTFNQTZnSWF2U2FSQWtjb2JrcUQ2MkJoc0dQRWx1VzIzZ3o5TDRPeGgxbFNDdTl6djNx?oc=5\" target=\"_blank\" rel=\"nofollow noopener\">\u00ab\u00a0Le plus grand pari scientifique de l&rsquo;histoire\u00a0\u00bb : un documentaire retrace la course \u00e0 l&rsquo;arme nucl\u00e9aire jusqu&rsquo;aux bombardements d&rsquo;Hiroshima et de Nagasaki<\/a>&nbsp;&nbsp;France Info<\/li>\n<li><a href=\"https:\/\/news.google.com\/rss\/articles\/CBMi6gFBVV95cUxPS19YbGJ6R09YekZWYmRBOXJpal90SUxJaG9rNWxIWEcyc0tRTldsUXdzTGVaeUlNVldvRjMwdGVwQnN3ZHFtSDVaTnpUdXFhTWZPOUJfS2hwMWQzNHpQSFRZM00td3BkRlJvU3dfUTRVZzhGU1o5bTllaVVUT1JxNnZuenpPWUVNMkNIRVJTNmFYeHo4R2pxZ0Y1bHRIZWNwcEdXZS0tVjN5eUZ0ZDFPcG5DS3RETk5LTmpNVkhEcDhWc19XWkZMbW5aZmtVbFgyOGNoSk1jWERhMEQ3RDFYeVl4RVh1bHdNX3c?oc=5\" target=\"_blank\" rel=\"nofollow noopener\">Un accordeur japonais et un pianiste am\u00e9ricain redonnent vie \u00e0 des pianos touch\u00e9s lors du bombardement d\u2019Hiroshima<\/a>&nbsp;&nbsp;Radio Classique<\/li>\n<\/ol>\n","protected":false},"excerpt":{"rendered":"Programmation \u00e9v\u00e9nementielle pour la comm\u00e9moration des bombardements atomiques de Hiroshima et de Nagasaki&nbsp;&nbsp;francetelevisions.fr La France a-t-elle oubli\u00e9 Hiroshima&hellip;\n","protected":false},"author":2,"featured_media":1445,"comment_status":"","ping_status":"","sticky":false,"template":"","format":"standard","meta":{"footnotes":""},"categories":[1356],"tags":[58,59,1011,27,252,1364],"class_list":{"0":"post-298285","1":"post","2":"type-post","3":"status-publish","4":"format-standard","5":"has-post-thumbnail","7":"category-television","8":"tag-divertissement","9":"tag-entertainment","10":"tag-fr","11":"tag-france","12":"tag-television","13":"tag-tv"},"share_on_mastodon":{"url":"https:\/\/pubeurope.com\/@fr\/114976704666644916","error":""},"_links":{"self":[{"href":"https:\/\/www.europesays.com\/fr\/wp-json\/wp\/v2\/posts\/298285","targetHints":{"allow":["GET"]}}],"collection":[{"href":"https:\/\/www.europesays.com\/fr\/wp-json\/wp\/v2\/posts"}],"about":[{"href":"https:\/\/www.europesays.com\/fr\/wp-json\/wp\/v2\/types\/post"}],"author":[{"embeddable":true,"href":"https:\/\/www.europesays.com\/fr\/wp-json\/wp\/v2\/users\/2"}],"replies":[{"embeddable":true,"href":"https:\/\/www.europesays.com\/fr\/wp-json\/wp\/v2\/comments?post=298285"}],"version-history":[{"count":0,"href":"https:\/\/www.europesays.com\/fr\/wp-json\/wp\/v2\/posts\/298285\/revisions"}],"wp:featuredmedia":[{"embeddable":true,"href":"https:\/\/www.europesays.com\/fr\/wp-json\/wp\/v2\/media\/1445"}],"wp:attachment":[{"href":"https:\/\/www.europesays.com\/fr\/wp-json\/wp\/v2\/media?parent=298285"}],"wp:term":[{"taxonomy":"category","embeddable":true,"href":"https:\/\/www.europesays.com\/fr\/wp-json\/wp\/v2\/categories?post=298285"},{"taxonomy":"post_tag","embeddable":true,"href":"https:\/\/www.europesays.com\/fr\/wp-json\/wp\/v2\/tags?post=298285"}],"curies":[{"name":"wp","href":"https:\/\/api.w.org\/{rel}","templated":true}]}}