{"id":298286,"date":"2025-08-05T14:47:10","date_gmt":"2025-08-05T14:47:10","guid":{"rendered":"https:\/\/www.europesays.com\/fr\/298286\/"},"modified":"2025-08-05T14:47:10","modified_gmt":"2025-08-05T14:47:10","slug":"je-voulais-pas-en-arriver-la-mais-bon-gims-affiche-la-somme-astronomique-que-lui-doit-la-fouine-et-regle-ses-comptes","status":"publish","type":"post","link":"https:\/\/www.europesays.com\/fr\/298286\/","title":{"rendered":"\u00ab\u00a0Je voulais pas en arriver l\u00e0 mais bon\u00a0\u00bb, Gims affiche la somme astronomique que lui doit La Fouine et r\u00e8gle ses comptes"},"content":{"rendered":"<p>      R\u00e9sum\u00e9<\/p>\n<p>Gims r\u00e9v\u00e8le publiquement une dette importante que lui doit La Fouine, d\u00e9non\u00e7ant son silence et des promesses non tenues malgr\u00e9 leurs diff\u00e9rends depuis plusieurs ann\u00e9es.<\/p>\n<p>        Sommaire<\/p>\n<p>Le chanteur Gims en a assez. Dans une s\u00e9rie de stories partag\u00e9es sur son compte Instagram ce lundi, <a href=\"https:\/\/www.public.fr\/mort-de-werenoi-gims-son-frere-brise-enfin-le-silence\" target=\"_blank\" rel=\"noopener\">le rappeur de 39 ans<\/a><strong> a affich\u00e9 le diff\u00e9rend qui l&rsquo;oppose \u00e0 La Fouine depuis plusieurs ann\u00e9es<\/strong>. Selon les accusations prof\u00e9r\u00e9es, La Fouine aurait une importante dette \u00e0 r\u00e9gler, mais jouerait la montre. Pire encore, il ne donnerait plus aucun signe de vie au <a href=\"https:\/\/www.public.fr\/ca-nous-a-divises-maitre-gims-en-froid-avec-dadju-ses-surprenantes-revelations\" target=\"_blank\" rel=\"noopener\">fr\u00e8re de Dadju<\/a>. Las, ce dernier a finalement d\u00e9cid\u00e9 de <strong>l&rsquo;afficher publiquement, afin de le pousser \u00e0 sortir du bois<\/strong>&#8230;<\/p>\n<p>\u00ab\u00a0La Fouine, tu es difficile \u00e0 joindre. <strong>J&rsquo;aimerais r\u00e9cup\u00e9rer les 70 000 euros que tu me dois s&rsquo;il te pla\u00eet<\/strong>. Je ne voulais pas en arriver l\u00e0, mais bon, ici, c&rsquo;est s\u00fbr que tu vas lire\u00a0\u00bb a \u00e9crit Gims en story. Le chanteur <a href=\"https:\/\/vsd.fr\/82549-gims-refuse-de-divorcer-davec-demdem-et-le-lui-fait-savoir-en-story-instagram\/\" target=\"_blank\" rel=\"noopener\">en instance de divorce<\/a> a encha\u00een\u00e9 les piques en reprochant \u00e0 son ancien ami de vanter une \u00e9ventuelle fortune dans son \u0153uvre, alors m\u00eame <strong>qu&rsquo;il serait selon lui surendett\u00e9<\/strong> et dans l&rsquo;incapacit\u00e9 d&rsquo;honorer ses engagements&#8230;<br \/>\u00ab\u00a0Arr\u00eate de parler d&rsquo;oseille, de millions dans tes sons stp. <strong>Viens d\u00e9j\u00e0 payer le studio, les employ\u00e9s, merci<\/strong>\u00a0\u00bb a ainsi tanc\u00e9 Gims. Dans une seconde story, le rappeur a tenu \u00e0 clarifier la raison de sa sortie publique : \u00ab\u00a0C&rsquo;est pas du buzz, c&rsquo;est pas un feat qui se pr\u00e9pare. <strong>J&rsquo;ai refus\u00e9 14 fois de chanter avec lui depuis Sexion d&rsquo;Assaut. Il insiste<\/strong>. Je ne veux pas chanter avec toi La Fouine, t&rsquo;arrives \u00e0 lire \u00e7a. Donc stp, ram\u00e8ne le zingu\u00e9 (sic)\u00a0\u00bb.<\/p>\n<p>Gims affiche une vid\u00e9o d&rsquo;il y a dix ans&#8230; lourde de sens<\/p>\n<p>Dans une derni\u00e8re story coup de poing, Gims a relay\u00e9 une interview que son rival a accord\u00e9e en 2016. Dans celle-ci, <a href=\"https:\/\/www.public.fr\/public-buzz-booba-vs-la-fouine-c-est-reparti-et-c-est-violent\" target=\"_blank\" rel=\"noopener\">le chanteur en conflit avec Booba<\/a> \u00e9galement affirmait \u00eatre <strong>devenu millionnaire<\/strong> gr\u00e2ce \u00e0 ses sons, mais aussi <strong>gr\u00e2ce \u00e0 des investissements immobiliers juteux<\/strong>, qu&rsquo;il avait faits au bon moment&#8230;<\/p>\n<p>\u00ab\u00a0<strong>Depuis quinze ans, je gagne de l&rsquo;argent<\/strong>. Et puis, Dieu merci, j&rsquo;ai \u00e9t\u00e9 tr\u00e8s intelligent avec cet argent. Ce n&rsquo;est pas de l&rsquo;argent que je flambe ou que je crame \u00e0 m&rsquo;acheter \u00e7a ou m&rsquo;acheter \u00e7a. <strong>J&rsquo;ai des rentes qui rentrent<\/strong> (&#8230;) Je suis un homme d&rsquo;affaires. Aujourd&rsquo;hui, je parle avec toi et j&rsquo;ai de l&rsquo;argent qui rentre\u00a0\u00bb avait ainsi vant\u00e9 le rappeur.<\/p>\n<p>      Mentionn\u00e9s dans cet article<\/p>\n<p>      Sur le m\u00eame sujet<\/p>\n","protected":false},"excerpt":{"rendered":"R\u00e9sum\u00e9 Gims r\u00e9v\u00e8le publiquement une dette importante que lui doit La Fouine, d\u00e9non\u00e7ant son silence et des promesses&hellip;\n","protected":false},"author":2,"featured_media":298287,"comment_status":"","ping_status":"","sticky":false,"template":"","format":"standard","meta":{"footnotes":""},"categories":[1355],"tags":[1261,12232,6327,58,59,1011,27,43842,16676,1361,873],"class_list":{"0":"post-298286","1":"post","2":"type-post","3":"status-publish","4":"format-standard","5":"has-post-thumbnail","7":"category-musique","8":"tag-argent","9":"tag-clash","10":"tag-dette","11":"tag-divertissement","12":"tag-entertainment","13":"tag-fr","14":"tag-france","15":"tag-la-fouine","16":"tag-maitre-gims","17":"tag-music","18":"tag-musique"},"share_on_mastodon":{"url":"https:\/\/pubeurope.com\/@fr\/114976708580497679","error":""},"_links":{"self":[{"href":"https:\/\/www.europesays.com\/fr\/wp-json\/wp\/v2\/posts\/298286","targetHints":{"allow":["GET"]}}],"collection":[{"href":"https:\/\/www.europesays.com\/fr\/wp-json\/wp\/v2\/posts"}],"about":[{"href":"https:\/\/www.europesays.com\/fr\/wp-json\/wp\/v2\/types\/post"}],"author":[{"embeddable":true,"href":"https:\/\/www.europesays.com\/fr\/wp-json\/wp\/v2\/users\/2"}],"replies":[{"embeddable":true,"href":"https:\/\/www.europesays.com\/fr\/wp-json\/wp\/v2\/comments?post=298286"}],"version-history":[{"count":0,"href":"https:\/\/www.europesays.com\/fr\/wp-json\/wp\/v2\/posts\/298286\/revisions"}],"wp:featuredmedia":[{"embeddable":true,"href":"https:\/\/www.europesays.com\/fr\/wp-json\/wp\/v2\/media\/298287"}],"wp:attachment":[{"href":"https:\/\/www.europesays.com\/fr\/wp-json\/wp\/v2\/media?parent=298286"}],"wp:term":[{"taxonomy":"category","embeddable":true,"href":"https:\/\/www.europesays.com\/fr\/wp-json\/wp\/v2\/categories?post=298286"},{"taxonomy":"post_tag","embeddable":true,"href":"https:\/\/www.europesays.com\/fr\/wp-json\/wp\/v2\/tags?post=298286"}],"curies":[{"name":"wp","href":"https:\/\/api.w.org\/{rel}","templated":true}]}}