{"id":29829,"date":"2025-04-16T19:31:19","date_gmt":"2025-04-16T19:31:19","guid":{"rendered":"https:\/\/www.europesays.com\/fr\/29829\/"},"modified":"2025-04-16T19:31:19","modified_gmt":"2025-04-16T19:31:19","slug":"des-promesses-de-2017-a-laffaire-amir-dz-retour-sur-huit-ans-de-relations-bilaterales-houleuses-liberation","status":"publish","type":"post","link":"https:\/\/www.europesays.com\/fr\/29829\/","title":{"rendered":"des promesses de\u00a02017 \u00e0 l\u2019affaire Amir DZ, retour sur huit\u00a0ans de relations bilat\u00e9rales houleuses \u2013 Lib\u00e9ration"},"content":{"rendered":"<p class=\"sc-cPiKLX AiZTS text-element\">Le r\u00e9chauffement aura dur\u00e9 une toute petite quinzaine de jours. La crise entre l\u2019Alg\u00e9rie et la France rebondit en ce d\u00e9but de semaine apr\u00e8s la mise en examen de trois personnes, dont un agent du consulat d\u2019Alg\u00e9rie \u00e0 Cr\u00e9teil, dans l\u2019enqu\u00eate sur<a href=\"https:\/\/www.liberation.fr\/societe\/police-justice\/enlevement-dun-influenceur-algerien-en-france-ouverture-dune-information-judiciaire-20250411_Z3YEJCKEIZAUDNZYA4MJP6FRVM\/?redirected=1\" target=\"_blank\" rel=\"nofollow noopener\"> l\u2019enl\u00e8vement d\u2019un influenceur alg\u00e9rien, Amir DZ<\/a>, au printemps\u00a02024. Le ton est mont\u00e9 lundi 14\u00a0avril entre Paris et Alger, effa\u00e7ant la reprise<a href=\"https:\/\/www.liberation.fr\/international\/afrique\/entre-la-france-et-lalgerie-le-debut-de-la-fin-de-la-crise-20250401_TTK4DEBQF5EN7IZCSKVLQL4HOI\/\" target=\"_blank\" rel=\"nofollow noopener\"> d\u2019un dialogue au sommet <\/a>entre Emmanuel Macron et Abdelmadjid Tebboune et la visite du chef de la diplomatie \u00e0 Alger, le 6\u00a0avril. A son arriv\u00e9e au pouvoir, en\u00a02017, le pr\u00e9sident fran\u00e7ais avait pourtant l\u2019ambition de r\u00e9ussir l\u00e0 o\u00f9 ses pr\u00e9d\u00e9cesseurs avaient \u00e9chou\u00e9, en cherchant \u00e0 r\u00e9concilier les m\u00e9moires et \u00e0 panser les blessures du pass\u00e9. Retour en 15 dates sur une relation contrari\u00e9e.<\/p>\n<p class=\"sc-cPiKLX AiZTS text-element\">En r\u00e9ponse \u00e0 la d\u00e9cision de l\u2019Alg\u00e9rie d\u2019expulser 12 agents de l\u2019ambassade de France, Emmanuel Macron d\u00e9cide d\u2019expulser \u00e0 son tour \u00abdouze agents servant dans le r\u00e9seau consulaire et diplomatique alg\u00e9rien en France\u00bb et de rappeler pour consultations l\u2019ambassadeur fran\u00e7ais \u00e0 Alger St\u00e9phane Romatet, annonce l\u2019Elys\u00e9e<\/p>\n","protected":false},"excerpt":{"rendered":"Le r\u00e9chauffement aura dur\u00e9 une toute petite quinzaine de jours. La crise entre l\u2019Alg\u00e9rie et la France rebondit&hellip;\n","protected":false},"author":2,"featured_media":29830,"comment_status":"","ping_status":"","sticky":false,"template":"","format":"standard","meta":{"footnotes":""},"categories":[4],"tags":[3185,11,15,1013,1073,1011,27,432,12,25],"class_list":{"0":"post-29829","1":"post","2":"type-post","3":"status-publish","4":"format-standard","5":"has-post-thumbnail","7":"category-france","8":"tag-abdelmadjid-tebboune","9":"tag-actualites","10":"tag-algerie","11":"tag-bruno-retailleau","12":"tag-emmanuel-macron","13":"tag-fr","14":"tag-france","15":"tag-gerald-darmanin","16":"tag-news","17":"tag-republique-francaise"},"share_on_mastodon":{"url":"https:\/\/pubeurope.com\/@fr\/114349308842748156","error":""},"_links":{"self":[{"href":"https:\/\/www.europesays.com\/fr\/wp-json\/wp\/v2\/posts\/29829","targetHints":{"allow":["GET"]}}],"collection":[{"href":"https:\/\/www.europesays.com\/fr\/wp-json\/wp\/v2\/posts"}],"about":[{"href":"https:\/\/www.europesays.com\/fr\/wp-json\/wp\/v2\/types\/post"}],"author":[{"embeddable":true,"href":"https:\/\/www.europesays.com\/fr\/wp-json\/wp\/v2\/users\/2"}],"replies":[{"embeddable":true,"href":"https:\/\/www.europesays.com\/fr\/wp-json\/wp\/v2\/comments?post=29829"}],"version-history":[{"count":0,"href":"https:\/\/www.europesays.com\/fr\/wp-json\/wp\/v2\/posts\/29829\/revisions"}],"wp:featuredmedia":[{"embeddable":true,"href":"https:\/\/www.europesays.com\/fr\/wp-json\/wp\/v2\/media\/29830"}],"wp:attachment":[{"href":"https:\/\/www.europesays.com\/fr\/wp-json\/wp\/v2\/media?parent=29829"}],"wp:term":[{"taxonomy":"category","embeddable":true,"href":"https:\/\/www.europesays.com\/fr\/wp-json\/wp\/v2\/categories?post=29829"},{"taxonomy":"post_tag","embeddable":true,"href":"https:\/\/www.europesays.com\/fr\/wp-json\/wp\/v2\/tags?post=29829"}],"curies":[{"name":"wp","href":"https:\/\/api.w.org\/{rel}","templated":true}]}}