{"id":298290,"date":"2025-08-05T14:49:14","date_gmt":"2025-08-05T14:49:14","guid":{"rendered":"https:\/\/www.europesays.com\/fr\/298290\/"},"modified":"2025-08-05T14:49:14","modified_gmt":"2025-08-05T14:49:14","slug":"comment-la-grippe-ou-le-covid-19-peuvent-reveiller-des-cellules-dormantes","status":"publish","type":"post","link":"https:\/\/www.europesays.com\/fr\/298290\/","title":{"rendered":"comment la grippe ou le Covid-19 peuvent r\u00e9veiller des cellules dormantes"},"content":{"rendered":"<p>            Par<br \/>\n        <strong><br \/>\n            <a href=\"https:\/\/actu.fr\/auteur\/redaction-actu\" title=\"Consulter tous les articles de R\u00e9daction Actu\" target=\"_blank\" rel=\"noopener\">R\u00e9daction Actu<\/a><br \/>\n        <\/strong><\/p>\n<p>        Publi\u00e9 le<\/p>\n<p>            5 ao\u00fbt 2025 \u00e0 5h02        <\/p>\n<p>La grippe, le Covid-19\u2026 Les infections respiratoires sont-elles capables de r\u00e9veiller des cellules canc\u00e9reuses dormantes ? C\u2019est ce que sugg\u00e8re une \u00e9tude de l\u2019Universit\u00e9 du Colorado, du Centre de canc\u00e9rologie Montefiore Einstein (MECCC) et de l\u2019Universit\u00e9 d\u2019Utrecht (Pays-Bas) publi\u00e9e le 30 juillet 2025 dans la revue Nature. Selon des r\u00e9sultats obtenus chez la souris, la <a href=\"https:\/\/actu.fr\/tag\/grippe\" target=\"_blank\" rel=\"noopener\">grippe<\/a> et le <a href=\"https:\/\/actu.fr\/coronavirus\" target=\"_blank\" rel=\"noopener\">Covid-19<\/a> ont r\u00e9activ\u00e9 des cellules canc\u00e9reuses du sein dormantes et qui s\u2019\u00e9taient propag\u00e9es aux poumons.<\/p>\n<p class=\" wall-content\">Ce travail est associ\u00e9 \u00e0 des recherches qui ont effectivement montr\u00e9 une augmentation de la mortalit\u00e9 et des m\u00e9tastases pulmonaires chez les survivants du <a href=\"https:\/\/actu.fr\/tag\/cancer\" target=\"_blank\" rel=\"noopener\">cancer<\/a> infect\u00e9s par le SARS-CoV-2, le virus responsable du Covid-19.<\/p>\n<p>Des virus capables de raviver les braises<\/p>\n<p class=\" wall-content\">De pr\u00e9c\u00e9dents travaux sugg\u00e9raient que le processus inflammatoire pouvait r\u00e9veiller des cellules canc\u00e9reuses diss\u00e9min\u00e9es (CCD) rest\u00e9es dormantes durant de longues p\u00e9riodes.<\/p>\n<p class=\" wall-content\">Il s\u2019agit de cellules qui se sont d\u00e9tach\u00e9es d\u2019une tumeur primaire pour gagner d\u2019autres organes \u00e0 distance. \u00a0\u00ab Pendant la pand\u00e9mie de Covid-19, des rapports anecdotiques ont sugg\u00e9r\u00e9 une possible augmentation des taux de mortalit\u00e9 par cancer, renfor\u00e7ant l\u2019hypoth\u00e8se selon laquelle une inflammation s\u00e9v\u00e8re pourrait contribuer \u00e0 r\u00e9veiller les CCD dormantes \u00bb, d\u00e9clare dans un communiqu\u00e9 le Dr Aguirre-Ghiso, co-directeur de l\u2019\u00e9tude.<\/p>\n<p class=\" wall-content\">Pour v\u00e9rifier cette hypoth\u00e8se, les chercheurs l\u2019ont test\u00e9e sur des mod\u00e8les murins pr\u00e9sentant un cancer du sein m\u00e9tastatique ainsi que des CCD dormantes dans les poumons.<\/p>\n<p class=\" wall-content\">Les souris ont \u00e9t\u00e9 expos\u00e9es au SARS-CoV-2 ou au virus de la grippe. Dans les deux cas, les infections respiratoires ont r\u00e9veill\u00e9 les CCD dormantes.<\/p>\n<p class=\" wall-content\">R\u00e9sultats ? Une prolif\u00e9ration massive de cellules m\u00e9tastatiques quelques jours apr\u00e8s l\u2019infection et l\u2019apparition de l\u00e9sions m\u00e9tastatiques en deux semaines.<\/p>\n<p class=\" wall-content\">\u00ab Les cellules canc\u00e9reuses dormantes sont comparables aux braises d\u2019un feu de camp abandonn\u00e9, et les virus respiratoires sont comparables \u00e0 un vent violent qui rallume les flammes \u00bb, r\u00e9sume le Dr DeGregori, auteur principal de l\u2019\u00e9tude.<\/p>\n<p>Une nouvelle cible th\u00e9rapeutique ?<\/p>\n<p class=\" wall-content\">Au c\u0153ur du m\u00e9canisme, l\u2019interleukine 6, cette prot\u00e9ine lib\u00e9r\u00e9e par les cellules immunitaires en cas de blessure ou d\u2019infection. \u00ab L\u2019identification de l\u2019IL-6 comme m\u00e9diateur cl\u00e9 du r\u00e9veil des CCD sugg\u00e8re que l\u2019utilisation d\u2019inhibiteurs de l\u2019IL-6 ou d\u2019autres immunoth\u00e9rapies cibl\u00e9es pourrait pr\u00e9venir ou att\u00e9nuer la r\u00e9surgence des m\u00e9tastases apr\u00e8s une infection virale \u00bb, note le Dr Aguirre-Ghiso.<\/p>\n<p class=\" wall-content\">L\u2019\u00e9quipe de chercheurs a pu confirmer leurs d\u00e9couvertes en analysant deux grandes bases de donn\u00e9es. La UK Biobank, une cohorte de population g\u00e9n\u00e9rale dont plus de 500 000 participants ont re\u00e7u un diagnostic de cancer.<\/p>\n<p class=\" wall-content\">Les scientifiques se sont concentr\u00e9s sur les survivants du cancer diagnostiqu\u00e9s au moins cinq ans avant la pand\u00e9mie, ce qui leur a permis de s\u2019assurer qu\u2019ils \u00e9taient probablement en r\u00e9mission. Parmi eux, 487 personnes ont \u00e9t\u00e9 test\u00e9es positives au Covid-19, puis compar\u00e9es \u00e0 4 350 t\u00e9moins dont le test \u00e9tait n\u00e9gatif.<\/p>\n<p class=\" wall-content\">Apr\u00e8s avoir exclu les patients qui avaient re\u00e7u un diagnostic de cancer et \u00e9taient d\u00e9c\u00e9d\u00e9s du Covid, les chercheurs ont constat\u00e9 que les patients qui avaient re\u00e7u un diagnostic de cancer, test\u00e9s positifs au Covid, pr\u00e9sentaient un <strong>risque presque doubl\u00e9 de d\u00e9c\u00e9der d\u2019un cancer<\/strong> par rapport aux patients qui aient \u00e9t\u00e9 atteints d\u2019un cancer et test\u00e9s n\u00e9gatifs au Covid.<\/p>\n<p>50 % de risque suppl\u00e9mentaire de d\u00e9velopper des m\u00e9tastases pulmonaires<\/p>\n<p class=\" wall-content\">La deuxi\u00e8me \u00e9tude de population s\u2019appuie sur les donn\u00e9es de Flatiron Health, une start-up qui empile des millions de donn\u00e9es cliniques de patients atteints d\u2019un cancer.<\/p>\n<p class=\" wall-content\">Les chercheurs ont extrait les donn\u00e9es de patientes atteintes d\u2019un cancer du sein et suivies dans 280 centres anti-cancer aux \u00c9tats-Unis et ont compar\u00e9 les m\u00e9tastases pulmonaires chez les patientes positives et n\u00e9gatives \u00e0 la Covid.<\/p>\n<p class=\" wall-content\">Selon les r\u00e9sultats, les patientes ayant contract\u00e9 le virus du SARS-CoV-2 pr\u00e9sentaient un risque pr\u00e8s de 50 % sup\u00e9rieur de d\u00e9velopper des m\u00e9tastases pulmonaires par rapport aux patientes atteintes d\u2019un cancer du sein sans diagnostic de Covid-19.<\/p>\n<p class=\" wall-content\">\u00ab\u00a0En comprenant les m\u00e9canismes sous-jacents, nous travaillerons activement \u00e0 la mise au point d\u2019interventions permettant de limiter le risque de progression m\u00e9tastatique chez les survivants du cancer qui souffrent d\u2019infections virales respiratoires. Nous pr\u00e9voyons \u00e9galement d\u2019\u00e9tendre nos analyses, tant sur des mod\u00e8les animaux que par l\u2019exploration de donn\u00e9es cliniques, \u00e0 d\u2019autres types de cancer et \u00e0 d\u2019autres sites de m\u00e9tastases,\u00a0note le Dr DeGregori.<\/p>\n<p class=\" wall-content\"><strong>Avec Destination Sant\u00e9<\/strong><\/p>\n<p class=\" wall-content\">Suivez toute l\u2019actualit\u00e9 de vos villes et m\u00e9dias favoris en vous inscrivant \u00e0 <a href=\"https:\/\/moncompte.actu.fr\" title=\"D\u00e9couvez Mon Actu\" rel=\"nofollow noopener\" data-trk=\"{&quot;cta&quot;:{&quot;action&quot;:&quot;https:\\\/\\\/moncompte.actu.fr&quot;,&quot;category&quot;:&quot;mon compte&quot;,&quot;from&quot;:&quot;article footer&quot;,&quot;name&quot;:&quot;Mon actu&quot;,&quot;type&quot;:&quot;cta&quot;}}\" target=\"_blank\">Mon Actu<\/a>.<\/p>\n","protected":false},"excerpt":{"rendered":"Par R\u00e9daction Actu Publi\u00e9 le 5 ao\u00fbt 2025 \u00e0 5h02 La grippe, le Covid-19\u2026 Les infections respiratoires sont-elles&hellip;\n","protected":false},"author":2,"featured_media":298291,"comment_status":"","ping_status":"","sticky":false,"template":"","format":"standard","meta":{"footnotes":""},"categories":[10],"tags":[101,4379,1011,27,72,71,104],"class_list":{"0":"post-298290","1":"post","2":"type-post","3":"status-publish","4":"format-standard","5":"has-post-thumbnail","7":"category-sante","8":"tag-cancer","9":"tag-coronavirus-covid","10":"tag-fr","11":"tag-france","12":"tag-health","13":"tag-sante","14":"tag-societe"},"share_on_mastodon":{"url":"https:\/\/pubeurope.com\/@fr\/114976716406118969","error":""},"_links":{"self":[{"href":"https:\/\/www.europesays.com\/fr\/wp-json\/wp\/v2\/posts\/298290","targetHints":{"allow":["GET"]}}],"collection":[{"href":"https:\/\/www.europesays.com\/fr\/wp-json\/wp\/v2\/posts"}],"about":[{"href":"https:\/\/www.europesays.com\/fr\/wp-json\/wp\/v2\/types\/post"}],"author":[{"embeddable":true,"href":"https:\/\/www.europesays.com\/fr\/wp-json\/wp\/v2\/users\/2"}],"replies":[{"embeddable":true,"href":"https:\/\/www.europesays.com\/fr\/wp-json\/wp\/v2\/comments?post=298290"}],"version-history":[{"count":0,"href":"https:\/\/www.europesays.com\/fr\/wp-json\/wp\/v2\/posts\/298290\/revisions"}],"wp:featuredmedia":[{"embeddable":true,"href":"https:\/\/www.europesays.com\/fr\/wp-json\/wp\/v2\/media\/298291"}],"wp:attachment":[{"href":"https:\/\/www.europesays.com\/fr\/wp-json\/wp\/v2\/media?parent=298290"}],"wp:term":[{"taxonomy":"category","embeddable":true,"href":"https:\/\/www.europesays.com\/fr\/wp-json\/wp\/v2\/categories?post=298290"},{"taxonomy":"post_tag","embeddable":true,"href":"https:\/\/www.europesays.com\/fr\/wp-json\/wp\/v2\/tags?post=298290"}],"curies":[{"name":"wp","href":"https:\/\/api.w.org\/{rel}","templated":true}]}}