{"id":298299,"date":"2025-08-05T14:54:11","date_gmt":"2025-08-05T14:54:11","guid":{"rendered":"https:\/\/www.europesays.com\/fr\/298299\/"},"modified":"2025-08-05T14:54:11","modified_gmt":"2025-08-05T14:54:11","slug":"laustralie-frappee-par-dimportantes-chutes-de-neige-ce-week-end","status":"publish","type":"post","link":"https:\/\/www.europesays.com\/fr\/298299\/","title":{"rendered":"L\u2019Australie frapp\u00e9e par d\u2019importantes chutes de neige ce week-end"},"content":{"rendered":"<p>Le nord de la Nouvelle-Galles du Sud et le sud du Queensland ont \u00e9t\u00e9 frapp\u00e9s par d\u2019importantes chutes de neige ce week-end.<\/p>\n<p class=\"fig-paragraph\">Plusieurs villes de l\u2019est de l\u2019Australie ont \u00e9t\u00e9 recouvertes ce week-end de la\u00a0<a href=\"https:\/\/photo.lefigaro.fr\/meteo\/une-rare-tempete-de-neige-deferle-aux-etats-unis-20250122\" data-fig-type=\"SlideShowResource\" data-gtm-custom-categorie=\"navigation\" data-gtm-custom-action=\"crossclick\" data-gtm-custom-label=\"Contextuel\" data-gtm-event=\"customEventSPE\" data-fig-domain=\"LEFIGARO\" rel=\"nofollow noopener\" target=\"_blank\">plus \u00e9paisse couche de neige<\/a>\u00a0depuis des d\u00e9cennies. Des intemp\u00e9ries extr\u00eames ont frapp\u00e9 la r\u00e9gion ce week-end, provoquant des inondations, immobilisant des v\u00e9hicules et coupant l\u2019\u00e9lectricit\u00e9 \u00e0 des milliers de foyers, ont indiqu\u00e9 le 3 ao\u00fbt les autorit\u00e9s.<\/p>\n<p class=\"fig-paragraph\">Un front d\u2019air froid a d\u00e9vers\u00e9 jusqu\u2019\u00e0 40 cm de neige sur certaines parties du nord de la Nouvelle-Galles du Sud samedi, \u00abla plus importante depuis le milieu des ann\u00e9es 1980\u00bb, a d\u00e9clar\u00e9 Miriam Bradbury, m\u00e9t\u00e9orologue au bureau m\u00e9t\u00e9orologique australien.<\/p>\n<p>                                    <a class=\"fig-a11y-skip a11y-hidden\" href=\"#fig-a11y-skip-main-inarticle\"><br \/>\n        Passer la publicit\u00e9<br \/>\n    <\/a><\/p>\n<p class=\"fig-paragraph\">La neige est \u00e9galement tomb\u00e9e dans certaines zones de l\u2019\u00c9tat voisin du Queensland pour la premi\u00e8re fois en dix ans, a-t-elle pr\u00e9cis\u00e9. \u00abLe\u00a0<a href=\"http:\/\/www.lefigaro.fr\/sciences\/une-nouvelle-arme-contre-le-changement-climatique-au-kenya-des-arbres-transforment-le-co2-en-pierre-20250723\" data-fig-type=\"Article\" data-gtm-custom-categorie=\"navigation\" data-gtm-custom-action=\"crossclick\" data-gtm-custom-label=\"Contextuel\" data-gtm-event=\"customEventSPE\" data-fig-domain=\"LEFIGARO\" rel=\"nofollow noopener\" target=\"_blank\">changement climatique<\/a> \u00a0a rendu la m\u00e9t\u00e9o australienne plus instable ces derni\u00e8res ann\u00e9es\u00bb, mais que \u00abce type d\u2019\u00e9v\u00e9nement s\u2019est d\u00e9j\u00e0 produit \u00e0 plusieurs reprises dans les archives historiques\u00bb, a expliqu\u00e9 Miriam Bradbury. \u00abCe qui rend cet \u00e9pisode inhabituel, c\u2019est \u00e0 la fois la quantit\u00e9 de neige tomb\u00e9e, mais aussi son \u00e9tendue, couvrant une grande partie des hauts plateaux du nord\u00bb, a-t-elle ajout\u00e9.<\/p>\n<p class=\"fig-paragraph\">Avec de fortes pluies frappant d\u2019autres r\u00e9gions, le Service d\u2019urgence de l\u2019\u00c9tat de Nouvelle-Galles du Sud a indiqu\u00e9 avoir r\u00e9pondu \u00e0 plus de 1455 incidents. Il a pr\u00e9cis\u00e9 que plus de 100 v\u00e9hicules avaient \u00e9t\u00e9 immobilis\u00e9s par la neige, que les temp\u00eates avaient endommag\u00e9 des b\u00e2timents et qu\u2019il avait \u00e9mis plusieurs alertes majeures d\u2019inondations.<\/p>\n<p class=\"fig-paragraph\">Des dizaines de milliers de foyers ont pass\u00e9 la nuit sans \u00e9lectricit\u00e9, a rapport\u00e9 la cha\u00eene publique Australian Broadcasting Corporation. La police de Nouvelle-Galles du Sud, l\u2019\u00c9tat le plus peupl\u00e9 d\u2019Australie, a indiqu\u00e9 qu\u2019une voiture s\u2019\u00e9tait retrouv\u00e9e coinc\u00e9e dans les eaux de crue samedi soir et qu\u2019une passag\u00e8re d\u2019une vingtaine d\u2019ann\u00e9es avait \u00e9t\u00e9 emport\u00e9e par les flots. Les recherches se poursuivaient dimanche, ont-ils pr\u00e9cis\u00e9.<\/p>\n<p>Alerte \u00abnoire\u00bb \u00e0 Hong-Kong<\/p>\n<p class=\"fig-paragraph\">Ailleurs sur la plan\u00e8te, d\u2019autres territoires subissent des intemp\u00e9ries impressionnantes. Des alertes maximales aux pluies torrentielles ont ainsi\u00a0<a href=\"http:\/\/www.lefigaro.fr\/sciences\/hong-kong-pekin-et-taiwan-sous-des-pluies-torrentielles-depuis-une-semaine-20250805\" data-fig-type=\"NewsFlash\" data-gtm-custom-categorie=\"navigation\" data-gtm-custom-action=\"crossclick\" data-gtm-custom-label=\"Contextuel\" data-gtm-event=\"customEventSPE\" data-fig-domain=\"LEFIGARO\" rel=\"nofollow noopener\" target=\"_blank\">\u00e9t\u00e9 \u00e9mises en Chine<\/a>\u00a0ce mardi 5 ao\u00fbt. Hong Kong\u00a0par exemple, ville c\u00f4ti\u00e8re du sud-est chinois, a \u00e9t\u00e9 plac\u00e9 au niveau d\u2019alerte\u00a0\u00abnoir\u00bb\u00a0(le plus haut) par les m\u00e9t\u00e9orologues pour la quatri\u00e8me fois en seulement quatre jours. Des abris temporaires ont \u00e9t\u00e9 ouverts et les cours suspendus dans les \u00e9tablissements scolaires. Hong Kong a enregistr\u00e9 un cumul de pr\u00e9cipitations jamais vu pour un mois d\u2019ao\u00fbt en plus de 140 ans, a annonc\u00e9 l\u2019agence m\u00e9t\u00e9orologique locale.<\/p>\n","protected":false},"excerpt":{"rendered":"Le nord de la Nouvelle-Galles du Sud et le sud du Queensland ont \u00e9t\u00e9 frapp\u00e9s par d\u2019importantes chutes&hellip;\n","protected":false},"author":2,"featured_media":298300,"comment_status":"","ping_status":"","sticky":false,"template":"","format":"standard","meta":{"footnotes":""},"categories":[5],"tags":[11,1011,27,14,2487,10584,12,28],"class_list":{"0":"post-298299","1":"post","2":"type-post","3":"status-publish","4":"format-standard","5":"has-post-thumbnail","7":"category-international","8":"tag-actualites","9":"tag-fr","10":"tag-france","11":"tag-international","12":"tag-meteo","13":"tag-neige","14":"tag-news","15":"tag-world"},"share_on_mastodon":{"url":"https:\/\/pubeurope.com\/@fr\/114976736145613700","error":""},"_links":{"self":[{"href":"https:\/\/www.europesays.com\/fr\/wp-json\/wp\/v2\/posts\/298299","targetHints":{"allow":["GET"]}}],"collection":[{"href":"https:\/\/www.europesays.com\/fr\/wp-json\/wp\/v2\/posts"}],"about":[{"href":"https:\/\/www.europesays.com\/fr\/wp-json\/wp\/v2\/types\/post"}],"author":[{"embeddable":true,"href":"https:\/\/www.europesays.com\/fr\/wp-json\/wp\/v2\/users\/2"}],"replies":[{"embeddable":true,"href":"https:\/\/www.europesays.com\/fr\/wp-json\/wp\/v2\/comments?post=298299"}],"version-history":[{"count":0,"href":"https:\/\/www.europesays.com\/fr\/wp-json\/wp\/v2\/posts\/298299\/revisions"}],"wp:featuredmedia":[{"embeddable":true,"href":"https:\/\/www.europesays.com\/fr\/wp-json\/wp\/v2\/media\/298300"}],"wp:attachment":[{"href":"https:\/\/www.europesays.com\/fr\/wp-json\/wp\/v2\/media?parent=298299"}],"wp:term":[{"taxonomy":"category","embeddable":true,"href":"https:\/\/www.europesays.com\/fr\/wp-json\/wp\/v2\/categories?post=298299"},{"taxonomy":"post_tag","embeddable":true,"href":"https:\/\/www.europesays.com\/fr\/wp-json\/wp\/v2\/tags?post=298299"}],"curies":[{"name":"wp","href":"https:\/\/api.w.org\/{rel}","templated":true}]}}