{"id":298304,"date":"2025-08-05T14:57:10","date_gmt":"2025-08-05T14:57:10","guid":{"rendered":"https:\/\/www.europesays.com\/fr\/298304\/"},"modified":"2025-08-05T14:57:10","modified_gmt":"2025-08-05T14:57:10","slug":"pourquoi-cet-elu-stephanois-demande-a-la-france-dagir","status":"publish","type":"post","link":"https:\/\/www.europesays.com\/fr\/298304\/","title":{"rendered":"pourquoi cet \u00e9lu st\u00e9phanois demande \u00e0 la France d&rsquo;agir"},"content":{"rendered":"<p>            Par<br \/>\n        <strong><br \/>\n            <a href=\"https:\/\/actu.fr\/auteur\/mathias-souteyrat\" title=\"Consulter tous les articles de Mathias Souteyrat\" target=\"_blank\" rel=\"noopener\">Mathias Souteyrat<\/a><br \/>\n        <\/strong><\/p>\n<p>        Publi\u00e9 le<\/p>\n<p>            5 ao\u00fbt 2025 \u00e0 15h51        <\/p>\n<p>Des <a href=\"https:\/\/actu.fr\/societe\/gachis-humain-une-petition-contre-la-destruction-de-millions-de-sterilets-voulue-par-donald-trump_62981303.html\" target=\"_blank\" rel=\"noopener\">st\u00e9rilets<\/a>, implants\u2026 <a href=\"https:\/\/actu.fr\/societe\/sterilets-implants-pourquoi-donald-trump-compte-detruire-des-millions-de-contraceptifs-en-france_62970526.html\" target=\"_blank\" rel=\"noopener\">Donald Trump, pr\u00e9sident des \u00c9tats-Unis<\/a>, s\u2019appr\u00eate \u00e0 faire d\u00e9truire, en France, des millions de contraceptifs f\u00e9minins encore utilisables, destin\u00e9s \u00e0 des pays pauvres. La d\u00e9cision a suscit\u00e9 un toll\u00e9 dont un \u00e9cho r\u00e9sonne tr\u00e8s fortement \u00e0 <a href=\"https:\/\/actu.fr\/saint-etienne\/\" target=\"_blank\" rel=\"noopener\">Saint-Etienne<\/a>.<\/p>\n<p class=\" wall-content\">Charles Dallara, adjoint au maire de la ville et surtout petit-fils de Lucien Neuwirth, homme politique qui a l\u00e9galis\u00e9 en France la contraception orale (la pilule) en 1967 par une loi qui porte son nom, a d\u00e9cid\u00e9 d\u2019en appeler publiquement, par deux fois, \u00e0 Emmanuel Macron.<\/p>\n<p>\u00ab\u2009Ne laissons pas ce droit des femmes acquis par Lucien Neuwirth, Simone Veil et tant d\u2019autres partir en fum\u00e9e\u2009\u00bb<\/p>\n<p class=\" wall-content\">Il \u00e9crit sur Facebook\u2009: \u00ab\u2009Ne laissons pas ce droit des femmes acquis par Lucien Neuwirth, Simone Veil et tant d\u2019autres partir en fum\u00e9e. Monsieur le Pr\u00e9sident Emmanuel Macron, il est temps d\u2019agir. Je m\u2019adresse \u00e0 nouveau \u00e0 vous avec gravit\u00e9 mais aussi avec respect. En tant qu\u2019\u00e9lu de la R\u00e9publique sans volont\u00e9 partisane, je porte aujourd\u2019hui une alerte qui ne peut rester ignor\u00e9e plus longtemps.\u2009\u00bb<\/p>\n<p>La ministre de la Sant\u00e9 affirme ne pouvoir rien faire<\/p>\n<p class=\" wall-content\">\u00ab\u2009C\u00f4t\u00e9 fran\u00e7ais, nous avons examin\u00e9 les moyens d\u2019action dont nous disposions, mais malheureusement, il n\u2019existe pas de base juridique permettant une intervention d\u2019une autorit\u00e9 sanitaire europ\u00e9enne et a fortiori de l\u2019Agence nationale de la s\u00e9curit\u00e9 du m\u00e9dicament (ANSM) pour r\u00e9cup\u00e9rer ces dispositifs m\u00e9dicaux\u2009\u00bb, a indiqu\u00e9 le minist\u00e8re de la Sant\u00e9, sollicit\u00e9 par l\u2019AFP.<\/p>\n<p class=\" wall-content\">Des propos qui ont fait bondir l\u2019\u00e9lu st\u00e9phanois :<\/p>\n<blockquote class=\"ac-article-quote wall-content\">\n<p>La communication technique trop polic\u00e9e et politiquement hors sol apport\u00e9e par le minist\u00e8re de la Sant\u00e9 ne r\u00e9pond absolument pas aux attentes soci\u00e9tales et humaines mondiales. Dans quelques heures, (peut-\u00eatre est-il d\u00e9j\u00e0 trop tard ? ) sur notre sol, des millions de pilules, implants et st\u00e9rilets encore parfaitement utilisables seront incin\u00e9r\u00e9s.<br \/>\nCes produits \u00e9taient destin\u00e9s, via l\u2019USAID, \u00e0 des millions de femmes priv\u00e9es d\u2019acc\u00e8s \u00e0 la contraception. Des ONG, m\u00eame l\u2019ONU, ont propos\u00e9 de les r\u00e9cup\u00e9rer. En vain. La France, aujourd\u2019hui, ne s\u2019y oppose pas et c\u2019est proprement inentendable. Tout ceci n\u2019est pas coh\u00e9rent\u202f!<\/p>\n<p>    <strong>Charles Dallara<\/strong>\n            <\/p><\/blockquote>\n<p class=\" wall-content\">Le minist\u00e8re a pr\u00e9cis\u00e9 ne pas avoir d\u2019information sur l\u2019endroit o\u00f9 doivent \u00eatre incin\u00e9r\u00e9s ces contraceptifs, certains m\u00e9dias anglo-saxons ayant \u00e9voqu\u00e9 une destruction pr\u00e9vue en France.<\/p>\n<p class=\" wall-content\">Selon plusieurs m\u00e9dias, ces contraceptifs, dont la valeur s\u2019\u00e9l\u00e8verait \u00e0 pr\u00e8s de <strong>10\u00a0millions<\/strong> de dollars, devaient \u00eatre incin\u00e9r\u00e9s \u00ab\u2009\u00e0 la fin juillet\u2009\u00bb en France par une entreprise sp\u00e9cialis\u00e9e dans la destruction des d\u00e9chets m\u00e9dicaux.<\/p>\n<p>Demande de suspendre en urgence cette destruction par d\u00e9cret<\/p>\n<p class=\" wall-content\">\u00ab\u00a0Il y a 60\u00a0ans, mon grand-p\u00e8re obtenait, apr\u00e8s un long entretien avec le <strong>g\u00e9n\u00e9ral De Gaulle<\/strong>, qui \u00e9tait loin d\u2019\u00eatre acquis d\u2019avance, son feu vert pour l\u00e9galiser la contraception en France.<br \/>Aujourd\u2019hui, c\u2019est \u00e0 vous que je demande une audience.\u00a0\u00bb<\/p>\n<p class=\" wall-content\">\n<p class=\" wall-content\">L\u2019\u00e9lu st\u00e9phanois demande\u2009:<\/p>\n<ul class=\" wall-content\">\n<li>\u00ab\u00a0de suspendre en urgence cette destruction par d\u00e9cret\u00a0\u00bb<\/li>\n<li>\u00ab\u00a0de faire honneur \u00e0 notre tradition humaniste et \u00e0 notre parole constitutionnelle\u00a0\u00bb<\/li>\n<\/ul>\n<p>Des politiques et ONG s\u2019insurgent<\/p>\n<p class=\" wall-content\">Interrog\u00e9 par The Guardian, le d\u00e9partement d\u2019\u00c9tat am\u00e9ricain a justifi\u00e9 sa d\u00e9cision de les d\u00e9truire en invoquant la \u00ab\u2009politique de Mexico\u2009\u00bb. Il a \u00e9galement mis en avant la question des dates d\u2019expiration des produits \u2013 mais selon des informations de presse, les contraceptifs expirent en r\u00e9alit\u00e9 entre avril\u00a02027 et septembre\u00a02031.<\/p>\n<p class=\" wall-content\">\u00ab\u2009Je ne vois pas qui en France peut accepter que cela se fasse\u2009\u00bb, avait estim\u00e9 la num\u00e9ro un des Verts, Marine Tondelier, sur BFMTV-RMC. \u00ab\u2009Il faut absolument qu\u2019on sache o\u00f9 \u00e7a va \u00eatre incin\u00e9r\u00e9.\u2009\u00bb<\/p>\n<p class=\" wall-content\">Plusieurs organisations internationales engag\u00e9es sur la question de la contraception ont indiqu\u00e9 avoir propos\u00e9, sans succ\u00e8s, \u00e0 l\u2019administration am\u00e9ricaine de lui racheter et de reconditionner les stocks de contraceptifs.<\/p>\n<p class=\" wall-content\">La Belgique a fait savoir qu\u2019elle avait engag\u00e9 des d\u00e9marches diplomatiques aupr\u00e8s des autorit\u00e9s am\u00e9ricaines et dit explorer toutes les \u00ab\u2009pistes possibles pour \u00e9viter la destruction de ces produits\u2009\u00bb.<\/p>\n<p class=\" wall-content\">Suivez toute l\u2019actualit\u00e9 de vos villes et m\u00e9dias favoris en vous inscrivant \u00e0 <a href=\"https:\/\/moncompte.actu.fr\" title=\"D\u00e9couvez Mon Actu\" rel=\"nofollow noopener\" data-trk=\"{&quot;cta&quot;:{&quot;action&quot;:&quot;https:\\\/\\\/moncompte.actu.fr&quot;,&quot;category&quot;:&quot;mon compte&quot;,&quot;from&quot;:&quot;article footer&quot;,&quot;name&quot;:&quot;Mon actu&quot;,&quot;type&quot;:&quot;cta&quot;}}\" target=\"_blank\">Mon Actu<\/a>.<\/p>\n","protected":false},"excerpt":{"rendered":"Par Mathias Souteyrat Publi\u00e9 le 5 ao\u00fbt 2025 \u00e0 15h51 Des st\u00e9rilets, implants\u2026 Donald Trump, pr\u00e9sident des \u00c9tats-Unis,&hellip;\n","protected":false},"author":2,"featured_media":298305,"comment_status":"","ping_status":"","sticky":false,"template":"","format":"standard","meta":{"footnotes":""},"categories":[9653],"tags":[1111,11,2430,75,6121,1777,674,1011,27,12,25,4001,71,104],"class_list":{"0":"post-298304","1":"post","2":"type-post","3":"status-publish","4":"format-standard","5":"has-post-thumbnail","7":"category-saint-etienne","8":"tag-actu","9":"tag-actualites","10":"tag-auvergne-rhone-alpes","11":"tag-donald-trump","12":"tag-droits-des-femmes","13":"tag-eu","14":"tag-europe","15":"tag-fr","16":"tag-france","17":"tag-news","18":"tag-republique-francaise","19":"tag-saint-etienne","20":"tag-sante","21":"tag-societe"},"share_on_mastodon":{"url":"https:\/\/pubeurope.com\/@fr\/114976747957894413","error":""},"_links":{"self":[{"href":"https:\/\/www.europesays.com\/fr\/wp-json\/wp\/v2\/posts\/298304","targetHints":{"allow":["GET"]}}],"collection":[{"href":"https:\/\/www.europesays.com\/fr\/wp-json\/wp\/v2\/posts"}],"about":[{"href":"https:\/\/www.europesays.com\/fr\/wp-json\/wp\/v2\/types\/post"}],"author":[{"embeddable":true,"href":"https:\/\/www.europesays.com\/fr\/wp-json\/wp\/v2\/users\/2"}],"replies":[{"embeddable":true,"href":"https:\/\/www.europesays.com\/fr\/wp-json\/wp\/v2\/comments?post=298304"}],"version-history":[{"count":0,"href":"https:\/\/www.europesays.com\/fr\/wp-json\/wp\/v2\/posts\/298304\/revisions"}],"wp:featuredmedia":[{"embeddable":true,"href":"https:\/\/www.europesays.com\/fr\/wp-json\/wp\/v2\/media\/298305"}],"wp:attachment":[{"href":"https:\/\/www.europesays.com\/fr\/wp-json\/wp\/v2\/media?parent=298304"}],"wp:term":[{"taxonomy":"category","embeddable":true,"href":"https:\/\/www.europesays.com\/fr\/wp-json\/wp\/v2\/categories?post=298304"},{"taxonomy":"post_tag","embeddable":true,"href":"https:\/\/www.europesays.com\/fr\/wp-json\/wp\/v2\/tags?post=298304"}],"curies":[{"name":"wp","href":"https:\/\/api.w.org\/{rel}","templated":true}]}}