{"id":298318,"date":"2025-08-05T15:05:13","date_gmt":"2025-08-05T15:05:13","guid":{"rendered":"https:\/\/www.europesays.com\/fr\/298318\/"},"modified":"2025-08-05T15:05:13","modified_gmt":"2025-08-05T15:05:13","slug":"9-ans-apres-rien-na-change-deplore-le-pere-dune-victime","status":"publish","type":"post","link":"https:\/\/www.europesays.com\/fr\/298318\/","title":{"rendered":"\u00ab\u00a09 ans apr\u00e8s, rien n&rsquo;a chang\u00e9\u00a0\u00bb, d\u00e9plore le p\u00e8re d&rsquo;une victime"},"content":{"rendered":"<p>    \u00c9crit par<\/p>\n<p>      <a class=\"authors__author__link\" href=\"https:\/\/france3-regions.franceinfo.fr\/redaction\/amandine-pointel\" data-name=\"Amandine Pointel\" data-region=\"https:\/\/france3-regions.franceinfo.fr\/normandie\/\" rel=\"nofollow noopener\" target=\"_blank\"><br \/>\n                Amandine Pointel<br \/>\n              <\/a>    <\/p>\n<p>      Publi\u00e9 le05\/08\/2025 \u00e0 16h12<\/p>\n<ul class=\"article-share--alt__lst\">\n<li class=\"article-share--alt__lst__itm\">\n<p>\t\t\t\tFrance3 R\u00e9gions sur Facebook (Nouvelle fen\u00eatre)<\/p>\n<\/li>\n<li class=\"article-share--alt__lst__itm\">\n<p>\t\t\t\tFrance3 R\u00e9gions sur whatsapp (Nouvelle fen\u00eatre)<\/p>\n<\/li>\n<li class=\"article-share--alt__lst__itm\">\n<p>\t\t\t\tcopier le lien<br \/>\n\t\t\t\tlien copi\u00e9<\/p>\n<\/li>\n<\/ul>\n<p class=\"article__intro\">Le 5 ao\u00fbt 2016, l&rsquo;incendie dans le bar Cuba Libre \u00e0 Rouen (Seine-Maritime) a co\u00fbt\u00e9 la vie \u00e0 14 jeunes. Neuf ans plus tard, les familles se battent toujours pour la m\u00e9moire des victimes et la s\u00e9curit\u00e9 dans les \u00e9tablissements de nuit. T\u00e9moignage.<\/p>\n<p>\n      La Quotidienne Soci\u00e9t\u00e9\n    <\/p>\n<p>\n      De la vie quotidienne aux grands enjeux, recevez tous les jours les sujets qui font la soci\u00e9t\u00e9 locale, comme la justice, l\u2019\u00e9ducation, la sant\u00e9 et la famille.\n    <\/p>\n<p>    France T\u00e9l\u00e9visions utilise votre adresse e-mail afin de vous envoyer la newsletter \u00ab\u00a0La Quotidienne Soci\u00e9t\u00e9\u00a0\u00bb. Vous pouvez vous d\u00e9sinscrire \u00e0 tout moment via le lien en bas de cette newsletter. <a target=\"_blank\" href=\"https:\/\/www.francetelevisions.fr\/groupe\/confidentialite\/politique-de-confidentialite\/politique-de-confidentialite-de-france-televisions-6503\" rel=\"nofollow noopener\">Notre politique de confidentialit\u00e9<\/a><\/p>\n<p>Le 5 ao\u00fbt 2016, un terrible incendie ravageait la cave du Cuba Libre, \u00e0 Rouen. Ce soir-l\u00e0, une bougie d\u2019anniversaire enflammait le sous-sol de l&rsquo;\u00e9tablissement transform\u00e9 en piste de danse. Les mat\u00e9riaux utilis\u00e9s pour l\u2019insonorisation \u00e9taient hautement inflammables, les travaux non d\u00e9clar\u00e9s, sans aucun contr\u00f4le de conformit\u00e9 en mati\u00e8re de s\u00e9curit\u00e9. Quatorze jeunes y perdaient la vie.<\/p>\n<p>Neuf ans plus tard, les familles n\u2019oublient rien.<\/p>\n<p>Dans l&rsquo;incendie, Johnny Autin a perdu M\u00e9gane, sa fille de 20 ans. Elle faisait des \u00e9tudes d\u2019assistante sociale. Pour son p\u00e8re, sa fille unique \u00e9tait son rep\u00e8re, sa raison de vivre. Neuf ans plus tard, la douleur est toujours aussi intense.<\/p>\n<p>\u00ab\u00a0J&rsquo;ai \u00e9volu\u00e9. Les premi\u00e8res ann\u00e9es, je suis tomb\u00e9 presque dans la folie, mais gr\u00e2ce \u00e0 ma psychologue qui m&rsquo;aide \u00e0 comprendre les choses, j&rsquo;\u00e9volue positivement, je suis plus serein, malgr\u00e9 la douleur\u00a0\u00bb, explique ainsi le p\u00e8re de M\u00e9gane. <\/p>\n<blockquote class=\"ftvi_content_quote\">\n<p class=\"ftvi_citation_quote\">C&rsquo;est de plus en plus compliqu\u00e9 \u00e0 la date anniversaire, je me dis que \u00e7a fait 9 ans que je n\u2019ai pas revu ma fille.<\/p>\n<\/blockquote>\n<p>Johnny s&rsquo;est m\u00eame accord\u00e9 des vacances, pour la premi\u00e8re fois depuis le drame. \u00ab\u00a0\u00c7a faisait 9 ans que je n&rsquo;\u00e9tais pas sorti de chez moi. Aujourd&rsquo;hui j&rsquo;arrive \u00e0 m&rsquo;accorder des soir\u00e9es avec des amis, j&rsquo;arrive m\u00eame \u00e0 rire, mais je culpabilise.\u00a0\u00bb<\/p>\n<p>Cet ancien \u00e9ducateur sur les chantiers d&rsquo;insertion est toujours en arr\u00eat maladie. Sous traitement depuis neuf ans, il n&rsquo;est pas en capacit\u00e9 de reprendre le travail.<\/p>\n<p>Aujourd&rsquo;hui, il continue d&rsquo;entretenir la m\u00e9moire de sa fille en se recueillant sur sa tombe. \u00ab\u00a0J&rsquo;y vais trois fois par mois. Y penser, c&rsquo;est dur, \u00eatre devant la st\u00e8le, voir ces dates inscrites sur le marbre, c&rsquo;est difficile.\u00a0\u00bb<\/p>\n<blockquote class=\"ftvi_content_quote\">\n<p class=\"ftvi_citation_quote\">On ne s\u2019en remet pas et je ne veux pas m\u2019en remettre, \u00e7a voudrait dire oublier.<\/p>\n<\/blockquote>\n<p><a data-article-figure=\"\" href=\"https:\/\/france3-regions.franceinfo.fr\/image\/DwzYfGxGQ1b5ezGqpfcM353EZko\/1920x1080\/regions\/2024\/08\/05\/claude-1659-00-00-01-17-66b0ecfcdf92f342383612.jpg\" data-pswp-width=\"1920\" data-pswp-height=\"1080\" target=\"_blank\" rel=\"nofollow noopener\"><\/p>\n<p>          <img width=\"600\" height=\"400\" class=\"article-image lazy\" data-src=\"https:\/\/www.europesays.com\/fr\/wp-content\/uploads\/2025\/08\/claude-1659-00-00-01-17-66b0ecfcdf92f342383612.jpg\" alt=\"Le papa de M\u00e9gane, victime de l'incendie du Cuba Libre, se recueille sur la st\u00e8le de sa fille.\" fetchpriority=\"high\" as=\"image\"\/><\/p>\n<p>\n            Le papa de M\u00e9gane, victime de l&rsquo;incendie du Cuba Libre, se recueille sur la st\u00e8le de sa fille.<br \/>\n                           \u2022<br \/>\n                                      \u00a9 France 3 Normandie\n                      <\/p>\n<p><\/a><\/p>\n<p>Johnny ressent toujours de la col\u00e8re envers les g\u00e9rants de l&rsquo;ancien \u00e9tablissement. Lors du proc\u00e8s, les familles apprendront gr\u00e2ce \u00e0 l\u2019audition des pompiers que les g\u00e9rants leur avaient menti notamment sur l\u2019issue de secours qui \u00e9tait ferm\u00e9e \u00e0 cl\u00e9. \u00ab\u00a0Nous avions le mat\u00e9riel et le temps n\u00e9cessaire pour sauver tout le monde\u00a0\u00bb, aurait d\u00e9clar\u00e9 l\u2019un d\u2019entre eux, selon le p\u00e8re de M\u00e9gane.<\/p>\n<p>Ces mots r\u00e9sonnent encore aujourd\u2019hui. \u00ab\u00a0Pourquoi ils ont menti aux pompiers, pourquoi ils ne l\u2019ont pas fait ? Cette question est dans notre esprit, on n\u2019aura jamais la r\u00e9ponse, c&rsquo;est intol\u00e9rable ! Ils n\u2019ont pas voulu le d\u00e9c\u00e8s de nos enfants volontairement mais ils n\u2019ont pas voulu les sauver volontairement.\u00a0\u00bb <\/p>\n<p>Johnny Autin nous rappelle que <a href=\"https:\/\/france3-regions.franceinfo.fr\/normandie\/seine-maritime\/rouen\/incendie-du-cuba-libre-5-ans-apres-le-drame-quels-enseignements-sur-la-securite-dans-les-bars-de-rouen-2205013.html\" target=\"_blank\" rel=\"noopener nofollow\">c\u2019\u00e9tait un lieu inadapt\u00e9, non conforme et clandestin.<\/a><\/p>\n<p>\u00ab\u00a0La justice n&rsquo;a pas fait son travail. Ils n&rsquo;ont pas \u00e9t\u00e9 condamn\u00e9s \u00e0 la hauteur de l&rsquo;acte qu&rsquo;ils ont commis\u00a0\u00bb, lance Johnny Autin. Ce dernier aimerait que la peine pour homicide involontaire avec circonstances aggravantes soit plus cons\u00e9quente (elle est actuellement de 5 ans).<\/p>\n<p>Ils avaient \u00e9t\u00e9 condamn\u00e9s \u00e0 5 ans d&#8217;emprisonnement dont 3 ans ferme. Finalement, les g\u00e9rants du\u00a0Cuba Libre \u00e0 Rouen\u00a0n&rsquo;auront fait que quelques mois de d\u00e9tention. Ils avaient b\u00e9n\u00e9fici\u00e9\u00a0d&rsquo;une lib\u00e9ration anticip\u00e9e et \u00e9taient sortis de prison le 12 janvier 2021.<\/p>\n<p>Au-del\u00e0 du proc\u00e8s, Johnny d\u00e9plore l\u2019absence de mesures concr\u00e8tes pour \u00e9viter qu\u2019un tel drame ne se reproduise. \u00ab\u00a0Au bout de 9 ans, rien n&rsquo;a boug\u00e9, on avait espoir que les choses changent en mati\u00e8re de s\u00e9curit\u00e9, ce n&rsquo;est toujours pas fait. On va continuer \u00e0 se battre.\u00a0\u00bb<\/p>\n<blockquote class=\"ftvi_content_quote\">\n<p class=\"ftvi_citation_quote\">Si on r\u00e9ussit \u00e0 changer la loi en mati\u00e8re de pr\u00e9venion et de contr\u00f4les s\u00e9rieux, \u00e7a, ce serait une petite victoire.<\/p>\n<p>Johnny Autin, p\u00e8re de M\u00e9gane<\/p>\n<\/blockquote>\n<p>Le p\u00e8re de M\u00e9gane r\u00e9clame \u00e9galement plus de contr\u00f4les dans les \u00e9tablissements de nuit, \u00ab\u00a0dans toute l&rsquo;ann\u00e9e, dans toute la France\u00a0\u00bb. <\/p>\n<p>\u00ab\u00a0Apr\u00e8s l&rsquo;incendie, il y avait eu plus de contr\u00f4les dans les bars \u00e0 Rouen, mais \u00e7a a dur\u00e9 un an ou deux pour satisfaire les familles. \u00c7a m&rsquo;aiderait beaucoup de changer les choses.\u00a0\u00bb<\/p>\n<p><a data-article-figure=\"\" href=\"https:\/\/france3-regions.franceinfo.fr\/image\/qStfY1onNlwWB2wy3_szvnjvuXE\/1920x1080\/regions\/2024\/08\/05\/megane-et-florian-66b0ed76a3bd1814652489.jpg\" data-pswp-width=\"1920\" data-pswp-height=\"1080\" target=\"_blank\" rel=\"nofollow noopener\"><\/p>\n<p>          <img width=\"600\" height=\"400\" class=\"article-image lazy\" data-src=\"https:\/\/www.europesays.com\/fr\/wp-content\/uploads\/2025\/08\/megane-et-florian-66b0ed76a3bd1814652489.jpg\" alt=\"M\u00e9gane et son petit ami Florian sont morts ensemble dans l'incendie du Cuba Libre le 6 ao\u00fbt 2016.\" fetchpriority=\"high\" as=\"image\"\/><\/p>\n<p>\n            M\u00e9gane et son petit ami Florian sont morts ensemble dans l&rsquo;incendie du Cuba Libre le 6 ao\u00fbt 2016.<br \/>\n                           \u2022<br \/>\n                                      \u00a9 France 3 Normandie\n                      <\/p>\n<p><\/a><\/p>\n<p>Ce mardi soir \u00e0 minuit, comme chaque ann\u00e9e, un d\u00e9p\u00f4t de fleurs et un moment de recueillement entre les proches des victimes se d\u00e9rouleront devant la st\u00e8le \u00e9rig\u00e9e sur les lieux du drame.<\/p>\n<p><a data-article-figure=\"\" href=\"https:\/\/france3-regions.franceinfo.fr\/image\/uwfgd6nn9N-tYhSC8D4E-ISU0-s\/2016x1134\/regions\/2020\/06\/09\/5edf6d8f393ab_stelle_cuba_libre_1-3907524.jpg\" data-pswp-width=\"2016\" data-pswp-height=\"1134\" target=\"_blank\" rel=\"nofollow noopener\"><\/p>\n<p>          <img width=\"600\" height=\"400\" class=\"article-image lazy\" data-src=\"https:\/\/www.europesays.com\/fr\/wp-content\/uploads\/2025\/08\/5edf6d8f393ab_stelle_cuba_libre_1-3907524.jpg\" alt=\"La st\u00e8le en hommage aux 14 victimes du Cuba Libre, \u00e9difi\u00e9e \u00e0 l'automne 2018\" fetchpriority=\"high\" as=\"image\"\/><\/p>\n<p>\n            La st\u00e8le en hommage aux 14 victimes du Cuba Libre, \u00e9difi\u00e9e \u00e0 l&rsquo;automne 2018<br \/>\n                           \u2022<br \/>\n                                      \u00a9 Sylvie Callier\n                      <\/p>\n<p><\/a><\/p>\n<p>\u00ab\u00a0Tous les ans, on vient se recueillir, \u00e7a fait 9 ans qu&rsquo;on fait comme \u00e7a, on d\u00eene ensemble, on se rend sur le lieu vers 23h45 et on y reste une bonne heure.\u00a0\u00bb<\/p>\n<p>2026 marquera les 10 ans de l&rsquo;incendie, les familles r\u00e9fl\u00e9chissent \u00e0 un \u00e9v\u00e8nement pour \u00ab\u00a0marquer le coup\u00a0\u00bb, indique Johnny Autin. \u00ab\u00a0Pour que \u00e7a ne tombe pas dans l&rsquo;oubli, pour qu&rsquo;un tel drame ne se reproduise pas\u00a0\u00bb.<\/p>\n","protected":false},"excerpt":{"rendered":"\u00c9crit par Amandine Pointel Publi\u00e9 le05\/08\/2025 \u00e0 16h12 France3 R\u00e9gions sur Facebook (Nouvelle fen\u00eatre) France3 R\u00e9gions sur whatsapp&hellip;\n","protected":false},"author":2,"featured_media":298319,"comment_status":"","ping_status":"","sticky":false,"template":"","format":"standard","meta":{"footnotes":""},"categories":[9587],"tags":[1111,11,1777,674,1011,27,12,5161,25,9590],"class_list":{"0":"post-298318","1":"post","2":"type-post","3":"status-publish","4":"format-standard","5":"has-post-thumbnail","7":"category-rouen","8":"tag-actu","9":"tag-actualites","10":"tag-eu","11":"tag-europe","12":"tag-fr","13":"tag-france","14":"tag-news","15":"tag-normandie","16":"tag-republique-francaise","17":"tag-rouen"},"share_on_mastodon":{"url":"https:\/\/pubeurope.com\/@fr\/114976779332331811","error":""},"_links":{"self":[{"href":"https:\/\/www.europesays.com\/fr\/wp-json\/wp\/v2\/posts\/298318","targetHints":{"allow":["GET"]}}],"collection":[{"href":"https:\/\/www.europesays.com\/fr\/wp-json\/wp\/v2\/posts"}],"about":[{"href":"https:\/\/www.europesays.com\/fr\/wp-json\/wp\/v2\/types\/post"}],"author":[{"embeddable":true,"href":"https:\/\/www.europesays.com\/fr\/wp-json\/wp\/v2\/users\/2"}],"replies":[{"embeddable":true,"href":"https:\/\/www.europesays.com\/fr\/wp-json\/wp\/v2\/comments?post=298318"}],"version-history":[{"count":0,"href":"https:\/\/www.europesays.com\/fr\/wp-json\/wp\/v2\/posts\/298318\/revisions"}],"wp:featuredmedia":[{"embeddable":true,"href":"https:\/\/www.europesays.com\/fr\/wp-json\/wp\/v2\/media\/298319"}],"wp:attachment":[{"href":"https:\/\/www.europesays.com\/fr\/wp-json\/wp\/v2\/media?parent=298318"}],"wp:term":[{"taxonomy":"category","embeddable":true,"href":"https:\/\/www.europesays.com\/fr\/wp-json\/wp\/v2\/categories?post=298318"},{"taxonomy":"post_tag","embeddable":true,"href":"https:\/\/www.europesays.com\/fr\/wp-json\/wp\/v2\/tags?post=298318"}],"curies":[{"name":"wp","href":"https:\/\/api.w.org\/{rel}","templated":true}]}}